{"id":1934,"date":"2020-06-12T08:02:21","date_gmt":"2020-06-12T08:02:21","guid":{"rendered":"https:\/\/marcali.plebania.hu\/?p=1934"},"modified":"2020-06-12T08:02:21","modified_gmt":"2020-06-12T08:02:21","slug":"hirdetesek-2020-06-14","status":"publish","type":"post","link":"https:\/\/marcali.plebania.hu\/?p=1934","title":{"rendered":"Hirdet\u00e9sek, 2020. 06. 14."},"content":{"rendered":"\n<ol class=\"wp-block-list\"><li>Ma\n\u00darnapja, az Olt\u00e1riszents\u00e9g \u00fcnnepe. A szentmise ut\u00e1n \u00farnapi k\u00f6rmenetet tartunk.<\/li><li>A\nh\u00e9ten keddt\u0151l-cs\u00fct\u00f6rt\u00f6kig 17 \u00f3rakor szentmise, p\u00e9ntek szombat 18 \u00f3rakor szentmise.<\/li><li>J\u00f6v\u0151\nvas\u00e1rnap mindh\u00e1rom templomban m\u00e1r lesz nyilv\u00e1nos liturgia: 9 \u00f3ra\npl\u00e9b\u00e1niatemplom, 11 \u00f3ra Gomba, 18 \u00f3ra B. Gizella templom. K\u00e9rn\u00e9m, hogy bels\u0151\nt\u00e9rben maszkot hozzanak magukkal.<\/li><li>Gy\u00f3n\u00e1si\nlehet\u0151s\u00e9g a szombat \u00e9s a vas\u00e1rnapi szentmis\u00e9k el\u0151tt.<\/li><li>R\u00f3zsaf\u00fcz\u00e9r\n\u00fajb\u00f3l kaphat\u00f3 feh\u00e9r \u00e9s fekete sz\u00ednben a pl\u00e9b\u00e1ni\u00e1n.<\/li><li>V\u00e1rjuk\nazok jelentkez\u00e9s\u00e9t, akiknek elmaradt a keresztel\u00e9s\u00fck \u00e9s a misesz\u00e1nd\u00e9kuk, hogy\negy \u00fajabb id\u0151pontot egyeztess\u00fcnk.<\/li><\/ol>\n","protected":false},"excerpt":{"rendered":"<p>Ma \u00darnapja, az Olt\u00e1riszents\u00e9g \u00fcnnepe. A szentmise ut\u00e1n \u00farnapi k\u00f6rmenetet tartunk. A h\u00e9ten keddt\u0151l-cs\u00fct\u00f6rt\u00f6kig 17 \u00f3rakor szentmise, p\u00e9ntek szombat 18 \u00f3rakor szentmise. J\u00f6v\u0151 vas\u00e1rnap mindh\u00e1rom templomban m\u00e1r lesz nyilv\u00e1nos liturgia: 9 \u00f3ra pl\u00e9b\u00e1niatemplom, 11 \u00f3ra Gomba, 18 \u00f3ra B. Gizella templom. K\u00e9rn\u00e9m, hogy bels\u0151 t\u00e9rben maszkot hozzanak magukkal. Gy\u00f3n\u00e1si lehet\u0151s\u00e9g a szombat \u00e9s a vas\u00e1rnapi szentmis\u00e9k el\u0151tt. R\u00f3zsaf\u00fcz\u00e9r \u00fajb\u00f3l kaphat\u00f3 feh\u00e9r \u00e9s fekete sz\u00ednben a pl\u00e9b\u00e1ni\u00e1n. V\u00e1rjuk azok jelentkez\u00e9s\u00e9t, akiknek elmaradt a keresztel\u00e9s\u00fck \u00e9s a misesz\u00e1nd\u00e9kuk, hogy egy \u00fajabb id\u0151pontot&#8230;<\/p>\n<p class=\"read-more\"><a class=\"btn btn-default\" href=\"https:\/\/marcali.plebania.hu\/?p=1934\"> Read More<span class=\"screen-reader-text\">  Read More<\/span><\/a><\/p>\n","protected":false},"author":2,"featured_media":0,"comment_status":"closed","ping_status":"open","sticky":false,"template":"","format":"standard","meta":{"footnotes":""},"categories":[1],"tags":[],"class_list":["post-1934","post","type-post","status-publish","format-standard","hentry","category-egyeb"],"_links":{"self":[{"href":"https:\/\/marcali.plebania.hu\/index.php?rest_route=\/wp\/v2\/posts\/1934","targetHints":{"allow":["GET"]}}],"collection":[{"href":"https:\/\/marcali.plebania.hu\/index.php?rest_route=\/wp\/v2\/posts"}],"about":[{"href":"https:\/\/marcali.plebania.hu\/index.php?rest_route=\/wp\/v2\/types\/post"}],"author":[{"embeddable":true,"href":"https:\/\/marcali.plebania.hu\/index.php?rest_route=\/wp\/v2\/users\/2"}],"replies":[{"embeddable":true,"href":"https:\/\/marcali.plebania.hu\/index.php?rest_route=%2Fwp%2Fv2%2Fcomments&post=1934"}],"version-history":[{"count":1,"href":"https:\/\/marcali.plebania.hu\/index.php?rest_route=\/wp\/v2\/posts\/1934\/revisions"}],"predecessor-version":[{"id":1935,"href":"https:\/\/marcali.plebania.hu\/index.php?rest_route=\/wp\/v2\/posts\/1934\/revisions\/1935"}],"wp:attachment":[{"href":"https:\/\/marcali.plebania.hu\/index.php?rest_route=%2Fwp%2Fv2%2Fmedia&parent=1934"}],"wp:term":[{"taxonomy":"category","embeddable":true,"href":"https:\/\/marcali.plebania.hu\/index.php?rest_route=%2Fwp%2Fv2%2Fcategories&post=1934"},{"taxonomy":"post_tag","embeddable":true,"href":"https:\/\/marcali.plebania.hu\/index.php?rest_route=%2Fwp%2Fv2%2Ftags&post=1934"}],"curies":[{"name":"wp","href":"https:\/\/api.w.org\/{rel}","templated":true}]}}