{"id":1936,"date":"2020-06-15T09:40:08","date_gmt":"2020-06-15T09:40:08","guid":{"rendered":"https:\/\/marcali.plebania.hu\/?p=1936"},"modified":"2020-06-15T09:40:08","modified_gmt":"2020-06-15T09:40:08","slug":"nyilvanos-szabadteri-szentmise-urnapjan","status":"publish","type":"post","link":"https:\/\/marcali.plebania.hu\/?p=1936","title":{"rendered":"Nyilv\u00e1nos szabadt\u00e9ri szentmise \u00darnapj\u00e1n"},"content":{"rendered":"\n<p>2020. j\u00fanius 14-\u00e9n vas\u00e1rnap, \u00darnapj\u00e1n \u00fajb\u00f3l 10 \u00f3rakor kezd\u0151d\u00f6tt a nyilv\u00e1nos istentisztelet a j\u00e1rv\u00e1ny\u00fcgyi int\u00e9zked\u00e9sek betart\u00e1s\u00e1val.<\/p>\n\n\n\n<figure class=\"wp-block-gallery columns-3 is-cropped wp-block-gallery-1 is-layout-flex wp-block-gallery-is-layout-flex\"><ul class=\"blocks-gallery-grid\"><li class=\"blocks-gallery-item\"><figure><img loading=\"lazy\" decoding=\"async\" width=\"1024\" height=\"683\" src=\"https:\/\/marcali.plebania.hu\/wp-content\/uploads\/2020\/06\/01-2-1024x683.jpg\" alt=\"\" data-id=\"1937\" data-link=\"https:\/\/marcali.plebania.hu\/?attachment_id=1937\" class=\"wp-image-1937\" srcset=\"https:\/\/marcali.plebania.hu\/wp-content\/uploads\/2020\/06\/01-2-1024x683.jpg 1024w, https:\/\/marcali.plebania.hu\/wp-content\/uploads\/2020\/06\/01-2-300x200.jpg 300w, https:\/\/marcali.plebania.hu\/wp-content\/uploads\/2020\/06\/01-2-768x512.jpg 768w, https:\/\/marcali.plebania.hu\/wp-content\/uploads\/2020\/06\/01-2-1536x1024.jpg 1536w, https:\/\/marcali.plebania.hu\/wp-content\/uploads\/2020\/06\/01-2-2048x1365.jpg 2048w, https:\/\/marcali.plebania.hu\/wp-content\/uploads\/2020\/06\/01-2-405x270.jpg 405w\" sizes=\"auto, (max-width: 1024px) 100vw, 1024px\" \/><\/figure><\/li><li class=\"blocks-gallery-item\"><figure><img loading=\"lazy\" decoding=\"async\" width=\"1024\" height=\"683\" src=\"https:\/\/marcali.plebania.hu\/wp-content\/uploads\/2020\/06\/03-1-1024x683.jpg\" alt=\"\" data-id=\"1938\" data-link=\"https:\/\/marcali.plebania.hu\/?attachment_id=1938\" class=\"wp-image-1938\" srcset=\"https:\/\/marcali.plebania.hu\/wp-content\/uploads\/2020\/06\/03-1-1024x683.jpg 1024w, https:\/\/marcali.plebania.hu\/wp-content\/uploads\/2020\/06\/03-1-300x200.jpg 300w, https:\/\/marcali.plebania.hu\/wp-content\/uploads\/2020\/06\/03-1-768x512.jpg 768w, https:\/\/marcali.plebania.hu\/wp-content\/uploads\/2020\/06\/03-1-1536x1024.jpg 1536w, https:\/\/marcali.plebania.hu\/wp-content\/uploads\/2020\/06\/03-1-2048x1365.jpg 2048w, https:\/\/marcali.plebania.hu\/wp-content\/uploads\/2020\/06\/03-1-405x270.jpg 405w\" sizes=\"auto, (max-width: 1024px) 100vw, 1024px\" \/><\/figure><\/li><li class=\"blocks-gallery-item\"><figure><img loading=\"lazy\" decoding=\"async\" width=\"1024\" height=\"683\" src=\"https:\/\/marcali.plebania.hu\/wp-content\/uploads\/2020\/06\/07-1024x683.jpg\" alt=\"\" data-id=\"1939\" data-link=\"https:\/\/marcali.plebania.hu\/?attachment_id=1939\" class=\"wp-image-1939\" srcset=\"https:\/\/marcali.plebania.hu\/wp-content\/uploads\/2020\/06\/07-1024x683.jpg 1024w, https:\/\/marcali.plebania.hu\/wp-content\/uploads\/2020\/06\/07-300x200.jpg 300w, https:\/\/marcali.plebania.hu\/wp-content\/uploads\/2020\/06\/07-768x512.jpg 768w, https:\/\/marcali.plebania.hu\/wp-content\/uploads\/2020\/06\/07-1536x1024.jpg 1536w, https:\/\/marcali.plebania.hu\/wp-content\/uploads\/2020\/06\/07-2048x1365.jpg 2048w, https:\/\/marcali.plebania.hu\/wp-content\/uploads\/2020\/06\/07-405x270.jpg 405w\" sizes=\"auto, (max-width: 1024px) 100vw, 1024px\" \/><\/figure><\/li><li class=\"blocks-gallery-item\"><figure><img loading=\"lazy\" decoding=\"async\" width=\"1024\" height=\"683\" src=\"https:\/\/marcali.plebania.hu\/wp-content\/uploads\/2020\/06\/05-1-1024x683.jpg\" alt=\"\" data-id=\"1940\" data-full-url=\"https:\/\/marcali.plebania.hu\/wp-content\/uploads\/2020\/06\/05-1-scaled.jpg\" data-link=\"https:\/\/marcali.plebania.hu\/?attachment_id=1940\" class=\"wp-image-1940\" srcset=\"https:\/\/marcali.plebania.hu\/wp-content\/uploads\/2020\/06\/05-1-1024x683.jpg 1024w, https:\/\/marcali.plebania.hu\/wp-content\/uploads\/2020\/06\/05-1-300x200.jpg 300w, https:\/\/marcali.plebania.hu\/wp-content\/uploads\/2020\/06\/05-1-768x512.jpg 768w, https:\/\/marcali.plebania.hu\/wp-content\/uploads\/2020\/06\/05-1-1536x1024.jpg 1536w, https:\/\/marcali.plebania.hu\/wp-content\/uploads\/2020\/06\/05-1-2048x1365.jpg 2048w, https:\/\/marcali.plebania.hu\/wp-content\/uploads\/2020\/06\/05-1-405x270.jpg 405w\" sizes=\"auto, (max-width: 1024px) 100vw, 1024px\" \/><\/figure><\/li><\/ul><\/figure>\n\n\n\n<p>Az \u00fcnnepi szentmis\u00e9t ez\u00fattal a R\u00f3mai Katolikus Pl\u00e9b\u00e1niahivatal el\u0151tt tartott\u00e1k meg a H\u0151s\u00f6k ter\u00e9n \u00e9s Boldog II. J\u00e1nos P\u00e1l p\u00e1pa t\u00e9ren az \u00f6reg f\u00e1k \u00e1rny\u00e9k\u00e1ban. Kiss Iv\u00e1n c. pr\u00e9post, esperes-pl\u00e9b\u00e1nos szentbesz\u00e9d\u00e9ben az utols\u00f3 vacsor\u00e1n J\u00e9zus \u00e1ltal alap\u00edtott Olt\u00e1riszents\u00e9gr\u0151l besz\u00e9lt, amikor J\u00e9zus a kenyeret az \u0151 test\u00e9nek, a bort pedig az \u0151 v\u00e9r\u00e9nek nevezte. Az Olt\u00e1riszents\u00e9g a szentmis\u00e9ben j\u00f6n l\u00e9tre, ahol Krisztus val\u00f3s\u00e1gosan van jelen. \u00darnapj\u00e1n mindig kiviszik az Olt\u00e1riszents\u00e9get az utc\u00e1kra \u00e9s a terekre, hogy \u00e1ld\u00e1st adjanak vele.<\/p>\n\n\n\n<figure class=\"wp-block-gallery columns-3 is-cropped wp-block-gallery-2 is-layout-flex wp-block-gallery-is-layout-flex\"><ul class=\"blocks-gallery-grid\"><li class=\"blocks-gallery-item\"><figure><img loading=\"lazy\" decoding=\"async\" width=\"1024\" height=\"683\" src=\"https:\/\/marcali.plebania.hu\/wp-content\/uploads\/2020\/06\/12-2-1024x683.jpg\" alt=\"\" data-id=\"1941\" data-link=\"https:\/\/marcali.plebania.hu\/?attachment_id=1941\" class=\"wp-image-1941\" srcset=\"https:\/\/marcali.plebania.hu\/wp-content\/uploads\/2020\/06\/12-2-1024x683.jpg 1024w, https:\/\/marcali.plebania.hu\/wp-content\/uploads\/2020\/06\/12-2-300x200.jpg 300w, https:\/\/marcali.plebania.hu\/wp-content\/uploads\/2020\/06\/12-2-768x512.jpg 768w, https:\/\/marcali.plebania.hu\/wp-content\/uploads\/2020\/06\/12-2-1536x1024.jpg 1536w, https:\/\/marcali.plebania.hu\/wp-content\/uploads\/2020\/06\/12-2-2048x1365.jpg 2048w, https:\/\/marcali.plebania.hu\/wp-content\/uploads\/2020\/06\/12-2-405x270.jpg 405w\" sizes=\"auto, (max-width: 1024px) 100vw, 1024px\" \/><\/figure><\/li><li class=\"blocks-gallery-item\"><figure><img loading=\"lazy\" decoding=\"async\" width=\"1024\" height=\"683\" src=\"https:\/\/marcali.plebania.hu\/wp-content\/uploads\/2020\/06\/13-3-1024x683.jpg\" alt=\"\" data-id=\"1942\" data-link=\"https:\/\/marcali.plebania.hu\/?attachment_id=1942\" class=\"wp-image-1942\" srcset=\"https:\/\/marcali.plebania.hu\/wp-content\/uploads\/2020\/06\/13-3-1024x683.jpg 1024w, https:\/\/marcali.plebania.hu\/wp-content\/uploads\/2020\/06\/13-3-300x200.jpg 300w, https:\/\/marcali.plebania.hu\/wp-content\/uploads\/2020\/06\/13-3-768x512.jpg 768w, https:\/\/marcali.plebania.hu\/wp-content\/uploads\/2020\/06\/13-3-1536x1024.jpg 1536w, https:\/\/marcali.plebania.hu\/wp-content\/uploads\/2020\/06\/13-3-2048x1365.jpg 2048w, https:\/\/marcali.plebania.hu\/wp-content\/uploads\/2020\/06\/13-3-405x270.jpg 405w\" sizes=\"auto, (max-width: 1024px) 100vw, 1024px\" \/><\/figure><\/li><li class=\"blocks-gallery-item\"><figure><img loading=\"lazy\" decoding=\"async\" width=\"1024\" height=\"683\" src=\"https:\/\/marcali.plebania.hu\/wp-content\/uploads\/2020\/06\/14-1024x683.jpg\" alt=\"\" data-id=\"1943\" data-link=\"https:\/\/marcali.plebania.hu\/?attachment_id=1943\" class=\"wp-image-1943\" srcset=\"https:\/\/marcali.plebania.hu\/wp-content\/uploads\/2020\/06\/14-1024x683.jpg 1024w, https:\/\/marcali.plebania.hu\/wp-content\/uploads\/2020\/06\/14-300x200.jpg 300w, https:\/\/marcali.plebania.hu\/wp-content\/uploads\/2020\/06\/14-768x512.jpg 768w, https:\/\/marcali.plebania.hu\/wp-content\/uploads\/2020\/06\/14-1536x1024.jpg 1536w, https:\/\/marcali.plebania.hu\/wp-content\/uploads\/2020\/06\/14-2048x1365.jpg 2048w, https:\/\/marcali.plebania.hu\/wp-content\/uploads\/2020\/06\/14-405x270.jpg 405w\" sizes=\"auto, (max-width: 1024px) 100vw, 1024px\" \/><\/figure><\/li><li class=\"blocks-gallery-item\"><figure><img loading=\"lazy\" decoding=\"async\" width=\"1024\" height=\"683\" src=\"https:\/\/marcali.plebania.hu\/wp-content\/uploads\/2020\/06\/18-1-1024x683.jpg\" alt=\"\" data-id=\"1944\" data-full-url=\"https:\/\/marcali.plebania.hu\/wp-content\/uploads\/2020\/06\/18-1-scaled.jpg\" data-link=\"https:\/\/marcali.plebania.hu\/?attachment_id=1944\" class=\"wp-image-1944\" srcset=\"https:\/\/marcali.plebania.hu\/wp-content\/uploads\/2020\/06\/18-1-1024x683.jpg 1024w, https:\/\/marcali.plebania.hu\/wp-content\/uploads\/2020\/06\/18-1-300x200.jpg 300w, https:\/\/marcali.plebania.hu\/wp-content\/uploads\/2020\/06\/18-1-768x512.jpg 768w, https:\/\/marcali.plebania.hu\/wp-content\/uploads\/2020\/06\/18-1-1536x1024.jpg 1536w, https:\/\/marcali.plebania.hu\/wp-content\/uploads\/2020\/06\/18-1-2048x1365.jpg 2048w, https:\/\/marcali.plebania.hu\/wp-content\/uploads\/2020\/06\/18-1-405x270.jpg 405w\" sizes=\"auto, (max-width: 1024px) 100vw, 1024px\" \/><\/figure><\/li><\/ul><\/figure>\n\n\n\n<p>Az id\u00e9n \u2013 a koronav\u00edrus-j\u00e1rv\u00e1nyra val\u00f3 tekintettel \u2013 mind\u00f6ssze egyetlen lombs\u00e1trat k\u00e9sz\u00edtettek el az egyh\u00e1zk\u00f6zs\u00e9g k\u00f6z\u00f6ss\u00e9geinek tagjai \u00e9s d\u00edsz\u00edtettek fel, majd Iv\u00e1n atya egy r\u00f6vid k\u00f6rmenettel v\u00e9gezte el a liturgi\u00e1t, s adott \u00e1ld\u00e1st a nagy sz\u00e1mban megjelent h\u00edvekre.<\/p>\n\n\n\n<figure class=\"wp-block-gallery columns-3 is-cropped wp-block-gallery-3 is-layout-flex wp-block-gallery-is-layout-flex\"><ul class=\"blocks-gallery-grid\"><li class=\"blocks-gallery-item\"><figure><img loading=\"lazy\" decoding=\"async\" width=\"1024\" height=\"683\" src=\"https:\/\/marcali.plebania.hu\/wp-content\/uploads\/2020\/06\/10-1024x683.jpg\" alt=\"\" data-id=\"1945\" data-link=\"https:\/\/marcali.plebania.hu\/?attachment_id=1945\" class=\"wp-image-1945\" srcset=\"https:\/\/marcali.plebania.hu\/wp-content\/uploads\/2020\/06\/10-1024x683.jpg 1024w, https:\/\/marcali.plebania.hu\/wp-content\/uploads\/2020\/06\/10-300x200.jpg 300w, https:\/\/marcali.plebania.hu\/wp-content\/uploads\/2020\/06\/10-768x512.jpg 768w, https:\/\/marcali.plebania.hu\/wp-content\/uploads\/2020\/06\/10-1536x1024.jpg 1536w, https:\/\/marcali.plebania.hu\/wp-content\/uploads\/2020\/06\/10-2048x1365.jpg 2048w, https:\/\/marcali.plebania.hu\/wp-content\/uploads\/2020\/06\/10-405x270.jpg 405w\" sizes=\"auto, (max-width: 1024px) 100vw, 1024px\" \/><\/figure><\/li><li class=\"blocks-gallery-item\"><figure><img loading=\"lazy\" decoding=\"async\" width=\"1024\" height=\"683\" src=\"https:\/\/marcali.plebania.hu\/wp-content\/uploads\/2020\/06\/20-1-1024x683.jpg\" alt=\"\" data-id=\"1946\" data-link=\"https:\/\/marcali.plebania.hu\/?attachment_id=1946\" class=\"wp-image-1946\" srcset=\"https:\/\/marcali.plebania.hu\/wp-content\/uploads\/2020\/06\/20-1-1024x683.jpg 1024w, https:\/\/marcali.plebania.hu\/wp-content\/uploads\/2020\/06\/20-1-300x200.jpg 300w, https:\/\/marcali.plebania.hu\/wp-content\/uploads\/2020\/06\/20-1-768x512.jpg 768w, https:\/\/marcali.plebania.hu\/wp-content\/uploads\/2020\/06\/20-1-1536x1024.jpg 1536w, https:\/\/marcali.plebania.hu\/wp-content\/uploads\/2020\/06\/20-1-2048x1365.jpg 2048w, https:\/\/marcali.plebania.hu\/wp-content\/uploads\/2020\/06\/20-1-405x270.jpg 405w\" sizes=\"auto, (max-width: 1024px) 100vw, 1024px\" \/><\/figure><\/li><li class=\"blocks-gallery-item\"><figure><img loading=\"lazy\" decoding=\"async\" width=\"1024\" height=\"683\" src=\"https:\/\/marcali.plebania.hu\/wp-content\/uploads\/2020\/06\/32-1-1024x683.jpg\" alt=\"\" data-id=\"1947\" data-link=\"https:\/\/marcali.plebania.hu\/?attachment_id=1947\" class=\"wp-image-1947\" srcset=\"https:\/\/marcali.plebania.hu\/wp-content\/uploads\/2020\/06\/32-1-1024x683.jpg 1024w, https:\/\/marcali.plebania.hu\/wp-content\/uploads\/2020\/06\/32-1-300x200.jpg 300w, https:\/\/marcali.plebania.hu\/wp-content\/uploads\/2020\/06\/32-1-768x512.jpg 768w, https:\/\/marcali.plebania.hu\/wp-content\/uploads\/2020\/06\/32-1-1536x1024.jpg 1536w, https:\/\/marcali.plebania.hu\/wp-content\/uploads\/2020\/06\/32-1-2048x1365.jpg 2048w, https:\/\/marcali.plebania.hu\/wp-content\/uploads\/2020\/06\/32-1-405x270.jpg 405w\" sizes=\"auto, (max-width: 1024px) 100vw, 1024px\" \/><\/figure><\/li><li class=\"blocks-gallery-item\"><figure><img loading=\"lazy\" decoding=\"async\" width=\"1024\" height=\"683\" src=\"https:\/\/marcali.plebania.hu\/wp-content\/uploads\/2020\/06\/44-1024x683.jpg\" alt=\"\" data-id=\"1948\" data-full-url=\"https:\/\/marcali.plebania.hu\/wp-content\/uploads\/2020\/06\/44-scaled.jpg\" data-link=\"https:\/\/marcali.plebania.hu\/?attachment_id=1948\" class=\"wp-image-1948\" srcset=\"https:\/\/marcali.plebania.hu\/wp-content\/uploads\/2020\/06\/44-1024x683.jpg 1024w, https:\/\/marcali.plebania.hu\/wp-content\/uploads\/2020\/06\/44-300x200.jpg 300w, https:\/\/marcali.plebania.hu\/wp-content\/uploads\/2020\/06\/44-768x512.jpg 768w, https:\/\/marcali.plebania.hu\/wp-content\/uploads\/2020\/06\/44-1536x1024.jpg 1536w, https:\/\/marcali.plebania.hu\/wp-content\/uploads\/2020\/06\/44-2048x1365.jpg 2048w, https:\/\/marcali.plebania.hu\/wp-content\/uploads\/2020\/06\/44-405x270.jpg 405w\" sizes=\"auto, (max-width: 1024px) 100vw, 1024px\" \/><\/figure><\/li><\/ul><\/figure>\n\n\n\n<p>Az \u00fcnnepi szentmis\u00e9n Kozma Kriszti\u00e1n Kazinczy-d\u00edjas versmond\u00f3, Balogh B\u00e1lint k\u00e1ntor \u00e9s a F\u00e9ny Gyermekei Zenekar m\u0171k\u00f6d\u00f6tt k\u00f6zre. A rendezv\u00e9ny zavartalan lebonyol\u00edt\u00e1s\u00e1t a Marcali Polg\u00e1r\u0151rs\u00e9g tagjai biztos\u00edtott\u00e1k.<\/p>\n\n\n\n<figure class=\"wp-block-gallery columns-3 is-cropped wp-block-gallery-4 is-layout-flex wp-block-gallery-is-layout-flex\"><ul class=\"blocks-gallery-grid\"><li class=\"blocks-gallery-item\"><figure><img loading=\"lazy\" decoding=\"async\" width=\"1024\" height=\"683\" src=\"https:\/\/marcali.plebania.hu\/wp-content\/uploads\/2020\/06\/46-1-1024x683.jpg\" alt=\"\" data-id=\"1949\" data-link=\"https:\/\/marcali.plebania.hu\/?attachment_id=1949\" class=\"wp-image-1949\" srcset=\"https:\/\/marcali.plebania.hu\/wp-content\/uploads\/2020\/06\/46-1-1024x683.jpg 1024w, https:\/\/marcali.plebania.hu\/wp-content\/uploads\/2020\/06\/46-1-300x200.jpg 300w, https:\/\/marcali.plebania.hu\/wp-content\/uploads\/2020\/06\/46-1-768x512.jpg 768w, https:\/\/marcali.plebania.hu\/wp-content\/uploads\/2020\/06\/46-1-1536x1024.jpg 1536w, https:\/\/marcali.plebania.hu\/wp-content\/uploads\/2020\/06\/46-1-2048x1365.jpg 2048w, https:\/\/marcali.plebania.hu\/wp-content\/uploads\/2020\/06\/46-1-405x270.jpg 405w\" sizes=\"auto, (max-width: 1024px) 100vw, 1024px\" \/><\/figure><\/li><li class=\"blocks-gallery-item\"><figure><img loading=\"lazy\" decoding=\"async\" width=\"1024\" height=\"683\" src=\"https:\/\/marcali.plebania.hu\/wp-content\/uploads\/2020\/06\/60-1024x683.jpg\" alt=\"\" data-id=\"1950\" data-link=\"https:\/\/marcali.plebania.hu\/?attachment_id=1950\" class=\"wp-image-1950\" srcset=\"https:\/\/marcali.plebania.hu\/wp-content\/uploads\/2020\/06\/60-1024x683.jpg 1024w, https:\/\/marcali.plebania.hu\/wp-content\/uploads\/2020\/06\/60-300x200.jpg 300w, https:\/\/marcali.plebania.hu\/wp-content\/uploads\/2020\/06\/60-768x512.jpg 768w, https:\/\/marcali.plebania.hu\/wp-content\/uploads\/2020\/06\/60-1536x1024.jpg 1536w, https:\/\/marcali.plebania.hu\/wp-content\/uploads\/2020\/06\/60-2048x1365.jpg 2048w, https:\/\/marcali.plebania.hu\/wp-content\/uploads\/2020\/06\/60-405x270.jpg 405w\" sizes=\"auto, (max-width: 1024px) 100vw, 1024px\" \/><\/figure><\/li><li class=\"blocks-gallery-item\"><figure><img loading=\"lazy\" decoding=\"async\" width=\"1024\" height=\"683\" src=\"https:\/\/marcali.plebania.hu\/wp-content\/uploads\/2020\/06\/52-1-1024x683.jpg\" alt=\"\" data-id=\"1951\" data-link=\"https:\/\/marcali.plebania.hu\/?attachment_id=1951\" class=\"wp-image-1951\" srcset=\"https:\/\/marcali.plebania.hu\/wp-content\/uploads\/2020\/06\/52-1-1024x683.jpg 1024w, https:\/\/marcali.plebania.hu\/wp-content\/uploads\/2020\/06\/52-1-300x200.jpg 300w, https:\/\/marcali.plebania.hu\/wp-content\/uploads\/2020\/06\/52-1-768x512.jpg 768w, https:\/\/marcali.plebania.hu\/wp-content\/uploads\/2020\/06\/52-1-1536x1024.jpg 1536w, https:\/\/marcali.plebania.hu\/wp-content\/uploads\/2020\/06\/52-1-2048x1365.jpg 2048w, https:\/\/marcali.plebania.hu\/wp-content\/uploads\/2020\/06\/52-1-405x270.jpg 405w\" sizes=\"auto, (max-width: 1024px) 100vw, 1024px\" \/><\/figure><\/li><li class=\"blocks-gallery-item\"><figure><img loading=\"lazy\" decoding=\"async\" width=\"1024\" height=\"683\" src=\"https:\/\/marcali.plebania.hu\/wp-content\/uploads\/2020\/06\/54-1-1024x683.jpg\" alt=\"\" data-id=\"1952\" data-full-url=\"https:\/\/marcali.plebania.hu\/wp-content\/uploads\/2020\/06\/54-1-scaled.jpg\" data-link=\"https:\/\/marcali.plebania.hu\/?attachment_id=1952\" class=\"wp-image-1952\" srcset=\"https:\/\/marcali.plebania.hu\/wp-content\/uploads\/2020\/06\/54-1-1024x683.jpg 1024w, https:\/\/marcali.plebania.hu\/wp-content\/uploads\/2020\/06\/54-1-300x200.jpg 300w, https:\/\/marcali.plebania.hu\/wp-content\/uploads\/2020\/06\/54-1-768x512.jpg 768w, https:\/\/marcali.plebania.hu\/wp-content\/uploads\/2020\/06\/54-1-1536x1024.jpg 1536w, https:\/\/marcali.plebania.hu\/wp-content\/uploads\/2020\/06\/54-1-2048x1365.jpg 2048w, https:\/\/marcali.plebania.hu\/wp-content\/uploads\/2020\/06\/54-1-405x270.jpg 405w\" sizes=\"auto, (max-width: 1024px) 100vw, 1024px\" \/><\/figure><\/li><\/ul><\/figure>\n\n\n\n<p>Iv\u00e1n\natya kihirdette, hogy j\u00f6v\u0151 vas\u00e1rnapt\u00f3l m\u00e1r vissza\u00e1ll a r\u00e9gi miserend Marcali\ntemplomaiban \u00e9s 9 \u00f3r\u00e1t\u00f3l a pl\u00e9b\u00e1niatemplomban, 11 \u00f3rakor Gomb\u00e1n, 18 \u00f3rakor\npedig a Boldog Gizella templomban lesznek megtartva a nyilv\u00e1nos\nistentiszteletek.<\/p>\n","protected":false},"excerpt":{"rendered":"<p>2020. j\u00fanius 14-\u00e9n vas\u00e1rnap, \u00darnapj\u00e1n \u00fajb\u00f3l 10 \u00f3rakor kezd\u0151d\u00f6tt a nyilv\u00e1nos istentisztelet a j\u00e1rv\u00e1ny\u00fcgyi int\u00e9zked\u00e9sek betart\u00e1s\u00e1val. Az \u00fcnnepi szentmis\u00e9t ez\u00fattal a R\u00f3mai Katolikus Pl\u00e9b\u00e1niahivatal el\u0151tt tartott\u00e1k meg a H\u0151s\u00f6k ter\u00e9n \u00e9s Boldog II. J\u00e1nos P\u00e1l p\u00e1pa t\u00e9ren az \u00f6reg f\u00e1k \u00e1rny\u00e9k\u00e1ban. Kiss Iv\u00e1n c. pr\u00e9post, esperes-pl\u00e9b\u00e1nos szentbesz\u00e9d\u00e9ben az utols\u00f3 vacsor\u00e1n J\u00e9zus \u00e1ltal alap\u00edtott Olt\u00e1riszents\u00e9gr\u0151l besz\u00e9lt, amikor J\u00e9zus a kenyeret az \u0151 test\u00e9nek, a bort pedig az \u0151 v\u00e9r\u00e9nek nevezte. Az Olt\u00e1riszents\u00e9g a szentmis\u00e9ben j\u00f6n l\u00e9tre, ahol Krisztus val\u00f3s\u00e1gosan van jelen&#8230;.<\/p>\n<p class=\"read-more\"><a class=\"btn btn-default\" href=\"https:\/\/marcali.plebania.hu\/?p=1936\"> Read More<span class=\"screen-reader-text\">  Read More<\/span><\/a><\/p>\n","protected":false},"author":2,"featured_media":0,"comment_status":"closed","ping_status":"open","sticky":false,"template":"","format":"standard","meta":{"footnotes":""},"categories":[1],"tags":[],"class_list":["post-1936","post","type-post","status-publish","format-standard","hentry","category-egyeb"],"_links":{"self":[{"href":"https:\/\/marcali.plebania.hu\/index.php?rest_route=\/wp\/v2\/posts\/1936","targetHints":{"allow":["GET"]}}],"collection":[{"href":"https:\/\/marcali.plebania.hu\/index.php?rest_route=\/wp\/v2\/posts"}],"about":[{"href":"https:\/\/marcali.plebania.hu\/index.php?rest_route=\/wp\/v2\/types\/post"}],"author":[{"embeddable":true,"href":"https:\/\/marcali.plebania.hu\/index.php?rest_route=\/wp\/v2\/users\/2"}],"replies":[{"embeddable":true,"href":"https:\/\/marcali.plebania.hu\/index.php?rest_route=%2Fwp%2Fv2%2Fcomments&post=1936"}],"version-history":[{"count":1,"href":"https:\/\/marcali.plebania.hu\/index.php?rest_route=\/wp\/v2\/posts\/1936\/revisions"}],"predecessor-version":[{"id":1953,"href":"https:\/\/marcali.plebania.hu\/index.php?rest_route=\/wp\/v2\/posts\/1936\/revisions\/1953"}],"wp:attachment":[{"href":"https:\/\/marcali.plebania.hu\/index.php?rest_route=%2Fwp%2Fv2%2Fmedia&parent=1936"}],"wp:term":[{"taxonomy":"category","embeddable":true,"href":"https:\/\/marcali.plebania.hu\/index.php?rest_route=%2Fwp%2Fv2%2Fcategories&post=1936"},{"taxonomy":"post_tag","embeddable":true,"href":"https:\/\/marcali.plebania.hu\/index.php?rest_route=%2Fwp%2Fv2%2Ftags&post=1936"}],"curies":[{"name":"wp","href":"https:\/\/api.w.org\/{rel}","templated":true}]}}