{"id":1954,"date":"2020-06-19T07:19:39","date_gmt":"2020-06-19T07:19:39","guid":{"rendered":"https:\/\/marcali.plebania.hu\/?p=1954"},"modified":"2020-06-19T08:29:47","modified_gmt":"2020-06-19T08:29:47","slug":"hirdetesek-2020-06-21","status":"publish","type":"post","link":"https:\/\/marcali.plebania.hu\/?p=1954","title":{"rendered":"Hirdet\u00e9sek, 2020. 06. 21."},"content":{"rendered":"\n<ol class=\"wp-block-list\"><li>Ma van az \u00e9vk\u00f6zi 12. vas\u00e1rnap. M\u00e1t\u00f3l\nvisszat\u00e9r\u00fcnk a szokott vas\u00e1rnapi miserendhez \u00e9s a liturgi\u00e1t a templomokban\ntartjuk: 9 \u00f3ra pl\u00e9b\u00e1niatemplom, 11 \u00f3ra Gomba, 18 \u00f3ra B. Gizella templom.<\/li><li>A h\u00e9ten keddt\u0151l-cs\u00fct\u00f6rt\u00f6kig 17 \u00f3rakor\nszentmise, p\u00e9ntek szombat 18 \u00f3rakor szentmise.<\/li><li>A k\u00f6vetkez\u0151 vas\u00e1rnap, mivel a gombai\ntemplom fel\u00faj\u00edt\u00e1sa megkezd\u0151dik, Gomb\u00e1n nem lesz szentmise.<\/li><li>Gy\u00f3n\u00e1si lehet\u0151s\u00e9g a szombat \u00e9s a\nvas\u00e1rnapi szentmis\u00e9k el\u0151tt.<\/li><li>V\u00e1rjuk azok jelentkez\u00e9s\u00e9t, akiknek\nelmaradt a keresztel\u00e9s\u00fck, esk\u00fcv\u0151j\u00fck \u00e9s a misesz\u00e1nd\u00e9kuk, hogy egy \u00fajabb\nid\u0151pontot egyeztess\u00fcnk.<\/li><li>A templomokban maszk visel\u00e9s csak\nakkor k\u00f6telez\u0151, ha nem tudjuk betartani a m\u00e1sf\u00e9l m\u00e9teres t\u00e1vols\u00e1got.<\/li><\/ol>\n","protected":false},"excerpt":{"rendered":"<p>Ma van az \u00e9vk\u00f6zi 12. vas\u00e1rnap. M\u00e1t\u00f3l visszat\u00e9r\u00fcnk a szokott vas\u00e1rnapi miserendhez \u00e9s a liturgi\u00e1t a templomokban tartjuk: 9 \u00f3ra pl\u00e9b\u00e1niatemplom, 11 \u00f3ra Gomba, 18 \u00f3ra B. Gizella templom. A h\u00e9ten keddt\u0151l-cs\u00fct\u00f6rt\u00f6kig 17 \u00f3rakor szentmise, p\u00e9ntek szombat 18 \u00f3rakor szentmise. A k\u00f6vetkez\u0151 vas\u00e1rnap, mivel a gombai templom fel\u00faj\u00edt\u00e1sa megkezd\u0151dik, Gomb\u00e1n nem lesz szentmise. Gy\u00f3n\u00e1si lehet\u0151s\u00e9g a szombat \u00e9s a vas\u00e1rnapi szentmis\u00e9k el\u0151tt. V\u00e1rjuk azok jelentkez\u00e9s\u00e9t, akiknek elmaradt a keresztel\u00e9s\u00fck, esk\u00fcv\u0151j\u00fck \u00e9s a misesz\u00e1nd\u00e9kuk, hogy egy \u00fajabb id\u0151pontot egyeztess\u00fcnk. A templomokban&#8230;<\/p>\n<p class=\"read-more\"><a class=\"btn btn-default\" href=\"https:\/\/marcali.plebania.hu\/?p=1954\"> Read More<span class=\"screen-reader-text\">  Read More<\/span><\/a><\/p>\n","protected":false},"author":2,"featured_media":0,"comment_status":"closed","ping_status":"open","sticky":false,"template":"","format":"standard","meta":{"footnotes":""},"categories":[1],"tags":[],"class_list":["post-1954","post","type-post","status-publish","format-standard","hentry","category-egyeb"],"_links":{"self":[{"href":"https:\/\/marcali.plebania.hu\/index.php?rest_route=\/wp\/v2\/posts\/1954","targetHints":{"allow":["GET"]}}],"collection":[{"href":"https:\/\/marcali.plebania.hu\/index.php?rest_route=\/wp\/v2\/posts"}],"about":[{"href":"https:\/\/marcali.plebania.hu\/index.php?rest_route=\/wp\/v2\/types\/post"}],"author":[{"embeddable":true,"href":"https:\/\/marcali.plebania.hu\/index.php?rest_route=\/wp\/v2\/users\/2"}],"replies":[{"embeddable":true,"href":"https:\/\/marcali.plebania.hu\/index.php?rest_route=%2Fwp%2Fv2%2Fcomments&post=1954"}],"version-history":[{"count":2,"href":"https:\/\/marcali.plebania.hu\/index.php?rest_route=\/wp\/v2\/posts\/1954\/revisions"}],"predecessor-version":[{"id":1956,"href":"https:\/\/marcali.plebania.hu\/index.php?rest_route=\/wp\/v2\/posts\/1954\/revisions\/1956"}],"wp:attachment":[{"href":"https:\/\/marcali.plebania.hu\/index.php?rest_route=%2Fwp%2Fv2%2Fmedia&parent=1954"}],"wp:term":[{"taxonomy":"category","embeddable":true,"href":"https:\/\/marcali.plebania.hu\/index.php?rest_route=%2Fwp%2Fv2%2Fcategories&post=1954"},{"taxonomy":"post_tag","embeddable":true,"href":"https:\/\/marcali.plebania.hu\/index.php?rest_route=%2Fwp%2Fv2%2Ftags&post=1954"}],"curies":[{"name":"wp","href":"https:\/\/api.w.org\/{rel}","templated":true}]}}