{"id":196,"date":"2018-02-10T18:34:24","date_gmt":"2018-02-10T18:34:24","guid":{"rendered":"https:\/\/marcali.plebania.hu\/?p=196"},"modified":"2018-04-24T18:34:51","modified_gmt":"2018-04-24T18:34:51","slug":"hittanos-farsang-az-x-hazban","status":"publish","type":"post","link":"https:\/\/marcali.plebania.hu\/?p=196","title":{"rendered":"Hittanos farsang az X-h\u00e1zban"},"content":{"rendered":"<p>2018. febru\u00e1r 10-\u00e9n, szombaton d\u00e9lut\u00e1n 13 \u00f3r\u00e1t\u00f3l az X-h\u00e1z nagyterm\u00e9ben farsangi b\u00e1lt rendeztek a marcali hittanos gyermekek r\u00e9sz\u00e9re. A telt h\u00e1zas rendezv\u00e9nyre mintegy 100 di\u00e1k j\u00f6tt el, t\u00f6bben a sz\u00fcleikkel, vagy nagysz\u00fcleikkel egy\u00fctt. Az als\u00f3 \u00e9s fels\u0151 tagozatos tanul\u00f3kat Kiss Iv\u00e1n c. pr\u00e9post, esperes-pl\u00e9b\u00e1nos k\u00f6sz\u00f6nt\u00f6tte, aki \u00f6r\u00f6mmel eml\u00edtette, hogy m\u00e1r r\u00e9gi hagyom\u00e1nya van az igen n\u00e9pszer\u0171 jelmezes b\u00e1lnak. A Katolikus Egyh\u00e1zban hamvaz\u00f3szerda el\u0151tti id\u0151szak m\u00e9g a vid\u00e1ms\u00e1g\u00e9, majd ut\u00e1na k\u00f6vetkezik a nagyb\u00f6jt, a h\u00fasv\u00e9tra val\u00f3 felk\u00e9sz\u00fcl\u00e9s ideje. Majd minden r\u00e9sztvev\u0151nek j\u00f3 sz\u00f3rakoz\u00e1st k\u00edv\u00e1nva megnyitotta a mulats\u00e1got. Ezut\u00e1n a hitoktat\u00f3k ir\u00e1ny\u00edt\u00e1s\u00e1val \u00e9s az egyh\u00e1zk\u00f6zs\u00e9g fiataljainak k\u00f6zrem\u0171k\u00f6d\u00e9s\u00e9vel megindult a jelmezverseny, ahol k\u00fcl\u00f6nf\u00e9le \u00f6tletes maskar\u00e1k vonultak fel, de voltak \u00f6n\u00e1ll\u00f3 csoportos produkci\u00f3k is. A sz\u00fcl\u0151kb\u0151l verbuv\u00e1lt zs\u0171ri neh\u00e9z helyzetben volt, de v\u00e9g\u00fcl a lelem\u00e9nyes megold\u00e1sokat d\u00edjazt\u00e1k. Az eredm\u00e9nyhirdet\u00e9s \u00e9s a nyerem\u00e9nyek \u00e1tad\u00e1sa ut\u00e1n m\u00e9g tov\u00e1bb fokoz\u00f3dott a hangulat k\u00f6z\u00f6s \u00e9nekl\u00e9ssel, f\u00e1nkev\u0151-versennyel, valamint olyan \u00fcgyess\u00e9gi j\u00e1t\u00e9kokkal, mint p\u00e9ld\u00e1ul a sz\u00e9kfoglal\u00f3 vagy a limb\u00f3. V\u00e9g\u00fcl tombolasorsol\u00e1ssal z\u00e1rult a rendezv\u00e9ny, melyen k\u00fcl\u00f6nf\u00e9le aj\u00e1nd\u00e9kokat, k\u00f6zt\u00fck \u00e9dess\u00e9geket, \u00edr\u00f3szereket, f\u00fczeteket, j\u00e1t\u00e9kokat stb. sorsoltak ki. A legnagyobb \u00e9rdekl\u0151d\u00e9st m\u00e9gis tal\u00e1n a f\u0151d\u00edj &#8211; egy nagyobb pl\u00fcssmaci &#8211; ir\u00e1nt mutatt\u00e1k a gyermekek, melynek egy kisl\u00e1ny lett a boldog tulajdonosa. A sok mozg\u00e1sban megf\u00e1radt di\u00e1kokat finomabbn\u00e1l-finomabb szendvicsekkel, s\u00fctem\u00e9nyekkel vend\u00e9gelt\u00e9k meg, valamint te\u00e1val \u00e9s friss\u00edt\u0151kkel k\u00edn\u00e1lt\u00e1k meg, az egyh\u00e1zk\u00f6zs\u00e9g, a sz\u00fcl\u00f6k \u00e9s a hitoktat\u00f3k j\u00f3volt\u00e1b\u00f3l. K\u00f6sz\u00f6net \u00e9rte mindenkinek!<img loading=\"lazy\" decoding=\"async\" class=\"alignnone size-full wp-image-197\" src=\"https:\/\/marcali.plebania.hu\/wp-content\/uploads\/2018\/04\/80211.jpg\" alt=\"\" width=\"1000\" height=\"667\" srcset=\"https:\/\/marcali.plebania.hu\/wp-content\/uploads\/2018\/04\/80211.jpg 1000w, https:\/\/marcali.plebania.hu\/wp-content\/uploads\/2018\/04\/80211-300x200.jpg 300w, https:\/\/marcali.plebania.hu\/wp-content\/uploads\/2018\/04\/80211-768x512.jpg 768w, https:\/\/marcali.plebania.hu\/wp-content\/uploads\/2018\/04\/80211-405x270.jpg 405w\" sizes=\"auto, (max-width: 1000px) 100vw, 1000px\" \/><\/p>\n","protected":false},"excerpt":{"rendered":"<p>2018. febru\u00e1r 10-\u00e9n, szombaton d\u00e9lut\u00e1n 13 \u00f3r\u00e1t\u00f3l az X-h\u00e1z nagyterm\u00e9ben farsangi b\u00e1lt rendeztek a marcali hittanos gyermekek r\u00e9sz\u00e9re. A telt h\u00e1zas rendezv\u00e9nyre mintegy 100 di\u00e1k j\u00f6tt el, t\u00f6bben a sz\u00fcleikkel, vagy nagysz\u00fcleikkel egy\u00fctt. Az als\u00f3 \u00e9s fels\u0151 tagozatos tanul\u00f3kat Kiss Iv\u00e1n c. pr\u00e9post, esperes-pl\u00e9b\u00e1nos k\u00f6sz\u00f6nt\u00f6tte, aki \u00f6r\u00f6mmel eml\u00edtette, hogy m\u00e1r r\u00e9gi hagyom\u00e1nya van az igen n\u00e9pszer\u0171 jelmezes b\u00e1lnak. A Katolikus Egyh\u00e1zban hamvaz\u00f3szerda el\u0151tti id\u0151szak m\u00e9g a vid\u00e1ms\u00e1g\u00e9, majd ut\u00e1na k\u00f6vetkezik a nagyb\u00f6jt, a h\u00fasv\u00e9tra val\u00f3 felk\u00e9sz\u00fcl\u00e9s ideje. Majd minden r\u00e9sztvev\u0151nek&#8230;<\/p>\n<p class=\"read-more\"><a class=\"btn btn-default\" href=\"https:\/\/marcali.plebania.hu\/?p=196\"> Read More<span class=\"screen-reader-text\">  Read More<\/span><\/a><\/p>\n","protected":false},"author":1,"featured_media":0,"comment_status":"closed","ping_status":"open","sticky":false,"template":"","format":"standard","meta":{"footnotes":""},"categories":[4],"tags":[],"class_list":["post-196","post","type-post","status-publish","format-standard","hentry","category-hirek"],"_links":{"self":[{"href":"https:\/\/marcali.plebania.hu\/index.php?rest_route=\/wp\/v2\/posts\/196","targetHints":{"allow":["GET"]}}],"collection":[{"href":"https:\/\/marcali.plebania.hu\/index.php?rest_route=\/wp\/v2\/posts"}],"about":[{"href":"https:\/\/marcali.plebania.hu\/index.php?rest_route=\/wp\/v2\/types\/post"}],"author":[{"embeddable":true,"href":"https:\/\/marcali.plebania.hu\/index.php?rest_route=\/wp\/v2\/users\/1"}],"replies":[{"embeddable":true,"href":"https:\/\/marcali.plebania.hu\/index.php?rest_route=%2Fwp%2Fv2%2Fcomments&post=196"}],"version-history":[{"count":1,"href":"https:\/\/marcali.plebania.hu\/index.php?rest_route=\/wp\/v2\/posts\/196\/revisions"}],"predecessor-version":[{"id":198,"href":"https:\/\/marcali.plebania.hu\/index.php?rest_route=\/wp\/v2\/posts\/196\/revisions\/198"}],"wp:attachment":[{"href":"https:\/\/marcali.plebania.hu\/index.php?rest_route=%2Fwp%2Fv2%2Fmedia&parent=196"}],"wp:term":[{"taxonomy":"category","embeddable":true,"href":"https:\/\/marcali.plebania.hu\/index.php?rest_route=%2Fwp%2Fv2%2Fcategories&post=196"},{"taxonomy":"post_tag","embeddable":true,"href":"https:\/\/marcali.plebania.hu\/index.php?rest_route=%2Fwp%2Fv2%2Ftags&post=196"}],"curies":[{"name":"wp","href":"https:\/\/api.w.org\/{rel}","templated":true}]}}