{"id":1961,"date":"2020-06-26T08:29:41","date_gmt":"2020-06-26T08:29:41","guid":{"rendered":"https:\/\/marcali.plebania.hu\/?p=1961"},"modified":"2020-06-28T08:23:53","modified_gmt":"2020-06-28T08:23:53","slug":"hirdetesek-2020-06-28","status":"publish","type":"post","link":"https:\/\/marcali.plebania.hu\/?p=1961","title":{"rendered":"Hirdet\u00e9sek, 2020. 06. 28."},"content":{"rendered":"\n<ol class=\"wp-block-list\"><li>Ma van az \u00e9vk\u00f6zi 13. vas\u00e1rnap.<\/li><li>H\u00e9tf\u0151n Szent P\u00e9ter \u00e9s Szent P\u00e1l apostolok \u00fcnnepe, a vas\u00e1rnap el\u0151esti szentmis\u00e9ben eml\u00e9kez\u00fcnk meg r\u00f3la.<\/li><li>Kedd, szerd\u00e1n  17 \u00f3rakor szentmise, p\u00e9nteken \u00e9s szombaton 18 \u00f3rakor vannak a szentmis\u00e9k.<\/li><li>P\u00e9nteken els\u0151 p\u00e9ntek, 17 \u00f3r\u00e1t\u00f3l gy\u00f3ntat\u00e1s. J\u00f3 id\u0151 eset\u00e9n a templomkertben. 17.30-kor szents\u00e9gim\u00e1d\u00e1s, 18 \u00f3rakor szentmise.<\/li><li>A k\u00f6vetkez\u0151 h\u00e9ten, j\u00falius 9-\u00e9n cs\u00fct\u00f6rt\u00f6k\u00f6n a Marcali Pl\u00e9b\u00e1nia fogadott szents\u00e9gim\u00e1d\u00e1si napja. A szents\u00e9gim\u00e1d\u00e1si r\u00e9szv\u00e9telre jelentkezni kell a templom bej\u00e1rat\u00e1n\u00e1l Kir\u00e1ly Jen\u0151 templomaty\u00e1n\u00e1l. K\u00e9rj\u00fck a h\u00edveket, hogy egy-egy \u00f3r\u00e1t v\u00e1llaljanak az Olt\u00e1riszents\u00e9g el\u0151tt.<\/li><\/ol>\n","protected":false},"excerpt":{"rendered":"<p>Ma van az \u00e9vk\u00f6zi 13. vas\u00e1rnap. H\u00e9tf\u0151n Szent P\u00e9ter \u00e9s Szent P\u00e1l apostolok \u00fcnnepe, a vas\u00e1rnap el\u0151esti szentmis\u00e9ben eml\u00e9kez\u00fcnk meg r\u00f3la. Kedd, szerd\u00e1n 17 \u00f3rakor szentmise, p\u00e9nteken \u00e9s szombaton 18 \u00f3rakor vannak a szentmis\u00e9k. P\u00e9nteken els\u0151 p\u00e9ntek, 17 \u00f3r\u00e1t\u00f3l gy\u00f3ntat\u00e1s. J\u00f3 id\u0151 eset\u00e9n a templomkertben. 17.30-kor szents\u00e9gim\u00e1d\u00e1s, 18 \u00f3rakor szentmise. A k\u00f6vetkez\u0151 h\u00e9ten, j\u00falius 9-\u00e9n cs\u00fct\u00f6rt\u00f6k\u00f6n a Marcali Pl\u00e9b\u00e1nia fogadott szents\u00e9gim\u00e1d\u00e1si napja. A szents\u00e9gim\u00e1d\u00e1si r\u00e9szv\u00e9telre jelentkezni kell a templom bej\u00e1rat\u00e1n\u00e1l Kir\u00e1ly Jen\u0151 templomaty\u00e1n\u00e1l. K\u00e9rj\u00fck a h\u00edveket, hogy egy-egy \u00f3r\u00e1t v\u00e1llaljanak&#8230;<\/p>\n<p class=\"read-more\"><a class=\"btn btn-default\" href=\"https:\/\/marcali.plebania.hu\/?p=1961\"> Read More<span class=\"screen-reader-text\">  Read More<\/span><\/a><\/p>\n","protected":false},"author":2,"featured_media":0,"comment_status":"closed","ping_status":"open","sticky":false,"template":"","format":"standard","meta":{"footnotes":""},"categories":[1],"tags":[],"class_list":["post-1961","post","type-post","status-publish","format-standard","hentry","category-egyeb"],"_links":{"self":[{"href":"https:\/\/marcali.plebania.hu\/index.php?rest_route=\/wp\/v2\/posts\/1961","targetHints":{"allow":["GET"]}}],"collection":[{"href":"https:\/\/marcali.plebania.hu\/index.php?rest_route=\/wp\/v2\/posts"}],"about":[{"href":"https:\/\/marcali.plebania.hu\/index.php?rest_route=\/wp\/v2\/types\/post"}],"author":[{"embeddable":true,"href":"https:\/\/marcali.plebania.hu\/index.php?rest_route=\/wp\/v2\/users\/2"}],"replies":[{"embeddable":true,"href":"https:\/\/marcali.plebania.hu\/index.php?rest_route=%2Fwp%2Fv2%2Fcomments&post=1961"}],"version-history":[{"count":3,"href":"https:\/\/marcali.plebania.hu\/index.php?rest_route=\/wp\/v2\/posts\/1961\/revisions"}],"predecessor-version":[{"id":1965,"href":"https:\/\/marcali.plebania.hu\/index.php?rest_route=\/wp\/v2\/posts\/1961\/revisions\/1965"}],"wp:attachment":[{"href":"https:\/\/marcali.plebania.hu\/index.php?rest_route=%2Fwp%2Fv2%2Fmedia&parent=1961"}],"wp:term":[{"taxonomy":"category","embeddable":true,"href":"https:\/\/marcali.plebania.hu\/index.php?rest_route=%2Fwp%2Fv2%2Fcategories&post=1961"},{"taxonomy":"post_tag","embeddable":true,"href":"https:\/\/marcali.plebania.hu\/index.php?rest_route=%2Fwp%2Fv2%2Ftags&post=1961"}],"curies":[{"name":"wp","href":"https:\/\/api.w.org\/{rel}","templated":true}]}}