{"id":1968,"date":"2020-07-04T10:33:29","date_gmt":"2020-07-04T10:33:29","guid":{"rendered":"https:\/\/marcali.plebania.hu\/?p=1968"},"modified":"2020-07-04T10:33:29","modified_gmt":"2020-07-04T10:33:29","slug":"hirdetesek-2020-07-05","status":"publish","type":"post","link":"https:\/\/marcali.plebania.hu\/?p=1968","title":{"rendered":"Hirdet\u00e9sek, 2020. 07. 05."},"content":{"rendered":"\n<p>1.&nbsp;&nbsp;&nbsp;&nbsp;&nbsp;Ma van az \u00e9vk\u00f6zi 14.vas\u00e1rnap<\/p>\n\n\n\n<p>2.&nbsp;&nbsp;&nbsp;&nbsp;&nbsp;A h\u00e9ten cs\u00fct\u00f6rt\u00f6k\u00f6n templomunk szents\u00e9gim\u00e1d\u00e1si napja. 10 \u00f3rakor szentmise, 11 \u00f3r\u00e1t\u00f3l szents\u00e9gim\u00e1d\u00e1s a &nbsp;hirdet\u0151t\u00e1bl\u00e1n kif\u00fcggesztett rend szerint. 18 \u00f3rakor szents\u00e9gelt\u00e9tel. Nap k\u00f6zben b\u00e1rki csatlakozhat az im\u00e1dkoz\u00f3khoz.<\/p>\n\n\n\n<p>3.&nbsp;&nbsp;&nbsp;&nbsp;&nbsp;P\u00e9nteken nincsen szents\u00e9gim\u00e1d\u00e1s, 18 \u00f3rakor lesz szentmise<\/p>\n\n\n\n<p>4.&nbsp;&nbsp;&nbsp;&nbsp;&nbsp;Szombaton 18 \u00f3rakor szentmise. .<\/p>\n\n\n\n<p>5.&nbsp;&nbsp;&nbsp;&nbsp;&nbsp;&nbsp;Megkezd\u0151d\u00f6tt a gombai templom bels\u0151 fel\u00faj\u00edt\u00e1sa. Jelenleg a villanyh\u00e1l\u00f3zat teljes cser\u00e9je folyik, majd vakolatlever\u00e9s, falszigetel\u00e9s. Ny\u00e1ron ez\u00e9rt&nbsp; Gomb\u00e1n a templomi liturgia sz\u00fcnetel. A gombaiak v\u00e1lasszanak m\u00e1sik templomot a munka elv\u00e9gz\u00e9s\u00e9ig.<\/p>\n\n\n\n<p>6.&nbsp;&nbsp;&nbsp;&nbsp;&nbsp;T\u00f6bben k\u00e9rdezik, hogy a tv-s mis\u00e9k \u00e9rv\u00e9nyes vas\u00e1rnapi mis\u00e9k-e. Abban az esetben ha valaki betegs\u00e9ge vagy \u00e9letkora miatt nem tud szem\u00e9lyesen r\u00e9szt venni.<\/p>\n\n\n\n<p>7.&nbsp;&nbsp;&nbsp;&nbsp;&nbsp;Els\u0151\u00e1ldoz\u00e1s, b\u00e9rm\u00e1l\u00e1s. M\u00e9g nem mer\u00fcnk \u0151szi id\u0151pontokat kit\u0171zni, mert nem tudjuk, hogy lesz-e j\u00e1rv\u00e1ny m\u00e1sodik hull\u00e1ma.<\/p>\n\n\n\n<p>8.&nbsp;&nbsp;&nbsp;&nbsp;&nbsp;Rem\u00e9nyeink szerint \u0151sszel elk\u00e9sz\u00fcl a II.&nbsp;J\u00e1nos P\u00e1l&nbsp;p\u00e1pa szobra. Szeretn\u00e9nk, ha sz\u00e9p alkot\u00e1st hagyn\u00e1nk az ut\u00f3korra.<\/p>\n\n\n\n<p>9.&nbsp;&nbsp;&nbsp;&nbsp;&nbsp;R\u00f3zsaf\u00fcz\u00e9rt rendeltem, j\u00f6v\u0151 vas\u00e1rnap rem\u00e9nyeink szerint kaphat\u00f3 lesz.<\/p>\n","protected":false},"excerpt":{"rendered":"<p>1.&nbsp;&nbsp;&nbsp;&nbsp;&nbsp;Ma van az \u00e9vk\u00f6zi 14.vas\u00e1rnap 2.&nbsp;&nbsp;&nbsp;&nbsp;&nbsp;A h\u00e9ten cs\u00fct\u00f6rt\u00f6k\u00f6n templomunk szents\u00e9gim\u00e1d\u00e1si napja. 10 \u00f3rakor szentmise, 11 \u00f3r\u00e1t\u00f3l szents\u00e9gim\u00e1d\u00e1s a &nbsp;hirdet\u0151t\u00e1bl\u00e1n kif\u00fcggesztett rend szerint. 18 \u00f3rakor szents\u00e9gelt\u00e9tel. Nap k\u00f6zben b\u00e1rki csatlakozhat az im\u00e1dkoz\u00f3khoz. 3.&nbsp;&nbsp;&nbsp;&nbsp;&nbsp;P\u00e9nteken nincsen szents\u00e9gim\u00e1d\u00e1s, 18 \u00f3rakor lesz szentmise 4.&nbsp;&nbsp;&nbsp;&nbsp;&nbsp;Szombaton 18 \u00f3rakor szentmise. . 5.&nbsp;&nbsp;&nbsp;&nbsp;&nbsp;&nbsp;Megkezd\u0151d\u00f6tt a gombai templom bels\u0151 fel\u00faj\u00edt\u00e1sa. Jelenleg a villanyh\u00e1l\u00f3zat teljes cser\u00e9je folyik, majd vakolatlever\u00e9s, falszigetel\u00e9s. Ny\u00e1ron ez\u00e9rt&nbsp; Gomb\u00e1n a templomi liturgia sz\u00fcnetel. A gombaiak v\u00e1lasszanak m\u00e1sik templomot a munka elv\u00e9gz\u00e9s\u00e9ig. 6.&nbsp;&nbsp;&nbsp;&nbsp;&nbsp;T\u00f6bben k\u00e9rdezik, hogy a tv-s mis\u00e9k \u00e9rv\u00e9nyes&#8230;<\/p>\n<p class=\"read-more\"><a class=\"btn btn-default\" href=\"https:\/\/marcali.plebania.hu\/?p=1968\"> Read More<span class=\"screen-reader-text\">  Read More<\/span><\/a><\/p>\n","protected":false},"author":2,"featured_media":0,"comment_status":"closed","ping_status":"open","sticky":false,"template":"","format":"standard","meta":{"footnotes":""},"categories":[1],"tags":[],"class_list":["post-1968","post","type-post","status-publish","format-standard","hentry","category-egyeb"],"_links":{"self":[{"href":"https:\/\/marcali.plebania.hu\/index.php?rest_route=\/wp\/v2\/posts\/1968","targetHints":{"allow":["GET"]}}],"collection":[{"href":"https:\/\/marcali.plebania.hu\/index.php?rest_route=\/wp\/v2\/posts"}],"about":[{"href":"https:\/\/marcali.plebania.hu\/index.php?rest_route=\/wp\/v2\/types\/post"}],"author":[{"embeddable":true,"href":"https:\/\/marcali.plebania.hu\/index.php?rest_route=\/wp\/v2\/users\/2"}],"replies":[{"embeddable":true,"href":"https:\/\/marcali.plebania.hu\/index.php?rest_route=%2Fwp%2Fv2%2Fcomments&post=1968"}],"version-history":[{"count":1,"href":"https:\/\/marcali.plebania.hu\/index.php?rest_route=\/wp\/v2\/posts\/1968\/revisions"}],"predecessor-version":[{"id":1969,"href":"https:\/\/marcali.plebania.hu\/index.php?rest_route=\/wp\/v2\/posts\/1968\/revisions\/1969"}],"wp:attachment":[{"href":"https:\/\/marcali.plebania.hu\/index.php?rest_route=%2Fwp%2Fv2%2Fmedia&parent=1968"}],"wp:term":[{"taxonomy":"category","embeddable":true,"href":"https:\/\/marcali.plebania.hu\/index.php?rest_route=%2Fwp%2Fv2%2Fcategories&post=1968"},{"taxonomy":"post_tag","embeddable":true,"href":"https:\/\/marcali.plebania.hu\/index.php?rest_route=%2Fwp%2Fv2%2Ftags&post=1968"}],"curies":[{"name":"wp","href":"https:\/\/api.w.org\/{rel}","templated":true}]}}