{"id":1970,"date":"2020-07-10T08:14:25","date_gmt":"2020-07-10T08:14:25","guid":{"rendered":"https:\/\/marcali.plebania.hu\/?p=1970"},"modified":"2020-07-10T08:14:25","modified_gmt":"2020-07-10T08:14:25","slug":"hirdetesek-2020-07-12","status":"publish","type":"post","link":"https:\/\/marcali.plebania.hu\/?p=1970","title":{"rendered":"Hirdet\u00e9sek, 2020. 07. 12."},"content":{"rendered":"\n<ol class=\"wp-block-list\"><li>Ma\nvan az \u00e9vk\u00f6zi 15. vas\u00e1rnap.<\/li><li>Cs\u00fct\u00f6rt\u00f6k\u00f6n\n17.30-kor az X-h\u00e1z nagyterm\u00e9be h\u00edvjuk \u00e9s v\u00e1rjuk a K\u00c9SZ Marcali Csoportj\u00e1nak\ntagjait tiszt\u00faj\u00edt\u00f3 gy\u0171l\u00e9sre.<\/li><li>P\u00e9nteken\n17.30 \u00f3rakor szents\u00e9gim\u00e1d\u00e1s, 18 \u00f3rakor szentmise.<\/li><li>Szombaton\n18 \u00f3rakor szentmise.<\/li><li>Ism\u00e9telten\nhirdetem, hogy a TV-n n\u00e9zett szentmis\u00e9k csak akkor \u00e9rv\u00e9nyesek, ha valaki beteg\n\u00e9s nem tud elj\u00f6nni a templomba.<\/li><li>R\u00f3zsaf\u00fcz\u00e9r\n\u00fajb\u00f3l kaphat\u00f3 a sekresty\u00e9ben \u00e9s a pl\u00e9b\u00e1ni\u00e1n.<\/li><li>A\nKrist\u00f3f-napi aut\u00f3\u00e1ld\u00e1s k\u00e9t h\u00e9t m\u00falva a 9 \u00f3r\u00e1s szentmise ut\u00e1n lesz a\npl\u00e9b\u00e1niatemplom el\u0151tt.<\/li><li>Megkezd\u0151d\u00f6tt\na gombai templom bels\u0151 fel\u00faj\u00edt\u00e1sa. Jelenleg a villanyh\u00e1l\u00f3zat teljes cser\u00e9je\nfolyik, majd vakolatlever\u00e9s, falszigetel\u00e9s. Ny\u00e1ron ez\u00e9rt Gomb\u00e1n a templomi\nliturgia sz\u00fcnetel. A gombaiak v\u00e1lasszanak m\u00e1sik templomot a munka elv\u00e9gz\u00e9s\u00e9ig.<\/li><\/ol>\n","protected":false},"excerpt":{"rendered":"<p>Ma van az \u00e9vk\u00f6zi 15. vas\u00e1rnap. Cs\u00fct\u00f6rt\u00f6k\u00f6n 17.30-kor az X-h\u00e1z nagyterm\u00e9be h\u00edvjuk \u00e9s v\u00e1rjuk a K\u00c9SZ Marcali Csoportj\u00e1nak tagjait tiszt\u00faj\u00edt\u00f3 gy\u0171l\u00e9sre. P\u00e9nteken 17.30 \u00f3rakor szents\u00e9gim\u00e1d\u00e1s, 18 \u00f3rakor szentmise. Szombaton 18 \u00f3rakor szentmise. Ism\u00e9telten hirdetem, hogy a TV-n n\u00e9zett szentmis\u00e9k csak akkor \u00e9rv\u00e9nyesek, ha valaki beteg \u00e9s nem tud elj\u00f6nni a templomba. R\u00f3zsaf\u00fcz\u00e9r \u00fajb\u00f3l kaphat\u00f3 a sekresty\u00e9ben \u00e9s a pl\u00e9b\u00e1ni\u00e1n. A Krist\u00f3f-napi aut\u00f3\u00e1ld\u00e1s k\u00e9t h\u00e9t m\u00falva a 9 \u00f3r\u00e1s szentmise ut\u00e1n lesz a pl\u00e9b\u00e1niatemplom el\u0151tt. Megkezd\u0151d\u00f6tt a gombai templom bels\u0151 fel\u00faj\u00edt\u00e1sa&#8230;.<\/p>\n<p class=\"read-more\"><a class=\"btn btn-default\" href=\"https:\/\/marcali.plebania.hu\/?p=1970\"> Read More<span class=\"screen-reader-text\">  Read More<\/span><\/a><\/p>\n","protected":false},"author":2,"featured_media":0,"comment_status":"closed","ping_status":"open","sticky":false,"template":"","format":"standard","meta":{"footnotes":""},"categories":[1],"tags":[],"class_list":["post-1970","post","type-post","status-publish","format-standard","hentry","category-egyeb"],"_links":{"self":[{"href":"https:\/\/marcali.plebania.hu\/index.php?rest_route=\/wp\/v2\/posts\/1970","targetHints":{"allow":["GET"]}}],"collection":[{"href":"https:\/\/marcali.plebania.hu\/index.php?rest_route=\/wp\/v2\/posts"}],"about":[{"href":"https:\/\/marcali.plebania.hu\/index.php?rest_route=\/wp\/v2\/types\/post"}],"author":[{"embeddable":true,"href":"https:\/\/marcali.plebania.hu\/index.php?rest_route=\/wp\/v2\/users\/2"}],"replies":[{"embeddable":true,"href":"https:\/\/marcali.plebania.hu\/index.php?rest_route=%2Fwp%2Fv2%2Fcomments&post=1970"}],"version-history":[{"count":1,"href":"https:\/\/marcali.plebania.hu\/index.php?rest_route=\/wp\/v2\/posts\/1970\/revisions"}],"predecessor-version":[{"id":1971,"href":"https:\/\/marcali.plebania.hu\/index.php?rest_route=\/wp\/v2\/posts\/1970\/revisions\/1971"}],"wp:attachment":[{"href":"https:\/\/marcali.plebania.hu\/index.php?rest_route=%2Fwp%2Fv2%2Fmedia&parent=1970"}],"wp:term":[{"taxonomy":"category","embeddable":true,"href":"https:\/\/marcali.plebania.hu\/index.php?rest_route=%2Fwp%2Fv2%2Fcategories&post=1970"},{"taxonomy":"post_tag","embeddable":true,"href":"https:\/\/marcali.plebania.hu\/index.php?rest_route=%2Fwp%2Fv2%2Ftags&post=1970"}],"curies":[{"name":"wp","href":"https:\/\/api.w.org\/{rel}","templated":true}]}}