{"id":1972,"date":"2020-07-17T09:57:37","date_gmt":"2020-07-17T09:57:37","guid":{"rendered":"https:\/\/marcali.plebania.hu\/?p=1972"},"modified":"2020-07-17T09:57:37","modified_gmt":"2020-07-17T09:57:37","slug":"puspoki-vizit-marcaliban","status":"publish","type":"post","link":"https:\/\/marcali.plebania.hu\/?p=1972","title":{"rendered":"P\u00fcsp\u00f6ki vizit Marcaliban"},"content":{"rendered":"\n<p>J\u00falius 15-\u00e9n Varga L\u00e1szl\u00f3 megy\u00e9sp\u00fcsp\u00f6k l\u00e1togat\u00e1st tett Marcaliban. Nemcsak a pl\u00e9b\u00e1ni\u00e1t kereste fel, hanem tal\u00e1lkozott dr. S\u00fcl\u0151 L\u00e1szl\u00f3 Marcali polg\u00e1rmesterrel a t\u00f6rt\u00e9nelmi egyh\u00e1zak k\u00e9pvisel\u0151j\u00e9vel \u00e9s a pl\u00e9b\u00e1nos munkat\u00e1rsaival \u00e9s seg\u00edt\u0151ivel is. A p\u00fcsp\u00f6k nem j\u00f6tt \u00fcres k\u00e9zzel, mindenkit megaj\u00e1nd\u00e9kozott egy \u00e1ltala \u00edrt lelkigyakorlatos k\u00f6nyvvel.<\/p>\n\n\n\n<figure class=\"wp-block-gallery columns-3 is-cropped wp-block-gallery-1 is-layout-flex wp-block-gallery-is-layout-flex\"><ul class=\"blocks-gallery-grid\"><li class=\"blocks-gallery-item\"><figure><img loading=\"lazy\" decoding=\"async\" width=\"1024\" height=\"683\" src=\"https:\/\/marcali.plebania.hu\/wp-content\/uploads\/2020\/07\/01-1024x683.jpg\" alt=\"\" data-id=\"1973\" data-link=\"https:\/\/marcali.plebania.hu\/?attachment_id=1973\" class=\"wp-image-1973\" srcset=\"https:\/\/marcali.plebania.hu\/wp-content\/uploads\/2020\/07\/01-1024x683.jpg 1024w, https:\/\/marcali.plebania.hu\/wp-content\/uploads\/2020\/07\/01-300x200.jpg 300w, https:\/\/marcali.plebania.hu\/wp-content\/uploads\/2020\/07\/01-768x512.jpg 768w, https:\/\/marcali.plebania.hu\/wp-content\/uploads\/2020\/07\/01-1536x1024.jpg 1536w, https:\/\/marcali.plebania.hu\/wp-content\/uploads\/2020\/07\/01-2048x1365.jpg 2048w, https:\/\/marcali.plebania.hu\/wp-content\/uploads\/2020\/07\/01-405x270.jpg 405w\" sizes=\"auto, (max-width: 1024px) 100vw, 1024px\" \/><\/figure><\/li><li class=\"blocks-gallery-item\"><figure><img loading=\"lazy\" decoding=\"async\" width=\"1024\" height=\"683\" src=\"https:\/\/marcali.plebania.hu\/wp-content\/uploads\/2020\/07\/05-1024x683.jpg\" alt=\"\" data-id=\"1974\" data-link=\"https:\/\/marcali.plebania.hu\/?attachment_id=1974\" class=\"wp-image-1974\" srcset=\"https:\/\/marcali.plebania.hu\/wp-content\/uploads\/2020\/07\/05-1024x683.jpg 1024w, https:\/\/marcali.plebania.hu\/wp-content\/uploads\/2020\/07\/05-300x200.jpg 300w, https:\/\/marcali.plebania.hu\/wp-content\/uploads\/2020\/07\/05-768x512.jpg 768w, https:\/\/marcali.plebania.hu\/wp-content\/uploads\/2020\/07\/05-1536x1024.jpg 1536w, https:\/\/marcali.plebania.hu\/wp-content\/uploads\/2020\/07\/05-2048x1365.jpg 2048w, https:\/\/marcali.plebania.hu\/wp-content\/uploads\/2020\/07\/05-405x270.jpg 405w\" sizes=\"auto, (max-width: 1024px) 100vw, 1024px\" \/><\/figure><\/li><li class=\"blocks-gallery-item\"><figure><img loading=\"lazy\" decoding=\"async\" width=\"1024\" height=\"683\" src=\"https:\/\/marcali.plebania.hu\/wp-content\/uploads\/2020\/07\/06-1024x683.jpg\" alt=\"\" data-id=\"1975\" data-link=\"https:\/\/marcali.plebania.hu\/?attachment_id=1975\" class=\"wp-image-1975\" srcset=\"https:\/\/marcali.plebania.hu\/wp-content\/uploads\/2020\/07\/06-1024x683.jpg 1024w, https:\/\/marcali.plebania.hu\/wp-content\/uploads\/2020\/07\/06-300x200.jpg 300w, https:\/\/marcali.plebania.hu\/wp-content\/uploads\/2020\/07\/06-768x512.jpg 768w, https:\/\/marcali.plebania.hu\/wp-content\/uploads\/2020\/07\/06-1536x1024.jpg 1536w, https:\/\/marcali.plebania.hu\/wp-content\/uploads\/2020\/07\/06-2048x1365.jpg 2048w, https:\/\/marcali.plebania.hu\/wp-content\/uploads\/2020\/07\/06-405x270.jpg 405w\" sizes=\"auto, (max-width: 1024px) 100vw, 1024px\" \/><\/figure><\/li><li class=\"blocks-gallery-item\"><figure><img loading=\"lazy\" decoding=\"async\" width=\"1024\" height=\"683\" src=\"https:\/\/marcali.plebania.hu\/wp-content\/uploads\/2020\/07\/08-1024x683.jpg\" alt=\"\" data-id=\"1976\" data-full-url=\"https:\/\/marcali.plebania.hu\/wp-content\/uploads\/2020\/07\/08-scaled.jpg\" data-link=\"https:\/\/marcali.plebania.hu\/?attachment_id=1976\" class=\"wp-image-1976\" srcset=\"https:\/\/marcali.plebania.hu\/wp-content\/uploads\/2020\/07\/08-1024x683.jpg 1024w, https:\/\/marcali.plebania.hu\/wp-content\/uploads\/2020\/07\/08-300x200.jpg 300w, https:\/\/marcali.plebania.hu\/wp-content\/uploads\/2020\/07\/08-768x512.jpg 768w, https:\/\/marcali.plebania.hu\/wp-content\/uploads\/2020\/07\/08-1536x1024.jpg 1536w, https:\/\/marcali.plebania.hu\/wp-content\/uploads\/2020\/07\/08-2048x1365.jpg 2048w, https:\/\/marcali.plebania.hu\/wp-content\/uploads\/2020\/07\/08-405x270.jpg 405w\" sizes=\"auto, (max-width: 1024px) 100vw, 1024px\" \/><\/figure><\/li><\/ul><\/figure>\n\n\n\n<p>A megy\u00e9sp\u00fcsp\u00f6k el\u0151sz\u00f6r a pl\u00e9b\u00e1ni\u00e1ra \u00e9rkezett, ahol r\u00f6vid besz\u00e9lget\u00e9st folytatott Kiss Iv\u00e1n esperes-pl\u00e9b\u00e1nossal, majd a pl\u00e9b\u00e1nia irod\u00e1j\u00e1ban dolgoz\u00f3 Kiss K\u00e1lm\u00e1n irodavezet\u0151t \u00e9s J\u00e1ki Zolt\u00e1nn\u00e9t, a pl\u00e9b\u00e1nia k\u00f6nyvel\u0151j\u00e9t l\u00e1togatta meg \u00e9s besz\u00e9lgetett el vel\u00fck. Majd a pl\u00e9b\u00e1niatemplomban Kir\u00e1ly Jen\u0151 templomgondnokkal \u00e9s D\u00f6brei S\u00e1ndorn\u00e9 sekresty\u00e9ssel tal\u00e1lkozott. A megy\u00e9sp\u00fcsp\u00f6k megk\u00f6sz\u00f6nte munk\u00e1jukat \u00e9s r\u00e1csod\u00e1lkozott a templom belsej\u00e9nek harm\u00f3ni\u00e1j\u00e1ra, megtekintette a pr\u00e1gai kis J\u00e9zus ruhat\u00e1r\u00e1t, majd megtekintette az orat\u00f3riumban l\u00e9v\u0151 egyh\u00e1zt\u00f6rt\u00e9neti ki\u00e1ll\u00edt\u00e1st. <\/p>\n\n\n\n<figure class=\"wp-block-gallery columns-3 is-cropped wp-block-gallery-2 is-layout-flex wp-block-gallery-is-layout-flex\"><ul class=\"blocks-gallery-grid\"><li class=\"blocks-gallery-item\"><figure><img loading=\"lazy\" decoding=\"async\" width=\"1024\" height=\"683\" src=\"https:\/\/marcali.plebania.hu\/wp-content\/uploads\/2020\/07\/10-1024x683.jpg\" alt=\"\" data-id=\"1977\" data-link=\"https:\/\/marcali.plebania.hu\/?attachment_id=1977\" class=\"wp-image-1977\" srcset=\"https:\/\/marcali.plebania.hu\/wp-content\/uploads\/2020\/07\/10-1024x683.jpg 1024w, https:\/\/marcali.plebania.hu\/wp-content\/uploads\/2020\/07\/10-300x200.jpg 300w, https:\/\/marcali.plebania.hu\/wp-content\/uploads\/2020\/07\/10-768x512.jpg 768w, https:\/\/marcali.plebania.hu\/wp-content\/uploads\/2020\/07\/10-1536x1024.jpg 1536w, https:\/\/marcali.plebania.hu\/wp-content\/uploads\/2020\/07\/10-2048x1365.jpg 2048w, https:\/\/marcali.plebania.hu\/wp-content\/uploads\/2020\/07\/10-405x270.jpg 405w\" sizes=\"auto, (max-width: 1024px) 100vw, 1024px\" \/><\/figure><\/li><li class=\"blocks-gallery-item\"><figure><img loading=\"lazy\" decoding=\"async\" width=\"1024\" height=\"683\" src=\"https:\/\/marcali.plebania.hu\/wp-content\/uploads\/2020\/07\/13-1024x683.jpg\" alt=\"\" data-id=\"1978\" data-link=\"https:\/\/marcali.plebania.hu\/?attachment_id=1978\" class=\"wp-image-1978\" srcset=\"https:\/\/marcali.plebania.hu\/wp-content\/uploads\/2020\/07\/13-1024x683.jpg 1024w, https:\/\/marcali.plebania.hu\/wp-content\/uploads\/2020\/07\/13-300x200.jpg 300w, https:\/\/marcali.plebania.hu\/wp-content\/uploads\/2020\/07\/13-768x512.jpg 768w, https:\/\/marcali.plebania.hu\/wp-content\/uploads\/2020\/07\/13-1536x1024.jpg 1536w, https:\/\/marcali.plebania.hu\/wp-content\/uploads\/2020\/07\/13-2048x1365.jpg 2048w, https:\/\/marcali.plebania.hu\/wp-content\/uploads\/2020\/07\/13-405x270.jpg 405w\" sizes=\"auto, (max-width: 1024px) 100vw, 1024px\" \/><\/figure><\/li><li class=\"blocks-gallery-item\"><figure><img loading=\"lazy\" decoding=\"async\" width=\"1024\" height=\"683\" src=\"https:\/\/marcali.plebania.hu\/wp-content\/uploads\/2020\/07\/20-1024x683.jpg\" alt=\"\" data-id=\"1980\" data-link=\"https:\/\/marcali.plebania.hu\/?attachment_id=1980\" class=\"wp-image-1980\" srcset=\"https:\/\/marcali.plebania.hu\/wp-content\/uploads\/2020\/07\/20-1024x683.jpg 1024w, https:\/\/marcali.plebania.hu\/wp-content\/uploads\/2020\/07\/20-300x200.jpg 300w, https:\/\/marcali.plebania.hu\/wp-content\/uploads\/2020\/07\/20-768x512.jpg 768w, https:\/\/marcali.plebania.hu\/wp-content\/uploads\/2020\/07\/20-1536x1024.jpg 1536w, https:\/\/marcali.plebania.hu\/wp-content\/uploads\/2020\/07\/20-2048x1365.jpg 2048w, https:\/\/marcali.plebania.hu\/wp-content\/uploads\/2020\/07\/20-405x270.jpg 405w\" sizes=\"auto, (max-width: 1024px) 100vw, 1024px\" \/><\/figure><\/li><li class=\"blocks-gallery-item\"><figure><img loading=\"lazy\" decoding=\"async\" width=\"1024\" height=\"683\" src=\"https:\/\/marcali.plebania.hu\/wp-content\/uploads\/2020\/07\/19-1-1024x683.jpg\" alt=\"\" data-id=\"1981\" data-full-url=\"https:\/\/marcali.plebania.hu\/wp-content\/uploads\/2020\/07\/19-1-scaled.jpg\" data-link=\"https:\/\/marcali.plebania.hu\/?attachment_id=1981\" class=\"wp-image-1981\" srcset=\"https:\/\/marcali.plebania.hu\/wp-content\/uploads\/2020\/07\/19-1-1024x683.jpg 1024w, https:\/\/marcali.plebania.hu\/wp-content\/uploads\/2020\/07\/19-1-300x200.jpg 300w, https:\/\/marcali.plebania.hu\/wp-content\/uploads\/2020\/07\/19-1-768x512.jpg 768w, https:\/\/marcali.plebania.hu\/wp-content\/uploads\/2020\/07\/19-1-1536x1024.jpg 1536w, https:\/\/marcali.plebania.hu\/wp-content\/uploads\/2020\/07\/19-1-2048x1365.jpg 2048w, https:\/\/marcali.plebania.hu\/wp-content\/uploads\/2020\/07\/19-1-405x270.jpg 405w\" sizes=\"auto, (max-width: 1024px) 100vw, 1024px\" \/><\/figure><\/li><\/ul><\/figure>\n\n\n\n<p>A pl\u00e9b\u00e1niatemplomb\u00f3l a Polg\u00e1rmesteri Hivatalba ment, ahol dr. S\u00fct\u0151 L\u00e1szl\u00f3 polg\u00e1rmester \u00far fogadta, aki t\u00e1j\u00e9koztatta az egyh\u00e1zi vezet\u0151t a v\u00e1ros jelenlegi helyzet\u00e9r\u0151l, az \u00fajabb fejleszt\u00e9sekr\u0151l. A megy\u00e9sp\u00fcsp\u00f6k \u00e9rdekl\u0151d\u00f6tt a v\u00e1rosban \u00e9l\u0151 rom\u00e1k helyzet\u00e9r\u0151l \u00e9s r\u00e1k\u00e9rdezett, hogy a fogyat\u00e9kosokkal ki t\u00f6r\u0151dik a v\u00e1rosban. A sz\u00edv\u00e9lyes j\u00f3 hangulat\u00fa besz\u00e9lget\u00e9s a megy\u00e9sp\u00fcsp\u00f6k k\u00f6nyv aj\u00e1nd\u00e9koz\u00e1s\u00e1val z\u00e1rult. Varga L\u00e1szl\u00f3 p\u00fcsp\u00f6k ezut\u00e1n a pl\u00e9b\u00e1ni\u00e1ra ment, ahol Fazekas Kriszti\u00e1n \u00c1rp\u00e1d reform\u00e1tus lelk\u00e9sz v\u00e1rta, akivel az \u00f6kumenizmus k\u00e9rd\u00e9s\u00e9r\u0151l besz\u00e9lt, a megy\u00e9sp\u00fcsp\u00f6k \u00e9rdekl\u0151d\u00f6tt a t\u00e9rs\u00e9gben \u00e9l\u0151 reform\u00e1tusok helyzet\u00e9r\u0151l.<\/p>\n\n\n\n<figure class=\"wp-block-gallery columns-3 is-cropped wp-block-gallery-3 is-layout-flex wp-block-gallery-is-layout-flex\"><ul class=\"blocks-gallery-grid\"><li class=\"blocks-gallery-item\"><figure><img loading=\"lazy\" decoding=\"async\" width=\"1024\" height=\"683\" src=\"https:\/\/marcali.plebania.hu\/wp-content\/uploads\/2020\/07\/24-1024x683.jpg\" alt=\"\" data-id=\"1982\" data-link=\"https:\/\/marcali.plebania.hu\/?attachment_id=1982\" class=\"wp-image-1982\" srcset=\"https:\/\/marcali.plebania.hu\/wp-content\/uploads\/2020\/07\/24-1024x683.jpg 1024w, https:\/\/marcali.plebania.hu\/wp-content\/uploads\/2020\/07\/24-300x200.jpg 300w, https:\/\/marcali.plebania.hu\/wp-content\/uploads\/2020\/07\/24-768x512.jpg 768w, https:\/\/marcali.plebania.hu\/wp-content\/uploads\/2020\/07\/24-1536x1024.jpg 1536w, https:\/\/marcali.plebania.hu\/wp-content\/uploads\/2020\/07\/24-2048x1365.jpg 2048w, https:\/\/marcali.plebania.hu\/wp-content\/uploads\/2020\/07\/24-405x270.jpg 405w\" sizes=\"auto, (max-width: 1024px) 100vw, 1024px\" \/><\/figure><\/li><li class=\"blocks-gallery-item\"><figure><img loading=\"lazy\" decoding=\"async\" width=\"1024\" height=\"683\" src=\"https:\/\/marcali.plebania.hu\/wp-content\/uploads\/2020\/07\/26-1024x683.jpg\" alt=\"\" data-id=\"1983\" data-link=\"https:\/\/marcali.plebania.hu\/?attachment_id=1983\" class=\"wp-image-1983\" srcset=\"https:\/\/marcali.plebania.hu\/wp-content\/uploads\/2020\/07\/26-1024x683.jpg 1024w, https:\/\/marcali.plebania.hu\/wp-content\/uploads\/2020\/07\/26-300x200.jpg 300w, https:\/\/marcali.plebania.hu\/wp-content\/uploads\/2020\/07\/26-768x512.jpg 768w, https:\/\/marcali.plebania.hu\/wp-content\/uploads\/2020\/07\/26-1536x1024.jpg 1536w, https:\/\/marcali.plebania.hu\/wp-content\/uploads\/2020\/07\/26-2048x1365.jpg 2048w, https:\/\/marcali.plebania.hu\/wp-content\/uploads\/2020\/07\/26-405x270.jpg 405w\" sizes=\"auto, (max-width: 1024px) 100vw, 1024px\" \/><\/figure><\/li><li class=\"blocks-gallery-item\"><figure><img loading=\"lazy\" decoding=\"async\" width=\"1024\" height=\"683\" src=\"https:\/\/marcali.plebania.hu\/wp-content\/uploads\/2020\/07\/30-1024x683.jpg\" alt=\"\" data-id=\"1984\" data-link=\"https:\/\/marcali.plebania.hu\/?attachment_id=1984\" class=\"wp-image-1984\" srcset=\"https:\/\/marcali.plebania.hu\/wp-content\/uploads\/2020\/07\/30-1024x683.jpg 1024w, https:\/\/marcali.plebania.hu\/wp-content\/uploads\/2020\/07\/30-300x200.jpg 300w, https:\/\/marcali.plebania.hu\/wp-content\/uploads\/2020\/07\/30-768x512.jpg 768w, https:\/\/marcali.plebania.hu\/wp-content\/uploads\/2020\/07\/30-1536x1024.jpg 1536w, https:\/\/marcali.plebania.hu\/wp-content\/uploads\/2020\/07\/30-2048x1365.jpg 2048w, https:\/\/marcali.plebania.hu\/wp-content\/uploads\/2020\/07\/30-405x270.jpg 405w\" sizes=\"auto, (max-width: 1024px) 100vw, 1024px\" \/><\/figure><\/li><li class=\"blocks-gallery-item\"><figure><img loading=\"lazy\" decoding=\"async\" width=\"1024\" height=\"683\" src=\"https:\/\/marcali.plebania.hu\/wp-content\/uploads\/2020\/07\/33-1024x683.jpg\" alt=\"\" data-id=\"1985\" data-full-url=\"https:\/\/marcali.plebania.hu\/wp-content\/uploads\/2020\/07\/33-scaled.jpg\" data-link=\"https:\/\/marcali.plebania.hu\/?attachment_id=1985\" class=\"wp-image-1985\" srcset=\"https:\/\/marcali.plebania.hu\/wp-content\/uploads\/2020\/07\/33-1024x683.jpg 1024w, https:\/\/marcali.plebania.hu\/wp-content\/uploads\/2020\/07\/33-300x200.jpg 300w, https:\/\/marcali.plebania.hu\/wp-content\/uploads\/2020\/07\/33-768x512.jpg 768w, https:\/\/marcali.plebania.hu\/wp-content\/uploads\/2020\/07\/33-1536x1024.jpg 1536w, https:\/\/marcali.plebania.hu\/wp-content\/uploads\/2020\/07\/33-2048x1365.jpg 2048w, https:\/\/marcali.plebania.hu\/wp-content\/uploads\/2020\/07\/33-405x270.jpg 405w\" sizes=\"auto, (max-width: 1024px) 100vw, 1024px\" \/><\/figure><\/li><\/ul><\/figure>\n\n\n\n<p>Ezut\u00e1n a templomok megl\u00e1togat\u00e1sa k\u00f6vetkezett, a Boldog Gizella templomban Herbel Lajosn\u00e9 \u00e9s Jank\u00f3 L\u00e1szl\u00f3n\u00e9 fogadt\u00e1k a megy\u00e9sp\u00fcsp\u00f6k r\u00e1csod\u00e1lkozott Boldog Gizella domborm\u0171v\u00e9re. A gombai templomn\u00e1l megtekintette a kezd\u0151d\u0151 templomfel\u00faj\u00edt\u00e1st, ahol Moln\u00e1r Gy\u00f6rgyn\u00e9 v\u00e1rta \u00e9s Kir\u00e1ly Jen\u0151 t\u00e1j\u00e9koztatta a fel\u00faj\u00edt\u00e1si munk\u00e1kr\u00f3l. A bizei templomban K\u00e1roly J\u00e1nos b\u00e1csi mes\u00e9lt a p\u00fcsp\u00f6knek Bize m\u00faltj\u00e1r\u00f3l.<\/p>\n","protected":false},"excerpt":{"rendered":"<p>J\u00falius 15-\u00e9n Varga L\u00e1szl\u00f3 megy\u00e9sp\u00fcsp\u00f6k l\u00e1togat\u00e1st tett Marcaliban. Nemcsak a pl\u00e9b\u00e1ni\u00e1t kereste fel, hanem tal\u00e1lkozott dr. S\u00fcl\u0151 L\u00e1szl\u00f3 Marcali polg\u00e1rmesterrel a t\u00f6rt\u00e9nelmi egyh\u00e1zak k\u00e9pvisel\u0151j\u00e9vel \u00e9s a pl\u00e9b\u00e1nos munkat\u00e1rsaival \u00e9s seg\u00edt\u0151ivel is. A p\u00fcsp\u00f6k nem j\u00f6tt \u00fcres k\u00e9zzel, mindenkit megaj\u00e1nd\u00e9kozott egy \u00e1ltala \u00edrt lelkigyakorlatos k\u00f6nyvvel. A megy\u00e9sp\u00fcsp\u00f6k el\u0151sz\u00f6r a pl\u00e9b\u00e1ni\u00e1ra \u00e9rkezett, ahol r\u00f6vid besz\u00e9lget\u00e9st folytatott Kiss Iv\u00e1n esperes-pl\u00e9b\u00e1nossal, majd a pl\u00e9b\u00e1nia irod\u00e1j\u00e1ban dolgoz\u00f3 Kiss K\u00e1lm\u00e1n irodavezet\u0151t \u00e9s J\u00e1ki Zolt\u00e1nn\u00e9t, a pl\u00e9b\u00e1nia k\u00f6nyvel\u0151j\u00e9t l\u00e1togatta meg \u00e9s besz\u00e9lgetett el vel\u00fck. Majd a pl\u00e9b\u00e1niatemplomban&#8230;<\/p>\n<p class=\"read-more\"><a class=\"btn btn-default\" href=\"https:\/\/marcali.plebania.hu\/?p=1972\"> Read More<span class=\"screen-reader-text\">  Read More<\/span><\/a><\/p>\n","protected":false},"author":2,"featured_media":0,"comment_status":"closed","ping_status":"open","sticky":false,"template":"","format":"standard","meta":{"footnotes":""},"categories":[1],"tags":[],"class_list":["post-1972","post","type-post","status-publish","format-standard","hentry","category-egyeb"],"_links":{"self":[{"href":"https:\/\/marcali.plebania.hu\/index.php?rest_route=\/wp\/v2\/posts\/1972","targetHints":{"allow":["GET"]}}],"collection":[{"href":"https:\/\/marcali.plebania.hu\/index.php?rest_route=\/wp\/v2\/posts"}],"about":[{"href":"https:\/\/marcali.plebania.hu\/index.php?rest_route=\/wp\/v2\/types\/post"}],"author":[{"embeddable":true,"href":"https:\/\/marcali.plebania.hu\/index.php?rest_route=\/wp\/v2\/users\/2"}],"replies":[{"embeddable":true,"href":"https:\/\/marcali.plebania.hu\/index.php?rest_route=%2Fwp%2Fv2%2Fcomments&post=1972"}],"version-history":[{"count":1,"href":"https:\/\/marcali.plebania.hu\/index.php?rest_route=\/wp\/v2\/posts\/1972\/revisions"}],"predecessor-version":[{"id":1986,"href":"https:\/\/marcali.plebania.hu\/index.php?rest_route=\/wp\/v2\/posts\/1972\/revisions\/1986"}],"wp:attachment":[{"href":"https:\/\/marcali.plebania.hu\/index.php?rest_route=%2Fwp%2Fv2%2Fmedia&parent=1972"}],"wp:term":[{"taxonomy":"category","embeddable":true,"href":"https:\/\/marcali.plebania.hu\/index.php?rest_route=%2Fwp%2Fv2%2Fcategories&post=1972"},{"taxonomy":"post_tag","embeddable":true,"href":"https:\/\/marcali.plebania.hu\/index.php?rest_route=%2Fwp%2Fv2%2Ftags&post=1972"}],"curies":[{"name":"wp","href":"https:\/\/api.w.org\/{rel}","templated":true}]}}