{"id":1987,"date":"2020-07-17T09:59:05","date_gmt":"2020-07-17T09:59:05","guid":{"rendered":"https:\/\/marcali.plebania.hu\/?p=1987"},"modified":"2020-07-17T09:59:05","modified_gmt":"2020-07-17T09:59:05","slug":"hirdetesek-2020-07-19","status":"publish","type":"post","link":"https:\/\/marcali.plebania.hu\/?p=1987","title":{"rendered":"Hirdet\u00e9sek, 2020. 07. 19."},"content":{"rendered":"\n<ol class=\"wp-block-list\"><li>Ma\nvan az \u00e9vk\u00f6zi 16. vas\u00e1rnap.<\/li><li>A\nj\u00f6v\u0151 h\u00e9ten, cs\u00fct\u00f6rt\u00f6k\u00f6n 18 \u00f3r\u00e1ra \u00f6sszeh\u00edvom az Egyh\u00e1zk\u00f6zs\u00e9g K\u00e9pvisel\u0151\nTest\u00fclet\u00e9t az X-h\u00e1z nagyterm\u00e9be. Az \u00fcl\u00e9sen a gombai templom fel\u00faj\u00edt\u00e1s\u00e1r\u00f3l, \u00e9s a\np\u00e1pa szobor elk\u00e9sz\u00edt\u00e9s\u00e9r\u0151l lesz sz\u00f3.<\/li><li>P\u00e9nteken\n17.30 \u00f3rakor szents\u00e9gim\u00e1d\u00e1s, 18 \u00f3rakor szentmise.<\/li><li>Szombaton\n18 \u00f3rakor szentmise.<\/li><li>A\nKrist\u00f3f-napi aut\u00f3\u00e1ld\u00e1s j\u00f6v\u0151 vas\u00e1rnap a 9 \u00f3r\u00e1s szentmise ut\u00e1n lesz a\npl\u00e9b\u00e1niatemplom el\u0151tt.<\/li><li>Az\nelm\u00falt h\u00e9ten Varga L\u00e1szl\u00f3 megy\u00e9sp\u00fcsp\u00f6k l\u00e1togatott a Marcali pl\u00e9b\u00e1ni\u00e1ra, ahol az\negyh\u00e1zk\u00f6zs\u00e9g munkat\u00e1rsaival, dolgoz\u00f3ival tal\u00e1lkozott. A megy\u00e9sp\u00fcsp\u00f6k minden\ntemplomunkat megtekintette, tal\u00e1lkozott a v\u00e1ros polg\u00e1rmester\u00e9vel \u00e9s reform\u00e1tus\nlelk\u00e9sz\u00e9vel is.<\/li><li>Az\nelm\u00falt h\u00e9ten lezajlott K\u00c9SZ taggy\u0171l\u00e9sen \u00faj tiszts\u00e9gvisel\u0151ket v\u00e1lasztottak. A K\u00c9SZ\nMarcali Csoportj\u00e1nak \u00faj vezet\u0151je Kiss K\u00e1lm\u00e1n lett, titk\u00e1ra Horv\u00e1th Zsolt\nL\u00e1szl\u00f3.<\/li><li>Ism\u00e9telten\nhirdetem, hogy a TV-n n\u00e9zett szentmis\u00e9k csak akkor \u00e9rv\u00e9nyesek, ha valaki beteg\n\u00e9s nem tud elj\u00f6nni a templomba.<\/li><li>R\u00f3zsaf\u00fcz\u00e9r\n\u00fajb\u00f3l kaphat\u00f3 a sekresty\u00e9ben \u00e9s a pl\u00e9b\u00e1ni\u00e1n.<\/li><\/ol>\n","protected":false},"excerpt":{"rendered":"<p>Ma van az \u00e9vk\u00f6zi 16. vas\u00e1rnap. A j\u00f6v\u0151 h\u00e9ten, cs\u00fct\u00f6rt\u00f6k\u00f6n 18 \u00f3r\u00e1ra \u00f6sszeh\u00edvom az Egyh\u00e1zk\u00f6zs\u00e9g K\u00e9pvisel\u0151 Test\u00fclet\u00e9t az X-h\u00e1z nagyterm\u00e9be. Az \u00fcl\u00e9sen a gombai templom fel\u00faj\u00edt\u00e1s\u00e1r\u00f3l, \u00e9s a p\u00e1pa szobor elk\u00e9sz\u00edt\u00e9s\u00e9r\u0151l lesz sz\u00f3. P\u00e9nteken 17.30 \u00f3rakor szents\u00e9gim\u00e1d\u00e1s, 18 \u00f3rakor szentmise. Szombaton 18 \u00f3rakor szentmise. A Krist\u00f3f-napi aut\u00f3\u00e1ld\u00e1s j\u00f6v\u0151 vas\u00e1rnap a 9 \u00f3r\u00e1s szentmise ut\u00e1n lesz a pl\u00e9b\u00e1niatemplom el\u0151tt. Az elm\u00falt h\u00e9ten Varga L\u00e1szl\u00f3 megy\u00e9sp\u00fcsp\u00f6k l\u00e1togatott a Marcali pl\u00e9b\u00e1ni\u00e1ra, ahol az egyh\u00e1zk\u00f6zs\u00e9g munkat\u00e1rsaival, dolgoz\u00f3ival tal\u00e1lkozott. A megy\u00e9sp\u00fcsp\u00f6k minden templomunkat megtekintette, tal\u00e1lkozott&#8230;<\/p>\n<p class=\"read-more\"><a class=\"btn btn-default\" href=\"https:\/\/marcali.plebania.hu\/?p=1987\"> Read More<span class=\"screen-reader-text\">  Read More<\/span><\/a><\/p>\n","protected":false},"author":2,"featured_media":0,"comment_status":"closed","ping_status":"open","sticky":false,"template":"","format":"standard","meta":{"footnotes":""},"categories":[1],"tags":[],"class_list":["post-1987","post","type-post","status-publish","format-standard","hentry","category-egyeb"],"_links":{"self":[{"href":"https:\/\/marcali.plebania.hu\/index.php?rest_route=\/wp\/v2\/posts\/1987","targetHints":{"allow":["GET"]}}],"collection":[{"href":"https:\/\/marcali.plebania.hu\/index.php?rest_route=\/wp\/v2\/posts"}],"about":[{"href":"https:\/\/marcali.plebania.hu\/index.php?rest_route=\/wp\/v2\/types\/post"}],"author":[{"embeddable":true,"href":"https:\/\/marcali.plebania.hu\/index.php?rest_route=\/wp\/v2\/users\/2"}],"replies":[{"embeddable":true,"href":"https:\/\/marcali.plebania.hu\/index.php?rest_route=%2Fwp%2Fv2%2Fcomments&post=1987"}],"version-history":[{"count":1,"href":"https:\/\/marcali.plebania.hu\/index.php?rest_route=\/wp\/v2\/posts\/1987\/revisions"}],"predecessor-version":[{"id":1988,"href":"https:\/\/marcali.plebania.hu\/index.php?rest_route=\/wp\/v2\/posts\/1987\/revisions\/1988"}],"wp:attachment":[{"href":"https:\/\/marcali.plebania.hu\/index.php?rest_route=%2Fwp%2Fv2%2Fmedia&parent=1987"}],"wp:term":[{"taxonomy":"category","embeddable":true,"href":"https:\/\/marcali.plebania.hu\/index.php?rest_route=%2Fwp%2Fv2%2Fcategories&post=1987"},{"taxonomy":"post_tag","embeddable":true,"href":"https:\/\/marcali.plebania.hu\/index.php?rest_route=%2Fwp%2Fv2%2Ftags&post=1987"}],"curies":[{"name":"wp","href":"https:\/\/api.w.org\/{rel}","templated":true}]}}