{"id":199,"date":"2018-02-03T18:35:12","date_gmt":"2018-02-03T18:35:12","guid":{"rendered":"https:\/\/marcali.plebania.hu\/?p=199"},"modified":"2018-04-24T18:35:49","modified_gmt":"2018-04-24T18:35:49","slug":"18-marcali-katolikus-bal-a-gyek-ben","status":"publish","type":"post","link":"https:\/\/marcali.plebania.hu\/?p=199","title":{"rendered":"18. Marcali Katolikus B\u00e1l a GY\u00c9K-ben"},"content":{"rendered":"<p>2018. febru\u00e1r 3-\u00e1n, szombaton 19 \u00f3r\u00e1t\u00f3l a GY\u00c9K-ben ker\u00fclt megrendez\u00e9sre a 18. Marcali Katolikus B\u00e1l. A zs\u00fafol\u00e1sig megtelt rendezv\u00e9nyen Kiss Iv\u00e1n c. pr\u00e9post, esperes-pl\u00e9b\u00e1nos k\u00f6sz\u00f6nt\u0151je ut\u00e1n P\u00e1ntics Luca marcali gimnazista mondott az alkalomhoz ill\u0151 verset, majd a F\u00e9ny Gyermekei Zenekar adott m\u0171sort. K\u00f6zrem\u0171k\u00f6d\u00f6tt: S\u00e1gv\u00e1ri R\u00f3bert (git\u00e1r), J\u00e1ki Zolt\u00e1n (heged\u0171) \u00e9s Balogh B\u00e1lint (szintetiz\u00e1tor). A finom vacsor\u00e1t k\u00f6vet\u0151en vid\u00e1m hangulatban telt az est tov\u00e1bbi r\u00e9sze az asztalt\u00e1rsas\u00e1gokn\u00e1l. A zen\u00e9t Gazda Tam\u00e1s szolg\u00e1ltatta a jelenl\u00e9v\u0151k nagy \u00f6r\u00f6m\u00e9re. A t\u00e1nc \u00e9s a vigass\u00e1g hajnalig tartott. A b\u00e1l ez\u00fattal is j\u00f3t\u00e9kony c\u00e9lokat szolg\u00e1l, hiszen az id\u00e9n a tombola teljes bev\u00e9tel\u00e9t a gombai templom harangjainak jav\u00edt\u00e1s\u00e1ra ford\u00edtj\u00e1k.<img loading=\"lazy\" decoding=\"async\" class=\"alignnone size-full wp-image-200\" src=\"https:\/\/marcali.plebania.hu\/wp-content\/uploads\/2018\/04\/80203.jpg\" alt=\"\" width=\"1000\" height=\"667\" srcset=\"https:\/\/marcali.plebania.hu\/wp-content\/uploads\/2018\/04\/80203.jpg 1000w, https:\/\/marcali.plebania.hu\/wp-content\/uploads\/2018\/04\/80203-300x200.jpg 300w, https:\/\/marcali.plebania.hu\/wp-content\/uploads\/2018\/04\/80203-768x512.jpg 768w, https:\/\/marcali.plebania.hu\/wp-content\/uploads\/2018\/04\/80203-405x270.jpg 405w\" sizes=\"auto, (max-width: 1000px) 100vw, 1000px\" \/><\/p>\n","protected":false},"excerpt":{"rendered":"<p>2018. febru\u00e1r 3-\u00e1n, szombaton 19 \u00f3r\u00e1t\u00f3l a GY\u00c9K-ben ker\u00fclt megrendez\u00e9sre a 18. Marcali Katolikus B\u00e1l. A zs\u00fafol\u00e1sig megtelt rendezv\u00e9nyen Kiss Iv\u00e1n c. pr\u00e9post, esperes-pl\u00e9b\u00e1nos k\u00f6sz\u00f6nt\u0151je ut\u00e1n P\u00e1ntics Luca marcali gimnazista mondott az alkalomhoz ill\u0151 verset, majd a F\u00e9ny Gyermekei Zenekar adott m\u0171sort. K\u00f6zrem\u0171k\u00f6d\u00f6tt: S\u00e1gv\u00e1ri R\u00f3bert (git\u00e1r), J\u00e1ki Zolt\u00e1n (heged\u0171) \u00e9s Balogh B\u00e1lint (szintetiz\u00e1tor). A finom vacsor\u00e1t k\u00f6vet\u0151en vid\u00e1m hangulatban telt az est tov\u00e1bbi r\u00e9sze az asztalt\u00e1rsas\u00e1gokn\u00e1l. A zen\u00e9t Gazda Tam\u00e1s szolg\u00e1ltatta a jelenl\u00e9v\u0151k nagy \u00f6r\u00f6m\u00e9re. A t\u00e1nc \u00e9s a vigass\u00e1g&#8230;<\/p>\n<p class=\"read-more\"><a class=\"btn btn-default\" href=\"https:\/\/marcali.plebania.hu\/?p=199\"> Read More<span class=\"screen-reader-text\">  Read More<\/span><\/a><\/p>\n","protected":false},"author":1,"featured_media":0,"comment_status":"closed","ping_status":"open","sticky":false,"template":"","format":"standard","meta":{"footnotes":""},"categories":[1],"tags":[],"class_list":["post-199","post","type-post","status-publish","format-standard","hentry","category-egyeb"],"_links":{"self":[{"href":"https:\/\/marcali.plebania.hu\/index.php?rest_route=\/wp\/v2\/posts\/199","targetHints":{"allow":["GET"]}}],"collection":[{"href":"https:\/\/marcali.plebania.hu\/index.php?rest_route=\/wp\/v2\/posts"}],"about":[{"href":"https:\/\/marcali.plebania.hu\/index.php?rest_route=\/wp\/v2\/types\/post"}],"author":[{"embeddable":true,"href":"https:\/\/marcali.plebania.hu\/index.php?rest_route=\/wp\/v2\/users\/1"}],"replies":[{"embeddable":true,"href":"https:\/\/marcali.plebania.hu\/index.php?rest_route=%2Fwp%2Fv2%2Fcomments&post=199"}],"version-history":[{"count":1,"href":"https:\/\/marcali.plebania.hu\/index.php?rest_route=\/wp\/v2\/posts\/199\/revisions"}],"predecessor-version":[{"id":201,"href":"https:\/\/marcali.plebania.hu\/index.php?rest_route=\/wp\/v2\/posts\/199\/revisions\/201"}],"wp:attachment":[{"href":"https:\/\/marcali.plebania.hu\/index.php?rest_route=%2Fwp%2Fv2%2Fmedia&parent=199"}],"wp:term":[{"taxonomy":"category","embeddable":true,"href":"https:\/\/marcali.plebania.hu\/index.php?rest_route=%2Fwp%2Fv2%2Fcategories&post=199"},{"taxonomy":"post_tag","embeddable":true,"href":"https:\/\/marcali.plebania.hu\/index.php?rest_route=%2Fwp%2Fv2%2Ftags&post=199"}],"curies":[{"name":"wp","href":"https:\/\/api.w.org\/{rel}","templated":true}]}}