{"id":1990,"date":"2020-07-21T09:55:10","date_gmt":"2020-07-21T09:55:10","guid":{"rendered":"https:\/\/marcali.plebania.hu\/?p=1990"},"modified":"2020-07-21T09:55:10","modified_gmt":"2020-07-21T09:55:10","slug":"meghivo-szent-kristof-napi-automegaldasra-2020","status":"publish","type":"post","link":"https:\/\/marcali.plebania.hu\/?p=1990","title":{"rendered":"Megh\u00edv\u00f3 Szent Krist\u00f3f napi aut\u00f3meg\u00e1ld\u00e1sra 2020"},"content":{"rendered":"\n<div class=\"wp-block-image\"><figure class=\"aligncenter size-large\"><img loading=\"lazy\" decoding=\"async\" width=\"960\" height=\"720\" src=\"https:\/\/marcali.plebania.hu\/wp-content\/uploads\/2020\/07\/Megh\u00edv\u00f3-2020.07.26.jpg\" alt=\"\" class=\"wp-image-1991\" srcset=\"https:\/\/marcali.plebania.hu\/wp-content\/uploads\/2020\/07\/Megh\u00edv\u00f3-2020.07.26.jpg 960w, https:\/\/marcali.plebania.hu\/wp-content\/uploads\/2020\/07\/Megh\u00edv\u00f3-2020.07.26-300x225.jpg 300w, https:\/\/marcali.plebania.hu\/wp-content\/uploads\/2020\/07\/Megh\u00edv\u00f3-2020.07.26-768x576.jpg 768w, https:\/\/marcali.plebania.hu\/wp-content\/uploads\/2020\/07\/Megh\u00edv\u00f3-2020.07.26-360x270.jpg 360w\" sizes=\"auto, (max-width: 960px) 100vw, 960px\" \/><\/figure><\/div>\n","protected":false},"excerpt":{"rendered":"","protected":false},"author":2,"featured_media":0,"comment_status":"closed","ping_status":"open","sticky":false,"template":"","format":"standard","meta":{"footnotes":""},"categories":[1],"tags":[],"class_list":["post-1990","post","type-post","status-publish","format-standard","hentry","category-egyeb"],"_links":{"self":[{"href":"https:\/\/marcali.plebania.hu\/index.php?rest_route=\/wp\/v2\/posts\/1990","targetHints":{"allow":["GET"]}}],"collection":[{"href":"https:\/\/marcali.plebania.hu\/index.php?rest_route=\/wp\/v2\/posts"}],"about":[{"href":"https:\/\/marcali.plebania.hu\/index.php?rest_route=\/wp\/v2\/types\/post"}],"author":[{"embeddable":true,"href":"https:\/\/marcali.plebania.hu\/index.php?rest_route=\/wp\/v2\/users\/2"}],"replies":[{"embeddable":true,"href":"https:\/\/marcali.plebania.hu\/index.php?rest_route=%2Fwp%2Fv2%2Fcomments&post=1990"}],"version-history":[{"count":1,"href":"https:\/\/marcali.plebania.hu\/index.php?rest_route=\/wp\/v2\/posts\/1990\/revisions"}],"predecessor-version":[{"id":1992,"href":"https:\/\/marcali.plebania.hu\/index.php?rest_route=\/wp\/v2\/posts\/1990\/revisions\/1992"}],"wp:attachment":[{"href":"https:\/\/marcali.plebania.hu\/index.php?rest_route=%2Fwp%2Fv2%2Fmedia&parent=1990"}],"wp:term":[{"taxonomy":"category","embeddable":true,"href":"https:\/\/marcali.plebania.hu\/index.php?rest_route=%2Fwp%2Fv2%2Fcategories&post=1990"},{"taxonomy":"post_tag","embeddable":true,"href":"https:\/\/marcali.plebania.hu\/index.php?rest_route=%2Fwp%2Fv2%2Ftags&post=1990"}],"curies":[{"name":"wp","href":"https:\/\/api.w.org\/{rel}","templated":true}]}}