{"id":1993,"date":"2020-07-24T08:03:41","date_gmt":"2020-07-24T08:03:41","guid":{"rendered":"https:\/\/marcali.plebania.hu\/?p=1993"},"modified":"2020-07-24T08:03:41","modified_gmt":"2020-07-24T08:03:41","slug":"hirdetesek-2020-07-26","status":"publish","type":"post","link":"https:\/\/marcali.plebania.hu\/?p=1993","title":{"rendered":"Hirdet\u00e9sek, 2020. 07. 26."},"content":{"rendered":"\n<ol class=\"wp-block-list\"><li>Ma van az \u00e9vk\u00f6zi 17. vas\u00e1rnap. A 9 \u00f3r\u00e1s szentmise ut\u00e1n\na j\u00e1rm\u0171vek \u00e9s g\u00e9pj\u00e1rm\u0171vek meg\u00e1ld\u00e1sa.<\/li><li>P\u00e9nteken 17.30 \u00f3rakor szents\u00e9gim\u00e1d\u00e1s, 18 \u00f3rakor\nszentmise.<\/li><li>A j\u00f6v\u0151 h\u00e9ten keddt\u0151l szombatig az esti szentmis\u00e9k 18\n\u00f3rakor kezd\u0151dnek.<\/li><li>Az elm\u00falt h\u00e9ten \u00fcl\u00e9st tartott az Egyh\u00e1zk\u00f6zs\u00e9g\nK\u00e9pvisel\u0151 Test\u00fclete \u00e9s t\u00e1rgyalt a pl\u00e9b\u00e1niatemplom el\u0151tt tervezett Szent II.\nJ\u00e1nos P\u00e1l p\u00e1pa szobor megval\u00f3s\u00edt\u00e1s\u00e1r\u00f3l. A test\u00fclet \u00fagy d\u00f6nt\u00f6tt, hogy sz\u00e9lesk\u00f6r\u0171\np\u00e1ly\u00e1zatot \u00edr ki a szobor elk\u00e9sz\u00edt\u00e9s\u00e9re \u00e9s egy zs\u0171ri fogja eld\u00f6nteni, hogy\nmelyik szobr\u00e1szm\u0171v\u00e9szt b\u00edzzuk meg a munka elv\u00e9gz\u00e9s\u00e9vel. Az adom\u00e1nygy\u0171jt\u00e9s m\u00e9g\nmindig nem z\u00e1rult le, mivel az eddigi \u00f6sszegy\u0171lt 2,5 milli\u00f3 Ft nem lesz el\u00e9g a\nszobor elk\u00e9sz\u00edt\u00e9s\u00e9re. Kir\u00e1ly Jen\u0151 templomgondnok t\u00e1j\u00e9koztatta a test\u00fclet\ntagjait a gombai templom fel\u00faj\u00edt\u00e1s\u00e1nak jelenlegi helyzet\u00e9r\u0151l.<\/li><li>Augusztus 20-\u00e1n 10 \u00f3rakor a pl\u00e9b\u00e1nia el\u0151tti plat\u00e1nsor\nalatt szabadt\u00e9ri szentmise lesz \u00e9s az \u00faj keny\u00e9r meg\u00e1ld\u00e1sa \u00e9s megszeg\u00e9se.<\/li><li>Augusztus 21-\u00e9n, p\u00e9nteken esperesi ker\u00fclet\u00fcnk zsinata\nlesz Marcaliban az X-h\u00e1zban. A zsinaton r\u00e9szt vesznek az esperesi ker\u00fclet\npapjai, pl\u00e9b\u00e1ni\u00e1nk\u00e9nt 2-2 k\u00fcld\u00f6ttel. (Marcalib\u00f3l 6 k\u00fcld\u00f6tt lesz.) Az eg\u00e9sz\negyh\u00e1zmegy\u00e9ben zsinat folyik, melyet Varga L\u00e1szl\u00f3 megy\u00e9sp\u00fcsp\u00f6k hirdetett meg,\nmelynek feladata a lelkip\u00e1sztori munka \u00f6sszehangol\u00e1sa, tervez\u00e9se, a vil\u00e1giak\nbekapcsol\u00e1sa az egyh\u00e1zmegye \u00e9let\u00e9be.<\/li><\/ol>\n","protected":false},"excerpt":{"rendered":"<p>Ma van az \u00e9vk\u00f6zi 17. vas\u00e1rnap. A 9 \u00f3r\u00e1s szentmise ut\u00e1n a j\u00e1rm\u0171vek \u00e9s g\u00e9pj\u00e1rm\u0171vek meg\u00e1ld\u00e1sa. P\u00e9nteken 17.30 \u00f3rakor szents\u00e9gim\u00e1d\u00e1s, 18 \u00f3rakor szentmise. A j\u00f6v\u0151 h\u00e9ten keddt\u0151l szombatig az esti szentmis\u00e9k 18 \u00f3rakor kezd\u0151dnek. Az elm\u00falt h\u00e9ten \u00fcl\u00e9st tartott az Egyh\u00e1zk\u00f6zs\u00e9g K\u00e9pvisel\u0151 Test\u00fclete \u00e9s t\u00e1rgyalt a pl\u00e9b\u00e1niatemplom el\u0151tt tervezett Szent II. J\u00e1nos P\u00e1l p\u00e1pa szobor megval\u00f3s\u00edt\u00e1s\u00e1r\u00f3l. A test\u00fclet \u00fagy d\u00f6nt\u00f6tt, hogy sz\u00e9lesk\u00f6r\u0171 p\u00e1ly\u00e1zatot \u00edr ki a szobor elk\u00e9sz\u00edt\u00e9s\u00e9re \u00e9s egy zs\u0171ri fogja eld\u00f6nteni, hogy melyik szobr\u00e1szm\u0171v\u00e9szt b\u00edzzuk meg a munka&#8230;<\/p>\n<p class=\"read-more\"><a class=\"btn btn-default\" href=\"https:\/\/marcali.plebania.hu\/?p=1993\"> Read More<span class=\"screen-reader-text\">  Read More<\/span><\/a><\/p>\n","protected":false},"author":2,"featured_media":0,"comment_status":"closed","ping_status":"open","sticky":false,"template":"","format":"standard","meta":{"footnotes":""},"categories":[1],"tags":[],"class_list":["post-1993","post","type-post","status-publish","format-standard","hentry","category-egyeb"],"_links":{"self":[{"href":"https:\/\/marcali.plebania.hu\/index.php?rest_route=\/wp\/v2\/posts\/1993","targetHints":{"allow":["GET"]}}],"collection":[{"href":"https:\/\/marcali.plebania.hu\/index.php?rest_route=\/wp\/v2\/posts"}],"about":[{"href":"https:\/\/marcali.plebania.hu\/index.php?rest_route=\/wp\/v2\/types\/post"}],"author":[{"embeddable":true,"href":"https:\/\/marcali.plebania.hu\/index.php?rest_route=\/wp\/v2\/users\/2"}],"replies":[{"embeddable":true,"href":"https:\/\/marcali.plebania.hu\/index.php?rest_route=%2Fwp%2Fv2%2Fcomments&post=1993"}],"version-history":[{"count":1,"href":"https:\/\/marcali.plebania.hu\/index.php?rest_route=\/wp\/v2\/posts\/1993\/revisions"}],"predecessor-version":[{"id":1994,"href":"https:\/\/marcali.plebania.hu\/index.php?rest_route=\/wp\/v2\/posts\/1993\/revisions\/1994"}],"wp:attachment":[{"href":"https:\/\/marcali.plebania.hu\/index.php?rest_route=%2Fwp%2Fv2%2Fmedia&parent=1993"}],"wp:term":[{"taxonomy":"category","embeddable":true,"href":"https:\/\/marcali.plebania.hu\/index.php?rest_route=%2Fwp%2Fv2%2Fcategories&post=1993"},{"taxonomy":"post_tag","embeddable":true,"href":"https:\/\/marcali.plebania.hu\/index.php?rest_route=%2Fwp%2Fv2%2Ftags&post=1993"}],"curies":[{"name":"wp","href":"https:\/\/api.w.org\/{rel}","templated":true}]}}