{"id":1996,"date":"2020-07-27T15:19:00","date_gmt":"2020-07-27T15:19:00","guid":{"rendered":"https:\/\/marcali.plebania.hu\/?p=1996"},"modified":"2020-07-27T15:19:00","modified_gmt":"2020-07-27T15:19:00","slug":"az-iden-is-megaldottak-a-jarmuveket","status":"publish","type":"post","link":"https:\/\/marcali.plebania.hu\/?p=1996","title":{"rendered":"Az id\u00e9n is meg\u00e1ldott\u00e1k a j\u00e1rm\u0171veket"},"content":{"rendered":"\n<p>2020. j\u00falius 26-\u00e1n vas\u00e1rnap, a 9 \u00f3r\u00e1s szentmis\u00e9n eml\u00e9keztek meg Szent Krist\u00f3fr\u00f3l, aki a 14 seg\u00edt\u0151 szent egyike \u00e9s a n\u00e9pies vall\u00e1soss\u00e1g tal\u00e1n m\u00e1ig legn\u00e9pszer\u0171bb alakja. Krist\u00f3f az utasok, v\u00e1ndorok, haj\u00f3sok v\u00e9d\u0151szentje, de a g\u00e9pj\u00e1rm\u0171vek megjelen\u00e9s\u00e9t k\u00f6vet\u0151en az aut\u00f3sok \u00e9s motorosok is maguk\u00e9nak tudj\u00e1k.<\/p>\n\n\n\n<figure class=\"wp-block-gallery columns-3 is-cropped wp-block-gallery-1 is-layout-flex wp-block-gallery-is-layout-flex\"><ul class=\"blocks-gallery-grid\"><li class=\"blocks-gallery-item\"><figure><img loading=\"lazy\" decoding=\"async\" width=\"1024\" height=\"683\" src=\"https:\/\/marcali.plebania.hu\/wp-content\/uploads\/2020\/07\/01-1-1024x683.jpg\" alt=\"\" data-id=\"1997\" data-link=\"https:\/\/marcali.plebania.hu\/?attachment_id=1997\" class=\"wp-image-1997\" srcset=\"https:\/\/marcali.plebania.hu\/wp-content\/uploads\/2020\/07\/01-1-1024x683.jpg 1024w, https:\/\/marcali.plebania.hu\/wp-content\/uploads\/2020\/07\/01-1-300x200.jpg 300w, https:\/\/marcali.plebania.hu\/wp-content\/uploads\/2020\/07\/01-1-768x512.jpg 768w, https:\/\/marcali.plebania.hu\/wp-content\/uploads\/2020\/07\/01-1-1536x1024.jpg 1536w, https:\/\/marcali.plebania.hu\/wp-content\/uploads\/2020\/07\/01-1-2048x1365.jpg 2048w, https:\/\/marcali.plebania.hu\/wp-content\/uploads\/2020\/07\/01-1-405x270.jpg 405w\" sizes=\"auto, (max-width: 1024px) 100vw, 1024px\" \/><\/figure><\/li><li class=\"blocks-gallery-item\"><figure><img loading=\"lazy\" decoding=\"async\" width=\"1024\" height=\"683\" src=\"https:\/\/marcali.plebania.hu\/wp-content\/uploads\/2020\/07\/02-1024x683.jpg\" alt=\"\" data-id=\"1998\" data-link=\"https:\/\/marcali.plebania.hu\/?attachment_id=1998\" class=\"wp-image-1998\" srcset=\"https:\/\/marcali.plebania.hu\/wp-content\/uploads\/2020\/07\/02-1024x683.jpg 1024w, https:\/\/marcali.plebania.hu\/wp-content\/uploads\/2020\/07\/02-300x200.jpg 300w, https:\/\/marcali.plebania.hu\/wp-content\/uploads\/2020\/07\/02-768x512.jpg 768w, https:\/\/marcali.plebania.hu\/wp-content\/uploads\/2020\/07\/02-1536x1024.jpg 1536w, https:\/\/marcali.plebania.hu\/wp-content\/uploads\/2020\/07\/02-2048x1365.jpg 2048w, https:\/\/marcali.plebania.hu\/wp-content\/uploads\/2020\/07\/02-405x270.jpg 405w\" sizes=\"auto, (max-width: 1024px) 100vw, 1024px\" \/><\/figure><\/li><li class=\"blocks-gallery-item\"><figure><img loading=\"lazy\" decoding=\"async\" width=\"1024\" height=\"683\" src=\"https:\/\/marcali.plebania.hu\/wp-content\/uploads\/2020\/07\/18-1024x683.jpg\" alt=\"\" data-id=\"1999\" data-link=\"https:\/\/marcali.plebania.hu\/?attachment_id=1999\" class=\"wp-image-1999\" srcset=\"https:\/\/marcali.plebania.hu\/wp-content\/uploads\/2020\/07\/18-1024x683.jpg 1024w, https:\/\/marcali.plebania.hu\/wp-content\/uploads\/2020\/07\/18-300x200.jpg 300w, https:\/\/marcali.plebania.hu\/wp-content\/uploads\/2020\/07\/18-768x512.jpg 768w, https:\/\/marcali.plebania.hu\/wp-content\/uploads\/2020\/07\/18-1536x1024.jpg 1536w, https:\/\/marcali.plebania.hu\/wp-content\/uploads\/2020\/07\/18-2048x1365.jpg 2048w, https:\/\/marcali.plebania.hu\/wp-content\/uploads\/2020\/07\/18-405x270.jpg 405w\" sizes=\"auto, (max-width: 1024px) 100vw, 1024px\" \/><\/figure><\/li><li class=\"blocks-gallery-item\"><figure><img loading=\"lazy\" decoding=\"async\" width=\"1024\" height=\"683\" src=\"https:\/\/marcali.plebania.hu\/wp-content\/uploads\/2020\/07\/11-1024x683.jpg\" alt=\"\" data-id=\"2000\" data-full-url=\"https:\/\/marcali.plebania.hu\/wp-content\/uploads\/2020\/07\/11-scaled.jpg\" data-link=\"https:\/\/marcali.plebania.hu\/?attachment_id=2000\" class=\"wp-image-2000\" srcset=\"https:\/\/marcali.plebania.hu\/wp-content\/uploads\/2020\/07\/11-1024x683.jpg 1024w, https:\/\/marcali.plebania.hu\/wp-content\/uploads\/2020\/07\/11-300x200.jpg 300w, https:\/\/marcali.plebania.hu\/wp-content\/uploads\/2020\/07\/11-768x512.jpg 768w, https:\/\/marcali.plebania.hu\/wp-content\/uploads\/2020\/07\/11-1536x1024.jpg 1536w, https:\/\/marcali.plebania.hu\/wp-content\/uploads\/2020\/07\/11-2048x1365.jpg 2048w, https:\/\/marcali.plebania.hu\/wp-content\/uploads\/2020\/07\/11-405x270.jpg 405w\" sizes=\"auto, (max-width: 1024px) 100vw, 1024px\" \/><\/figure><\/li><\/ul><\/figure>\n\n\n\n<p>A mise ut\u00e1n Kiss Iv\u00e1n c. pr\u00e9post, esperes-pl\u00e9b\u00e1nos a pl\u00e9b\u00e1niatemplom k\u00f6rny\u00e9ki aut\u00f3parkol\u00f3ban l\u00e9v\u0151 j\u00e1rm\u0171veket \u00e9s vezet\u0151iket is meg\u00e1ldotta. Az idei \u00e9vben a sok ker\u00e9kp\u00e1r mellett m\u00e1r motorokat is hoztak a fiatalok, hogy a balesetmentes k\u00f6zleked\u00e9s \u00e9rdek\u00e9ben Szent Krist\u00f3f oltalm\u00e1t k\u00e9rj\u00e9k. Iv\u00e1n atya a szertart\u00e1s el\u0151tt, m\u00e9g a pl\u00e9b\u00e1niatemplomban jelk\u00e9pesen meg\u00e1ldott egy ker\u00e9kp\u00e1rt is, hogy az otthonl\u00e9v\u0151k figyelm\u00e9t felh\u00edvja \u2013 a Tavi telev\u00edzi\u00f3n kereszt\u00fcl \u2013 az \u00fcnnep fontoss\u00e1g\u00e1ra. A szentmis\u00e9n a h\u00edvek egy\u00fctt im\u00e1dkoztak az \u00faton l\u00e9v\u0151k\u00e9rt, a g\u00e9pj\u00e1rm\u0171vek vezet\u0151i\u00e9rt, a k\u00f6zleked\u00e9si mor\u00e1l javul\u00e1s\u00e1\u00e9rt \u00e9s a szerencs\u00e9s meg\u00e9rkez\u00e9s\u00e9rt is.<\/p>\n\n\n\n<figure class=\"wp-block-gallery columns-3 is-cropped wp-block-gallery-2 is-layout-flex wp-block-gallery-is-layout-flex\"><ul class=\"blocks-gallery-grid\"><li class=\"blocks-gallery-item\"><figure><img loading=\"lazy\" decoding=\"async\" width=\"1024\" height=\"683\" src=\"https:\/\/marcali.plebania.hu\/wp-content\/uploads\/2020\/07\/10-1-1024x683.jpg\" alt=\"\" data-id=\"2001\" data-link=\"https:\/\/marcali.plebania.hu\/?attachment_id=2001\" class=\"wp-image-2001\" srcset=\"https:\/\/marcali.plebania.hu\/wp-content\/uploads\/2020\/07\/10-1-1024x683.jpg 1024w, https:\/\/marcali.plebania.hu\/wp-content\/uploads\/2020\/07\/10-1-300x200.jpg 300w, https:\/\/marcali.plebania.hu\/wp-content\/uploads\/2020\/07\/10-1-768x512.jpg 768w, https:\/\/marcali.plebania.hu\/wp-content\/uploads\/2020\/07\/10-1-1536x1024.jpg 1536w, https:\/\/marcali.plebania.hu\/wp-content\/uploads\/2020\/07\/10-1-2048x1365.jpg 2048w, https:\/\/marcali.plebania.hu\/wp-content\/uploads\/2020\/07\/10-1-405x270.jpg 405w\" sizes=\"auto, (max-width: 1024px) 100vw, 1024px\" \/><\/figure><\/li><li class=\"blocks-gallery-item\"><figure><img loading=\"lazy\" decoding=\"async\" width=\"1024\" height=\"683\" src=\"https:\/\/marcali.plebania.hu\/wp-content\/uploads\/2020\/07\/24-1-1024x683.jpg\" alt=\"\" data-id=\"2002\" data-link=\"https:\/\/marcali.plebania.hu\/?attachment_id=2002\" class=\"wp-image-2002\" srcset=\"https:\/\/marcali.plebania.hu\/wp-content\/uploads\/2020\/07\/24-1-1024x683.jpg 1024w, https:\/\/marcali.plebania.hu\/wp-content\/uploads\/2020\/07\/24-1-300x200.jpg 300w, https:\/\/marcali.plebania.hu\/wp-content\/uploads\/2020\/07\/24-1-768x512.jpg 768w, https:\/\/marcali.plebania.hu\/wp-content\/uploads\/2020\/07\/24-1-1536x1024.jpg 1536w, https:\/\/marcali.plebania.hu\/wp-content\/uploads\/2020\/07\/24-1-2048x1365.jpg 2048w, https:\/\/marcali.plebania.hu\/wp-content\/uploads\/2020\/07\/24-1-405x270.jpg 405w\" sizes=\"auto, (max-width: 1024px) 100vw, 1024px\" \/><\/figure><\/li><li class=\"blocks-gallery-item\"><figure><img loading=\"lazy\" decoding=\"async\" width=\"1024\" height=\"683\" src=\"https:\/\/marcali.plebania.hu\/wp-content\/uploads\/2020\/07\/36-1024x683.jpg\" alt=\"\" data-id=\"2003\" data-link=\"https:\/\/marcali.plebania.hu\/?attachment_id=2003\" class=\"wp-image-2003\" srcset=\"https:\/\/marcali.plebania.hu\/wp-content\/uploads\/2020\/07\/36-1024x683.jpg 1024w, https:\/\/marcali.plebania.hu\/wp-content\/uploads\/2020\/07\/36-300x200.jpg 300w, https:\/\/marcali.plebania.hu\/wp-content\/uploads\/2020\/07\/36-768x512.jpg 768w, https:\/\/marcali.plebania.hu\/wp-content\/uploads\/2020\/07\/36-1536x1024.jpg 1536w, https:\/\/marcali.plebania.hu\/wp-content\/uploads\/2020\/07\/36-2048x1365.jpg 2048w, https:\/\/marcali.plebania.hu\/wp-content\/uploads\/2020\/07\/36-405x270.jpg 405w\" sizes=\"auto, (max-width: 1024px) 100vw, 1024px\" \/><\/figure><\/li><li class=\"blocks-gallery-item\"><figure><img loading=\"lazy\" decoding=\"async\" width=\"1024\" height=\"683\" src=\"https:\/\/marcali.plebania.hu\/wp-content\/uploads\/2020\/07\/45-1024x683.jpg\" alt=\"\" data-id=\"2004\" data-full-url=\"https:\/\/marcali.plebania.hu\/wp-content\/uploads\/2020\/07\/45-scaled.jpg\" data-link=\"https:\/\/marcali.plebania.hu\/?attachment_id=2004\" class=\"wp-image-2004\" srcset=\"https:\/\/marcali.plebania.hu\/wp-content\/uploads\/2020\/07\/45-1024x683.jpg 1024w, https:\/\/marcali.plebania.hu\/wp-content\/uploads\/2020\/07\/45-300x200.jpg 300w, https:\/\/marcali.plebania.hu\/wp-content\/uploads\/2020\/07\/45-768x512.jpg 768w, https:\/\/marcali.plebania.hu\/wp-content\/uploads\/2020\/07\/45-1536x1024.jpg 1536w, https:\/\/marcali.plebania.hu\/wp-content\/uploads\/2020\/07\/45-2048x1365.jpg 2048w, https:\/\/marcali.plebania.hu\/wp-content\/uploads\/2020\/07\/45-405x270.jpg 405w\" sizes=\"auto, (max-width: 1024px) 100vw, 1024px\" \/><\/figure><\/li><\/ul><\/figure>\n","protected":false},"excerpt":{"rendered":"<p>2020. j\u00falius 26-\u00e1n vas\u00e1rnap, a 9 \u00f3r\u00e1s szentmis\u00e9n eml\u00e9keztek meg Szent Krist\u00f3fr\u00f3l, aki a 14 seg\u00edt\u0151 szent egyike \u00e9s a n\u00e9pies vall\u00e1soss\u00e1g tal\u00e1n m\u00e1ig legn\u00e9pszer\u0171bb alakja. Krist\u00f3f az utasok, v\u00e1ndorok, haj\u00f3sok v\u00e9d\u0151szentje, de a g\u00e9pj\u00e1rm\u0171vek megjelen\u00e9s\u00e9t k\u00f6vet\u0151en az aut\u00f3sok \u00e9s motorosok is maguk\u00e9nak tudj\u00e1k. A mise ut\u00e1n Kiss Iv\u00e1n c. pr\u00e9post, esperes-pl\u00e9b\u00e1nos a pl\u00e9b\u00e1niatemplom k\u00f6rny\u00e9ki aut\u00f3parkol\u00f3ban l\u00e9v\u0151 j\u00e1rm\u0171veket \u00e9s vezet\u0151iket is meg\u00e1ldotta. Az idei \u00e9vben a sok ker\u00e9kp\u00e1r mellett m\u00e1r motorokat is hoztak a fiatalok, hogy a balesetmentes k\u00f6zleked\u00e9s \u00e9rdek\u00e9ben&#8230;<\/p>\n<p class=\"read-more\"><a class=\"btn btn-default\" href=\"https:\/\/marcali.plebania.hu\/?p=1996\"> Read More<span class=\"screen-reader-text\">  Read More<\/span><\/a><\/p>\n","protected":false},"author":2,"featured_media":0,"comment_status":"closed","ping_status":"open","sticky":false,"template":"","format":"standard","meta":{"footnotes":""},"categories":[1],"tags":[],"class_list":["post-1996","post","type-post","status-publish","format-standard","hentry","category-egyeb"],"_links":{"self":[{"href":"https:\/\/marcali.plebania.hu\/index.php?rest_route=\/wp\/v2\/posts\/1996","targetHints":{"allow":["GET"]}}],"collection":[{"href":"https:\/\/marcali.plebania.hu\/index.php?rest_route=\/wp\/v2\/posts"}],"about":[{"href":"https:\/\/marcali.plebania.hu\/index.php?rest_route=\/wp\/v2\/types\/post"}],"author":[{"embeddable":true,"href":"https:\/\/marcali.plebania.hu\/index.php?rest_route=\/wp\/v2\/users\/2"}],"replies":[{"embeddable":true,"href":"https:\/\/marcali.plebania.hu\/index.php?rest_route=%2Fwp%2Fv2%2Fcomments&post=1996"}],"version-history":[{"count":1,"href":"https:\/\/marcali.plebania.hu\/index.php?rest_route=\/wp\/v2\/posts\/1996\/revisions"}],"predecessor-version":[{"id":2005,"href":"https:\/\/marcali.plebania.hu\/index.php?rest_route=\/wp\/v2\/posts\/1996\/revisions\/2005"}],"wp:attachment":[{"href":"https:\/\/marcali.plebania.hu\/index.php?rest_route=%2Fwp%2Fv2%2Fmedia&parent=1996"}],"wp:term":[{"taxonomy":"category","embeddable":true,"href":"https:\/\/marcali.plebania.hu\/index.php?rest_route=%2Fwp%2Fv2%2Fcategories&post=1996"},{"taxonomy":"post_tag","embeddable":true,"href":"https:\/\/marcali.plebania.hu\/index.php?rest_route=%2Fwp%2Fv2%2Ftags&post=1996"}],"curies":[{"name":"wp","href":"https:\/\/api.w.org\/{rel}","templated":true}]}}