{"id":2007,"date":"2020-07-31T18:43:49","date_gmt":"2020-07-31T18:43:49","guid":{"rendered":"https:\/\/marcali.plebania.hu\/?p=2007"},"modified":"2020-07-31T18:43:49","modified_gmt":"2020-07-31T18:43:49","slug":"hirdetesek-2020-08-02","status":"publish","type":"post","link":"https:\/\/marcali.plebania.hu\/?p=2007","title":{"rendered":"Hirdet\u00e9sek, 2020. 08. 02."},"content":{"rendered":"\n<ol class=\"wp-block-list\"><li>Ma van az \u00e9vk\u00f6zi 18. vas\u00e1rnap.<\/li><li>A\u00a0h\u00e9ten p\u00e9nteken els\u0151 p\u00e9ntek. D\u00e9lel\u0151tt \u00a0a h\u00e1zi betegek \u00e9s az Id\u0151sek otthon\u00e1nak lak\u00f3inak \u00e1ldoztat\u00e1sa. D\u00e9lut\u00e1n 17 \u00f3r\u00e1t\u00f3l gy\u00f3ntat\u00e1s a templomkertben, a Szenth\u00e1roms\u00e1g szoborn\u00e1l. 17, 30-kor szents\u00e9gim\u00e1d\u00e1s, 18 \u00f3rakor szentmise.<\/li><li>J\u00f6v\u0151 szombaton is 18 \u00f3rakor lesz a szentmise.<\/li><li>Folyamatban van a gombai templom fel\u00faj\u00edt\u00e1sa, jelenleg a k\u0151m\u0171ves munk\u00e1k folynak. \u00dagy n\u00e9z ki, hogy p\u00e1ly\u00e1zati p\u00e9nz\u00fcnkb\u0151l a bels\u0151 fel\u00faj\u00edt\u00e1s k\u00e9sz\u00fclhet el.<\/li><li>Augusztus 20-\u00e1n, 10 \u00f3rakor szabadt\u00e9ri szentmise lesz a pl\u00e9b\u00e1nia el\u0151tt, a plat\u00e1nsor alatt, ahol megszentelj\u00fck \u00e9s megszegj\u00fck a Magyarok Kenyer\u00e9t, melynek lisztj\u00e9t ism\u00e9t a k\u00e9thelyi Gazdak\u00f6rt\u0151l kapjuk. \u00c9s a Tak\u00e1cs S\u00fct\u00f6de k\u00e9sz\u00edti el.<\/li><li>Augusztus 21-\u00e9n Marcaliban, az X-h\u00e1zban tartja esperesi ker\u00fcletem a ker\u00fcleti zsinatot, melyen\u00a0 ker\u00fclet papjai \u00e9s vil\u00e1gi k\u00fcld\u00f6ttei vesznek r\u00e9szt.<\/li><\/ol>\n","protected":false},"excerpt":{"rendered":"<p>Ma van az \u00e9vk\u00f6zi 18. vas\u00e1rnap. A\u00a0h\u00e9ten p\u00e9nteken els\u0151 p\u00e9ntek. D\u00e9lel\u0151tt \u00a0a h\u00e1zi betegek \u00e9s az Id\u0151sek otthon\u00e1nak lak\u00f3inak \u00e1ldoztat\u00e1sa. D\u00e9lut\u00e1n 17 \u00f3r\u00e1t\u00f3l gy\u00f3ntat\u00e1s a templomkertben, a Szenth\u00e1roms\u00e1g szoborn\u00e1l. 17, 30-kor szents\u00e9gim\u00e1d\u00e1s, 18 \u00f3rakor szentmise. J\u00f6v\u0151 szombaton is 18 \u00f3rakor lesz a szentmise. Folyamatban van a gombai templom fel\u00faj\u00edt\u00e1sa, jelenleg a k\u0151m\u0171ves munk\u00e1k folynak. \u00dagy n\u00e9z ki, hogy p\u00e1ly\u00e1zati p\u00e9nz\u00fcnkb\u0151l a bels\u0151 fel\u00faj\u00edt\u00e1s k\u00e9sz\u00fclhet el. Augusztus 20-\u00e1n, 10 \u00f3rakor szabadt\u00e9ri szentmise lesz a pl\u00e9b\u00e1nia el\u0151tt, a plat\u00e1nsor alatt, ahol megszentelj\u00fck&#8230;<\/p>\n<p class=\"read-more\"><a class=\"btn btn-default\" href=\"https:\/\/marcali.plebania.hu\/?p=2007\"> Read More<span class=\"screen-reader-text\">  Read More<\/span><\/a><\/p>\n","protected":false},"author":2,"featured_media":0,"comment_status":"closed","ping_status":"open","sticky":false,"template":"","format":"standard","meta":{"footnotes":""},"categories":[1],"tags":[],"class_list":["post-2007","post","type-post","status-publish","format-standard","hentry","category-egyeb"],"_links":{"self":[{"href":"https:\/\/marcali.plebania.hu\/index.php?rest_route=\/wp\/v2\/posts\/2007","targetHints":{"allow":["GET"]}}],"collection":[{"href":"https:\/\/marcali.plebania.hu\/index.php?rest_route=\/wp\/v2\/posts"}],"about":[{"href":"https:\/\/marcali.plebania.hu\/index.php?rest_route=\/wp\/v2\/types\/post"}],"author":[{"embeddable":true,"href":"https:\/\/marcali.plebania.hu\/index.php?rest_route=\/wp\/v2\/users\/2"}],"replies":[{"embeddable":true,"href":"https:\/\/marcali.plebania.hu\/index.php?rest_route=%2Fwp%2Fv2%2Fcomments&post=2007"}],"version-history":[{"count":1,"href":"https:\/\/marcali.plebania.hu\/index.php?rest_route=\/wp\/v2\/posts\/2007\/revisions"}],"predecessor-version":[{"id":2008,"href":"https:\/\/marcali.plebania.hu\/index.php?rest_route=\/wp\/v2\/posts\/2007\/revisions\/2008"}],"wp:attachment":[{"href":"https:\/\/marcali.plebania.hu\/index.php?rest_route=%2Fwp%2Fv2%2Fmedia&parent=2007"}],"wp:term":[{"taxonomy":"category","embeddable":true,"href":"https:\/\/marcali.plebania.hu\/index.php?rest_route=%2Fwp%2Fv2%2Fcategories&post=2007"},{"taxonomy":"post_tag","embeddable":true,"href":"https:\/\/marcali.plebania.hu\/index.php?rest_route=%2Fwp%2Fv2%2Ftags&post=2007"}],"curies":[{"name":"wp","href":"https:\/\/api.w.org\/{rel}","templated":true}]}}