{"id":2009,"date":"2020-08-07T08:06:05","date_gmt":"2020-08-07T08:06:05","guid":{"rendered":"https:\/\/marcali.plebania.hu\/?p=2009"},"modified":"2020-08-07T08:06:05","modified_gmt":"2020-08-07T08:06:05","slug":"hirdetesek-2020-08-09","status":"publish","type":"post","link":"https:\/\/marcali.plebania.hu\/?p=2009","title":{"rendered":"Hirdet\u00e9sek, 2020. 08. 09."},"content":{"rendered":"\n<ol class=\"wp-block-list\"><li>Ma van az \u00e9vk\u00f6zi 19. vas\u00e1rnap.<\/li><li>Cs\u00fct\u00f6rt\u00f6k\u00f6n 17 \u00f3rakor fatimai\nengesztel\u00e9st tartunk a pl\u00e9b\u00e1niatemplomban, 18 \u00f3rakor szentmise.<\/li><li>J\u00f6v\u0151 szombaton Nagyboldogasszony\n\u00fcnnepe, parancsolt \u00fcnnep, 18 \u00f3rakor lesz a szentmise.<\/li><li>Augusztus 20-\u00e1n, 10 \u00f3rakor szabadt\u00e9ri\nszentmise lesz a pl\u00e9b\u00e1nia el\u0151tt, a plat\u00e1nsor alatt, ahol megszentelj\u00fck \u00e9s\nmegszegj\u00fck a Magyarok Kenyer\u00e9t, melynek lisztj\u00e9t ism\u00e9t a k\u00e9thelyi Gazdak\u00f6rt\u0151l\nkapjuk. \u00c9s a Tak\u00e1cs S\u00fct\u00f6de k\u00e9sz\u00edti el.<\/li><li>Augusztus 21-\u00e9n Marcaliban, az\nX-h\u00e1zban tartja esperesi ker\u00fcletem a ker\u00fcleti zsinatot, melyen ker\u00fclet papjai\n\u00e9s vil\u00e1gi k\u00fcld\u00f6ttei vesznek r\u00e9szt.<\/li><\/ol>\n","protected":false},"excerpt":{"rendered":"<p>Ma van az \u00e9vk\u00f6zi 19. vas\u00e1rnap. Cs\u00fct\u00f6rt\u00f6k\u00f6n 17 \u00f3rakor fatimai engesztel\u00e9st tartunk a pl\u00e9b\u00e1niatemplomban, 18 \u00f3rakor szentmise. J\u00f6v\u0151 szombaton Nagyboldogasszony \u00fcnnepe, parancsolt \u00fcnnep, 18 \u00f3rakor lesz a szentmise. Augusztus 20-\u00e1n, 10 \u00f3rakor szabadt\u00e9ri szentmise lesz a pl\u00e9b\u00e1nia el\u0151tt, a plat\u00e1nsor alatt, ahol megszentelj\u00fck \u00e9s megszegj\u00fck a Magyarok Kenyer\u00e9t, melynek lisztj\u00e9t ism\u00e9t a k\u00e9thelyi Gazdak\u00f6rt\u0151l kapjuk. \u00c9s a Tak\u00e1cs S\u00fct\u00f6de k\u00e9sz\u00edti el. Augusztus 21-\u00e9n Marcaliban, az X-h\u00e1zban tartja esperesi ker\u00fcletem a ker\u00fcleti zsinatot, melyen ker\u00fclet papjai \u00e9s vil\u00e1gi k\u00fcld\u00f6ttei vesznek r\u00e9szt.<\/p>\n","protected":false},"author":2,"featured_media":0,"comment_status":"closed","ping_status":"open","sticky":false,"template":"","format":"standard","meta":{"footnotes":""},"categories":[1],"tags":[],"class_list":["post-2009","post","type-post","status-publish","format-standard","hentry","category-egyeb"],"_links":{"self":[{"href":"https:\/\/marcali.plebania.hu\/index.php?rest_route=\/wp\/v2\/posts\/2009","targetHints":{"allow":["GET"]}}],"collection":[{"href":"https:\/\/marcali.plebania.hu\/index.php?rest_route=\/wp\/v2\/posts"}],"about":[{"href":"https:\/\/marcali.plebania.hu\/index.php?rest_route=\/wp\/v2\/types\/post"}],"author":[{"embeddable":true,"href":"https:\/\/marcali.plebania.hu\/index.php?rest_route=\/wp\/v2\/users\/2"}],"replies":[{"embeddable":true,"href":"https:\/\/marcali.plebania.hu\/index.php?rest_route=%2Fwp%2Fv2%2Fcomments&post=2009"}],"version-history":[{"count":1,"href":"https:\/\/marcali.plebania.hu\/index.php?rest_route=\/wp\/v2\/posts\/2009\/revisions"}],"predecessor-version":[{"id":2010,"href":"https:\/\/marcali.plebania.hu\/index.php?rest_route=\/wp\/v2\/posts\/2009\/revisions\/2010"}],"wp:attachment":[{"href":"https:\/\/marcali.plebania.hu\/index.php?rest_route=%2Fwp%2Fv2%2Fmedia&parent=2009"}],"wp:term":[{"taxonomy":"category","embeddable":true,"href":"https:\/\/marcali.plebania.hu\/index.php?rest_route=%2Fwp%2Fv2%2Fcategories&post=2009"},{"taxonomy":"post_tag","embeddable":true,"href":"https:\/\/marcali.plebania.hu\/index.php?rest_route=%2Fwp%2Fv2%2Ftags&post=2009"}],"curies":[{"name":"wp","href":"https:\/\/api.w.org\/{rel}","templated":true}]}}