{"id":2012,"date":"2020-08-14T07:23:30","date_gmt":"2020-08-14T07:23:30","guid":{"rendered":"https:\/\/marcali.plebania.hu\/?p=2012"},"modified":"2020-08-14T07:23:30","modified_gmt":"2020-08-14T07:23:30","slug":"hirdetesek-2020-08-16","status":"publish","type":"post","link":"https:\/\/marcali.plebania.hu\/?p=2012","title":{"rendered":"Hirdet\u00e9sek, 2020. 08. 16."},"content":{"rendered":"\n<ol class=\"wp-block-list\"><li>Ma\nvan az \u00e9vk\u00f6zi 20. vas\u00e1rnap.<\/li><li>A\nh\u00e9ten, cs\u00fct\u00f6rt\u00f6k\u00f6n Szent Istv\u00e1n, Magyarorsz\u00e1g f\u0151 v\u00e9d\u0151szentj\u00e9nek \u00fcnnepe.\nD\u00e9lel\u0151tt 10 \u00f3rakor a pl\u00e9b\u00e1nia el\u0151tti plat\u00e1nsor alatt szabadt\u00e9ri szentmise lesz,\nmajd keny\u00e9rszentel\u00e9s \u00e9s az \u00faj keny\u00e9r meg\u00e1ld\u00e1sa, megszeg\u00e9se.<\/li><li>Augusztus\n21-\u00e9n, p\u00e9nteken este nem lesz szentmise, mivel az X-h\u00e1z nagyterm\u00e9ben d\u00e9lut\u00e1n 15\n\u00f3r\u00e1t\u00f3l esperesi ker\u00fcleti zsinat lesz a ker\u00fclet papjainak \u00e9s a pl\u00e9b\u00e1ni\u00e1k k\u00fcld\u00f6ttjeinek\nr\u00e9szv\u00e9tel\u00e9vel.<\/li><li>Folyamatban\nvan a gombai templom fel\u00faj\u00edt\u00e1sa, jelenleg a fest\u00e9si munk\u00e1k folynak, de a\np\u00e1ly\u00e1zati p\u00e9nzb\u0151l csak a templom belsej\u00e9t tudjuk fel\u00faj\u00edtani. A gombai h\u00edvekt\u0151l\nadom\u00e1nyt v\u00e1runk, hogy a templom k\u00fclseje is elk\u00e9sz\u00fclhessen.<\/li><\/ol>\n","protected":false},"excerpt":{"rendered":"<p>Ma van az \u00e9vk\u00f6zi 20. vas\u00e1rnap. A h\u00e9ten, cs\u00fct\u00f6rt\u00f6k\u00f6n Szent Istv\u00e1n, Magyarorsz\u00e1g f\u0151 v\u00e9d\u0151szentj\u00e9nek \u00fcnnepe. D\u00e9lel\u0151tt 10 \u00f3rakor a pl\u00e9b\u00e1nia el\u0151tti plat\u00e1nsor alatt szabadt\u00e9ri szentmise lesz, majd keny\u00e9rszentel\u00e9s \u00e9s az \u00faj keny\u00e9r meg\u00e1ld\u00e1sa, megszeg\u00e9se. Augusztus 21-\u00e9n, p\u00e9nteken este nem lesz szentmise, mivel az X-h\u00e1z nagyterm\u00e9ben d\u00e9lut\u00e1n 15 \u00f3r\u00e1t\u00f3l esperesi ker\u00fcleti zsinat lesz a ker\u00fclet papjainak \u00e9s a pl\u00e9b\u00e1ni\u00e1k k\u00fcld\u00f6ttjeinek r\u00e9szv\u00e9tel\u00e9vel. Folyamatban van a gombai templom fel\u00faj\u00edt\u00e1sa, jelenleg a fest\u00e9si munk\u00e1k folynak, de a p\u00e1ly\u00e1zati p\u00e9nzb\u0151l csak a templom belsej\u00e9t tudjuk&#8230;<\/p>\n<p class=\"read-more\"><a class=\"btn btn-default\" href=\"https:\/\/marcali.plebania.hu\/?p=2012\"> Read More<span class=\"screen-reader-text\">  Read More<\/span><\/a><\/p>\n","protected":false},"author":2,"featured_media":0,"comment_status":"closed","ping_status":"open","sticky":false,"template":"","format":"standard","meta":{"footnotes":""},"categories":[1],"tags":[],"class_list":["post-2012","post","type-post","status-publish","format-standard","hentry","category-egyeb"],"_links":{"self":[{"href":"https:\/\/marcali.plebania.hu\/index.php?rest_route=\/wp\/v2\/posts\/2012","targetHints":{"allow":["GET"]}}],"collection":[{"href":"https:\/\/marcali.plebania.hu\/index.php?rest_route=\/wp\/v2\/posts"}],"about":[{"href":"https:\/\/marcali.plebania.hu\/index.php?rest_route=\/wp\/v2\/types\/post"}],"author":[{"embeddable":true,"href":"https:\/\/marcali.plebania.hu\/index.php?rest_route=\/wp\/v2\/users\/2"}],"replies":[{"embeddable":true,"href":"https:\/\/marcali.plebania.hu\/index.php?rest_route=%2Fwp%2Fv2%2Fcomments&post=2012"}],"version-history":[{"count":1,"href":"https:\/\/marcali.plebania.hu\/index.php?rest_route=\/wp\/v2\/posts\/2012\/revisions"}],"predecessor-version":[{"id":2013,"href":"https:\/\/marcali.plebania.hu\/index.php?rest_route=\/wp\/v2\/posts\/2012\/revisions\/2013"}],"wp:attachment":[{"href":"https:\/\/marcali.plebania.hu\/index.php?rest_route=%2Fwp%2Fv2%2Fmedia&parent=2012"}],"wp:term":[{"taxonomy":"category","embeddable":true,"href":"https:\/\/marcali.plebania.hu\/index.php?rest_route=%2Fwp%2Fv2%2Fcategories&post=2012"},{"taxonomy":"post_tag","embeddable":true,"href":"https:\/\/marcali.plebania.hu\/index.php?rest_route=%2Fwp%2Fv2%2Ftags&post=2012"}],"curies":[{"name":"wp","href":"https:\/\/api.w.org\/{rel}","templated":true}]}}