{"id":2014,"date":"2020-08-19T09:50:43","date_gmt":"2020-08-19T09:50:43","guid":{"rendered":"https:\/\/marcali.plebania.hu\/?p=2014"},"modified":"2020-08-19T09:50:43","modified_gmt":"2020-08-19T09:50:43","slug":"hirdetesek-2020-08-23","status":"publish","type":"post","link":"https:\/\/marcali.plebania.hu\/?p=2014","title":{"rendered":"Hirdet\u00e9sek, 2020. 08. 23."},"content":{"rendered":"\n<ol class=\"wp-block-list\"><li>Ma\nvan az \u00e9vk\u00f6zi 21. vas\u00e1rnap.<\/li><li>Kedden\n16.30-kor az X-h\u00e1z nagyterm\u00e9ben Meister \u00c9va sz\u00ednm\u0171v\u00e9szn\u0151: Trianoni harangok\nc\u00edm\u0171 el\u0151ad\u00e1sa lesz a K\u00c9SZ-szervez\u00e9s\u00e9ben, melyre a h\u00edveket \u00e9s minden \u00e9rdekl\u0151d\u0151t szeretettel\nh\u00edvunk \u00e9s v\u00e1runk. Az esti szentmise elmarad.<\/li><li>Szeptember\n1-vel megkezd\u0151dik Marcali iskol\u00e1iban is a hitoktat\u00e1s. Mivel hittancsoportjaink\nmegemelkedtek, ez\u00e9rt egy \u00faj hitoktat\u00f3t, Fazekas Mikl\u00f3st is felvett\u00fcnk\nr\u00e9szmunkaid\u0151s munkak\u00f6rben. Az idei tan\u00e9vben is a gyermekek a hittank\u00f6nyvet\ningyen kapj\u00e1k.<\/li><li>Folyamatban\nvan a gombai templom fel\u00faj\u00edt\u00e1sa, jelenleg a fest\u00e9si munk\u00e1k folynak, de a\np\u00e1ly\u00e1zati p\u00e9nzb\u0151l csak a templom belsej\u00e9t tudjuk fel\u00faj\u00edtani. A gombai h\u00edvekt\u0151l adom\u00e1nyt\nv\u00e1runk, hogy a templom k\u00fclseje is elk\u00e9sz\u00fclhessen.<\/li><\/ol>\n","protected":false},"excerpt":{"rendered":"<p>Ma van az \u00e9vk\u00f6zi 21. vas\u00e1rnap. Kedden 16.30-kor az X-h\u00e1z nagyterm\u00e9ben Meister \u00c9va sz\u00ednm\u0171v\u00e9szn\u0151: Trianoni harangok c\u00edm\u0171 el\u0151ad\u00e1sa lesz a K\u00c9SZ-szervez\u00e9s\u00e9ben, melyre a h\u00edveket \u00e9s minden \u00e9rdekl\u0151d\u0151t szeretettel h\u00edvunk \u00e9s v\u00e1runk. Az esti szentmise elmarad. Szeptember 1-vel megkezd\u0151dik Marcali iskol\u00e1iban is a hitoktat\u00e1s. Mivel hittancsoportjaink megemelkedtek, ez\u00e9rt egy \u00faj hitoktat\u00f3t, Fazekas Mikl\u00f3st is felvett\u00fcnk r\u00e9szmunkaid\u0151s munkak\u00f6rben. Az idei tan\u00e9vben is a gyermekek a hittank\u00f6nyvet ingyen kapj\u00e1k. Folyamatban van a gombai templom fel\u00faj\u00edt\u00e1sa, jelenleg a fest\u00e9si munk\u00e1k folynak, de a p\u00e1ly\u00e1zati&#8230;<\/p>\n<p class=\"read-more\"><a class=\"btn btn-default\" href=\"https:\/\/marcali.plebania.hu\/?p=2014\"> Read More<span class=\"screen-reader-text\">  Read More<\/span><\/a><\/p>\n","protected":false},"author":2,"featured_media":0,"comment_status":"closed","ping_status":"open","sticky":false,"template":"","format":"standard","meta":{"footnotes":""},"categories":[1],"tags":[],"class_list":["post-2014","post","type-post","status-publish","format-standard","hentry","category-egyeb"],"_links":{"self":[{"href":"https:\/\/marcali.plebania.hu\/index.php?rest_route=\/wp\/v2\/posts\/2014","targetHints":{"allow":["GET"]}}],"collection":[{"href":"https:\/\/marcali.plebania.hu\/index.php?rest_route=\/wp\/v2\/posts"}],"about":[{"href":"https:\/\/marcali.plebania.hu\/index.php?rest_route=\/wp\/v2\/types\/post"}],"author":[{"embeddable":true,"href":"https:\/\/marcali.plebania.hu\/index.php?rest_route=\/wp\/v2\/users\/2"}],"replies":[{"embeddable":true,"href":"https:\/\/marcali.plebania.hu\/index.php?rest_route=%2Fwp%2Fv2%2Fcomments&post=2014"}],"version-history":[{"count":1,"href":"https:\/\/marcali.plebania.hu\/index.php?rest_route=\/wp\/v2\/posts\/2014\/revisions"}],"predecessor-version":[{"id":2015,"href":"https:\/\/marcali.plebania.hu\/index.php?rest_route=\/wp\/v2\/posts\/2014\/revisions\/2015"}],"wp:attachment":[{"href":"https:\/\/marcali.plebania.hu\/index.php?rest_route=%2Fwp%2Fv2%2Fmedia&parent=2014"}],"wp:term":[{"taxonomy":"category","embeddable":true,"href":"https:\/\/marcali.plebania.hu\/index.php?rest_route=%2Fwp%2Fv2%2Fcategories&post=2014"},{"taxonomy":"post_tag","embeddable":true,"href":"https:\/\/marcali.plebania.hu\/index.php?rest_route=%2Fwp%2Fv2%2Ftags&post=2014"}],"curies":[{"name":"wp","href":"https:\/\/api.w.org\/{rel}","templated":true}]}}