{"id":2019,"date":"2020-08-19T14:37:27","date_gmt":"2020-08-19T14:37:27","guid":{"rendered":"https:\/\/marcali.plebania.hu\/?p=2019"},"modified":"2021-01-15T08:46:11","modified_gmt":"2021-01-15T08:46:11","slug":"felujitas-alatt-a-gombai-templom","status":"publish","type":"post","link":"https:\/\/marcali.plebania.hu\/?p=2019","title":{"rendered":"Fel\u00faj\u00edt\u00e1s alatt a gombai templom"},"content":{"rendered":"\n<p>Marcali legr\u00e9gebbi r\u00f3mai katolikus temploma Gomb\u00e1n tal\u00e1lhat\u00f3. Az oklevelek 1397-ben eml\u00edtik el\u0151sz\u00f6r, papj\u00e1r\u00f3l m\u00e1r az 1333-as p\u00e1pai tizedjegyz\u00e9kek is eml\u00edt\u00e9st tettek. A t\u00f6r\u00f6k h\u00f3dolts\u00e1got k\u00f6vet\u0151en az igen romos \u00e1llapotban megmaradt \u00e9p\u00fcletet el\u0151sz\u00f6r 1735-ben r\u00e9szben t\u00e9gl\u00e1b\u00f3l \u00e9s f\u00e1b\u00f3l \u00fajj\u00e1\u00e9p\u00edtett\u00e9k, majd a mai barokk form\u00e1j\u00e1t 1755-ben nyerte el \u00e9s Antiochiai Szent Margit tisztelet\u00e9re szentelt\u00e9k f\u00f6l. Az az\u00f3ta eltelt t\u00f6bb mint k\u00e9t \u00e9s f\u00e9lsz\u00e1z \u00e9v alatt t\u00f6bbsz\u00f6r meg\u00fajult, \u00e1tv\u00e9szelte a m\u00e1sodik vil\u00e1gh\u00e1bor\u00fat. A legut\u00f3bbi nagyobb rekonstrukci\u00f3 2009-2010-ben t\u00f6rt\u00e9nt.<\/p>\n\n\n\n<figure class=\"wp-block-gallery columns-3 is-cropped wp-block-gallery-1 is-layout-flex wp-block-gallery-is-layout-flex\"><ul class=\"blocks-gallery-grid\"><li class=\"blocks-gallery-item\"><figure><img loading=\"lazy\" decoding=\"async\" width=\"1024\" height=\"683\" src=\"https:\/\/marcali.plebania.hu\/wp-content\/uploads\/2020\/08\/17-1024x683.jpg\" alt=\"\" data-id=\"2020\" data-link=\"https:\/\/marcali.plebania.hu\/?attachment_id=2020\" class=\"wp-image-2020\" srcset=\"https:\/\/marcali.plebania.hu\/wp-content\/uploads\/2020\/08\/17-1024x683.jpg 1024w, https:\/\/marcali.plebania.hu\/wp-content\/uploads\/2020\/08\/17-300x200.jpg 300w, https:\/\/marcali.plebania.hu\/wp-content\/uploads\/2020\/08\/17-768x512.jpg 768w, https:\/\/marcali.plebania.hu\/wp-content\/uploads\/2020\/08\/17-1536x1024.jpg 1536w, https:\/\/marcali.plebania.hu\/wp-content\/uploads\/2020\/08\/17-2048x1365.jpg 2048w, https:\/\/marcali.plebania.hu\/wp-content\/uploads\/2020\/08\/17-405x270.jpg 405w\" sizes=\"auto, (max-width: 1024px) 100vw, 1024px\" \/><\/figure><\/li><li class=\"blocks-gallery-item\"><figure><img loading=\"lazy\" decoding=\"async\" width=\"1024\" height=\"683\" src=\"https:\/\/marcali.plebania.hu\/wp-content\/uploads\/2020\/08\/19-1024x683.jpg\" alt=\"\" data-id=\"2021\" data-link=\"https:\/\/marcali.plebania.hu\/?attachment_id=2021\" class=\"wp-image-2021\" srcset=\"https:\/\/marcali.plebania.hu\/wp-content\/uploads\/2020\/08\/19-1024x683.jpg 1024w, https:\/\/marcali.plebania.hu\/wp-content\/uploads\/2020\/08\/19-300x200.jpg 300w, https:\/\/marcali.plebania.hu\/wp-content\/uploads\/2020\/08\/19-768x512.jpg 768w, https:\/\/marcali.plebania.hu\/wp-content\/uploads\/2020\/08\/19-1536x1024.jpg 1536w, https:\/\/marcali.plebania.hu\/wp-content\/uploads\/2020\/08\/19-2048x1365.jpg 2048w, https:\/\/marcali.plebania.hu\/wp-content\/uploads\/2020\/08\/19-405x270.jpg 405w\" sizes=\"auto, (max-width: 1024px) 100vw, 1024px\" \/><\/figure><\/li><li class=\"blocks-gallery-item\"><figure><img loading=\"lazy\" decoding=\"async\" width=\"1024\" height=\"683\" src=\"https:\/\/marcali.plebania.hu\/wp-content\/uploads\/2020\/08\/20-1024x683.jpg\" alt=\"\" data-id=\"2022\" data-link=\"https:\/\/marcali.plebania.hu\/?attachment_id=2022\" class=\"wp-image-2022\" srcset=\"https:\/\/marcali.plebania.hu\/wp-content\/uploads\/2020\/08\/20-1024x683.jpg 1024w, https:\/\/marcali.plebania.hu\/wp-content\/uploads\/2020\/08\/20-300x200.jpg 300w, https:\/\/marcali.plebania.hu\/wp-content\/uploads\/2020\/08\/20-768x512.jpg 768w, https:\/\/marcali.plebania.hu\/wp-content\/uploads\/2020\/08\/20-1536x1024.jpg 1536w, https:\/\/marcali.plebania.hu\/wp-content\/uploads\/2020\/08\/20-2048x1365.jpg 2048w, https:\/\/marcali.plebania.hu\/wp-content\/uploads\/2020\/08\/20-405x270.jpg 405w\" sizes=\"auto, (max-width: 1024px) 100vw, 1024px\" \/><\/figure><\/li><li class=\"blocks-gallery-item\"><figure><img loading=\"lazy\" decoding=\"async\" width=\"1024\" height=\"683\" src=\"https:\/\/marcali.plebania.hu\/wp-content\/uploads\/2020\/08\/16-1024x683.jpg\" alt=\"\" data-id=\"2023\" data-full-url=\"https:\/\/marcali.plebania.hu\/wp-content\/uploads\/2020\/08\/16-scaled.jpg\" data-link=\"https:\/\/marcali.plebania.hu\/?attachment_id=2023\" class=\"wp-image-2023\" srcset=\"https:\/\/marcali.plebania.hu\/wp-content\/uploads\/2020\/08\/16-1024x683.jpg 1024w, https:\/\/marcali.plebania.hu\/wp-content\/uploads\/2020\/08\/16-300x200.jpg 300w, https:\/\/marcali.plebania.hu\/wp-content\/uploads\/2020\/08\/16-768x512.jpg 768w, https:\/\/marcali.plebania.hu\/wp-content\/uploads\/2020\/08\/16-1536x1024.jpg 1536w, https:\/\/marcali.plebania.hu\/wp-content\/uploads\/2020\/08\/16-2048x1365.jpg 2048w, https:\/\/marcali.plebania.hu\/wp-content\/uploads\/2020\/08\/16-405x270.jpg 405w\" sizes=\"auto, (max-width: 1024px) 100vw, 1024px\" \/><\/figure><\/li><\/ul><\/figure>\n\n\n\n<p>Sajnos\naz elm\u00falt \u00e9vek sor\u00e1n a templom k\u00fcls\u0151 \u00e9s bels\u0151 \u00e1llapota annyira leromlott, hogy ism\u00e9t\nid\u0151szer\u0171v\u00e9 v\u00e1lt az \u00e9p\u00fclet teljes fel\u00faj\u00edt\u00e1sa. \u00c9ppen ez\u00e9rt 2019 elej\u00e9n az\nEgyh\u00e1zk\u00f6zs\u00e9g K\u00e9pvisel\u0151 Test\u00fclete v\u00e9gleges d\u00f6nt\u00e9st hozott a gombai templom\nteljes rekonstrukci\u00f3j\u00e1r\u00f3l. Mivel saj\u00e1t er\u0151b\u0151l ezeket a nagy volumen\u0171 beruh\u00e1z\u00e1sokat\nfinansz\u00edrozni nem tudt\u00e1k volna, ez\u00e9rt k\u00fcl\u00f6nf\u00e9le p\u00e1ly\u00e1zati forr\u00e1sokat vettek\nig\u00e9nybe a tervek megval\u00f3s\u00edt\u00e1s\u00e1hoz.<\/p>\n\n\n\n<p>Els\u0151k\u00e9nt\n2019 tavasz\u00e1n egy p\u00e1ly\u00e1zatot ny\u00fajtottak be a Bethlen G\u00e1bor Alapkezel\u0151h\u00f6z erre a\nc\u00e9lra. Az egyh\u00e1zi t\u00e1mogat\u00e1sok oszt\u00e1lya v\u00e9g\u00fcl az EGYH-EOR-19-0434 azonos\u00edt\u00f3\nsz\u00e1m\u00fa p\u00e1ly\u00e1zatot elfogadta \u00e9s d\u00f6nt\u00e9s\u00e9vel 8 milli\u00f3 Ft-ot szavazott meg a gombai\ntemplom fel\u00faj\u00edt\u00e1s\u00e1ra. Ebb\u0151l az \u00f6sszegb\u0151l azonban csak r\u00e9szleges fel\u00faj\u00edt\u00e1st,\nazaz a legsz\u00fcks\u00e9gesebb feladatokat lehetett megval\u00f3s\u00edtani, ez\u00e9rt sz\u00fcks\u00e9g volt\nm\u00e1s forr\u00e1sok bevon\u00e1s\u00e1ra is.<\/p>\n\n\n\n<p>M\u00e9g\nugyanebben az \u00e9vben Marcali V\u00e1ros \u00d6nkorm\u00e1nyzata 1,5 milli\u00f3 Ft t\u00e1mogat\u00e1st\nszavazott meg a R\u00f3mai Katolikus Egyh\u00e1zk\u00f6zs\u00e9g r\u00e9sz\u00e9re, amely \u00f6sszegnek fel\u00e9t akkor\na Gy\u00fcm\u00f6lcsolt\u00f3 Boldogasszony pl\u00e9b\u00e1niatemplom t\u00e9li k\u00e1poln\u00e1j\u00e1nak a kialak\u00edt\u00e1s\u00e1ra\nford\u00edtott\u00e1k. A m\u00e1sik 750.000- Ft-ot pedig a gombai templom fel\u00faj\u00edt\u00e1s\u00e1hoz\nsz\u00fcks\u00e9ges tervdokument\u00e1ci\u00f3 elk\u00e9sz\u00edt\u00e9s\u00e9nek k\u00f6lts\u00e9geire haszn\u00e1lt\u00e1k fel, hogy a hat\u00e1lyos\njogszab\u00e1lyoknak \u00e9s el\u0151\u00edr\u00e1soknak megfelel\u0151en a templomot az eredeti form\u00e1j\u00e1ba\n\u00e1ll\u00edthass\u00e1k vissza.<\/p>\n\n\n\n<p>Az el\u0151k\u00e9sz\u00edt\u0151 munk\u00e1k \u00e9s a megfelel\u0151 tervek elk\u00e9sz\u00edt\u00e9s\u00e9hez szakszer\u0171 seg\u00edts\u00e9get ny\u00fajtott Mohay G\u00e1bor, a Kaposv\u00e1ri Egyh\u00e1zmegye f\u0151\u00e9p\u00edt\u00e9sze, aki t\u00f6bbsz\u00f6r is j\u00e1rt a helysz\u00ednen \u00e9s t\u00e1rgyalt a pl\u00e9b\u00e1ni\u00e1n.<\/p>\n\n\n\n<figure class=\"wp-block-gallery columns-3 is-cropped wp-block-gallery-2 is-layout-flex wp-block-gallery-is-layout-flex\"><ul class=\"blocks-gallery-grid\"><li class=\"blocks-gallery-item\"><figure><img loading=\"lazy\" decoding=\"async\" width=\"1024\" height=\"683\" src=\"https:\/\/marcali.plebania.hu\/wp-content\/uploads\/2020\/08\/01-1024x683.jpg\" alt=\"\" data-id=\"2024\" data-link=\"https:\/\/marcali.plebania.hu\/?attachment_id=2024\" class=\"wp-image-2024\" srcset=\"https:\/\/marcali.plebania.hu\/wp-content\/uploads\/2020\/08\/01-1024x683.jpg 1024w, https:\/\/marcali.plebania.hu\/wp-content\/uploads\/2020\/08\/01-300x200.jpg 300w, https:\/\/marcali.plebania.hu\/wp-content\/uploads\/2020\/08\/01-768x512.jpg 768w, https:\/\/marcali.plebania.hu\/wp-content\/uploads\/2020\/08\/01-1536x1024.jpg 1536w, https:\/\/marcali.plebania.hu\/wp-content\/uploads\/2020\/08\/01-2048x1365.jpg 2048w, https:\/\/marcali.plebania.hu\/wp-content\/uploads\/2020\/08\/01-405x270.jpg 405w\" sizes=\"auto, (max-width: 1024px) 100vw, 1024px\" \/><\/figure><\/li><li class=\"blocks-gallery-item\"><figure><img loading=\"lazy\" decoding=\"async\" width=\"1024\" height=\"683\" src=\"https:\/\/marcali.plebania.hu\/wp-content\/uploads\/2020\/08\/04-1024x683.jpg\" alt=\"\" data-id=\"2025\" data-link=\"https:\/\/marcali.plebania.hu\/?attachment_id=2025\" class=\"wp-image-2025\" srcset=\"https:\/\/marcali.plebania.hu\/wp-content\/uploads\/2020\/08\/04-1024x683.jpg 1024w, https:\/\/marcali.plebania.hu\/wp-content\/uploads\/2020\/08\/04-300x200.jpg 300w, https:\/\/marcali.plebania.hu\/wp-content\/uploads\/2020\/08\/04-768x512.jpg 768w, https:\/\/marcali.plebania.hu\/wp-content\/uploads\/2020\/08\/04-1536x1024.jpg 1536w, https:\/\/marcali.plebania.hu\/wp-content\/uploads\/2020\/08\/04-2048x1365.jpg 2048w, https:\/\/marcali.plebania.hu\/wp-content\/uploads\/2020\/08\/04-405x270.jpg 405w\" sizes=\"auto, (max-width: 1024px) 100vw, 1024px\" \/><\/figure><\/li><li class=\"blocks-gallery-item\"><figure><img loading=\"lazy\" decoding=\"async\" width=\"1024\" height=\"683\" src=\"https:\/\/marcali.plebania.hu\/wp-content\/uploads\/2020\/08\/06-1024x683.jpg\" alt=\"\" data-id=\"2026\" data-full-url=\"https:\/\/marcali.plebania.hu\/wp-content\/uploads\/2020\/08\/06-scaled.jpg\" data-link=\"https:\/\/marcali.plebania.hu\/?attachment_id=2026\" class=\"wp-image-2026\" srcset=\"https:\/\/marcali.plebania.hu\/wp-content\/uploads\/2020\/08\/06-1024x683.jpg 1024w, https:\/\/marcali.plebania.hu\/wp-content\/uploads\/2020\/08\/06-300x200.jpg 300w, https:\/\/marcali.plebania.hu\/wp-content\/uploads\/2020\/08\/06-768x512.jpg 768w, https:\/\/marcali.plebania.hu\/wp-content\/uploads\/2020\/08\/06-1536x1024.jpg 1536w, https:\/\/marcali.plebania.hu\/wp-content\/uploads\/2020\/08\/06-2048x1365.jpg 2048w, https:\/\/marcali.plebania.hu\/wp-content\/uploads\/2020\/08\/06-405x270.jpg 405w\" sizes=\"auto, (max-width: 1024px) 100vw, 1024px\" \/><\/figure><\/li><li class=\"blocks-gallery-item\"><figure><img loading=\"lazy\" decoding=\"async\" width=\"1024\" height=\"683\" src=\"https:\/\/marcali.plebania.hu\/wp-content\/uploads\/2020\/08\/07-1024x683.jpg\" alt=\"\" data-id=\"2027\" data-full-url=\"https:\/\/marcali.plebania.hu\/wp-content\/uploads\/2020\/08\/07-scaled.jpg\" data-link=\"https:\/\/marcali.plebania.hu\/?attachment_id=2027\" class=\"wp-image-2027\" srcset=\"https:\/\/marcali.plebania.hu\/wp-content\/uploads\/2020\/08\/07-1024x683.jpg 1024w, https:\/\/marcali.plebania.hu\/wp-content\/uploads\/2020\/08\/07-300x200.jpg 300w, https:\/\/marcali.plebania.hu\/wp-content\/uploads\/2020\/08\/07-768x512.jpg 768w, https:\/\/marcali.plebania.hu\/wp-content\/uploads\/2020\/08\/07-1536x1024.jpg 1536w, https:\/\/marcali.plebania.hu\/wp-content\/uploads\/2020\/08\/07-2048x1365.jpg 2048w, https:\/\/marcali.plebania.hu\/wp-content\/uploads\/2020\/08\/07-405x270.jpg 405w\" sizes=\"auto, (max-width: 1024px) 100vw, 1024px\" \/><\/figure><\/li><\/ul><\/figure>\n\n\n\n<p>A\ntervdokument\u00e1ci\u00f3s munk\u00e1val, valamint a k\u00fcl\u00f6nf\u00e9le \u00e9p\u00edt\u00e9si enged\u00e9lyek\nbeszerz\u00e9s\u00e9vel 2019 v\u00e9g\u00e9n Kiss Ede Csaba marcali m\u00e9rn\u00f6k\u00f6t b\u00edzta meg az egyh\u00e1zk\u00f6zs\u00e9g\nvezet\u00e9se. Mivel a gombai templom 1958 \u00f3ta m\u0171eml\u00e9k \u00e9p\u00fclet, ez\u00e9rt volt sz\u00fcks\u00e9g a\nm\u0171eml\u00e9ki tudom\u00e1nyos dokument\u00e1ci\u00f3 elk\u00e9sz\u00edt\u00e9s\u00e9re is, megfelel\u0151 szakemberek\nbevon\u00e1s\u00e1val. A munk\u00e1kat 2020. janu\u00e1r 15-\u00e9t\u0151l Weiler \u00c1rp\u00e1d, tudom\u00e1nyos szak\u00e9rt\u0151\nv\u00e1llalta el \u00e9s a budapesti sz\u00e9khely\u0171 Weilerterv \u00c9p\u00edt\u00e9sz Iroda Kft. k\u00e9sz\u00edtette\nel febru\u00e1r 20-ki hat\u00e1rid\u0151vel. A vonatkoz\u00f3 jogszab\u00e1lyok a 496\/2016. (XII.28.)\nkorm\u00e1nyrendelet 9. Mell\u00e9klet\u00e9nek D. pontja alapj\u00e1n a k\u00f6vetkez\u0151 munkar\u00e9szek\nk\u00e9sz\u00fcltek el a v\u00e1llalt hat\u00e1rid\u0151re: a vonatkoz\u00f3 szakirodalom jegyzetekkel\nkieg\u00e9sz\u00edtett ismertet\u00e9se; forr\u00e1skutat\u00e1s (relev\u00e1ns \u00edrott forr\u00e1sok, t\u00e9rk\u00e9pek,\ntervek, f\u00e9nyk\u00e9pek, \u00e1br\u00e1zol\u00e1sok); r\u00e9szletes k\u00fcls\u0151 \u00e9s bels\u0151 \u00e9p\u00edt\u00e9szeti le\u00edr\u00e1s;\n\u00e9rt\u00e9klelt\u00e1r; \u00e9p\u00edt\u00e9st\u00f6rt\u00e9net \u00e9s telekt\u00f6rt\u00e9net \u00f6sszefoglal\u00e1sa a kor\u00e1bbi \u00e1llapotok\nv\u00e1ltoz\u00e1sainak le\u00edr\u00e1s\u00e1val; felhaszn\u00e1lt irodalom \u00e9s forr\u00e1sok jegyz\u00e9ke; a relev\u00e1ns\nfelhaszn\u00e1lt (lev\u00e9lt\u00e1ri) forr\u00e1sok m\u00e1solatai; javaslat a tov\u00e1bbi tudom\u00e1nyos vagy\nroncsol\u00e1sos kutat\u00e1sra, kutat\u00f3i megfigyel\u00e9sre; \u00f6sszefoglal\u00f3 \u00e9rt\u00e9kel\u00e9s; a v\u00e9dett\nm\u0171eml\u00e9ki \u00e9rt\u00e9k meg\u0151rz\u00e9s\u00e9re \u00e9s fenntart\u00e1s\u00e1ra vonatkoz\u00f3 szak\u00e9rt\u0151i javaslat;\ntov\u00e1bb\u00e1 \u00e9p\u00edt\u00e9szeti felm\u00e9r\u00e9s, (digit\u00e1lis homlokzat vagy szabadk\u00e9zi v\u00e1zlatok);\nszerkezeti meger\u0151s\u00edt\u00e9si, bont\u00e1si, \u00e1t\u00e9p\u00edt\u00e9si munkar\u00e9sz; \u00e9s bels\u0151 falk\u00e9pvizsg\u00e1lat\n(erre utal\u00f3 nyomok alapj\u00e1n) is megt\u00f6rt\u00e9nt. A fel\u00faj\u00edt\u00e1shoz sz\u00fcks\u00e9ges\ntervdokument\u00e1ci\u00f3 teh\u00e1t elk\u00e9sz\u00fclt, az \u00e9p\u00edt\u00e9si enged\u00e9ly is meg\u00e9rkezett, de a\nkoronav\u00edrus-j\u00e1rv\u00e1ny miatt \u2013 az id\u0151j\u00e1r\u00e1s f\u00fcggv\u00e9ny\u00e9ben \u2013 a t\u00e9nyleges munk\u00e1k\nelkezd\u00e9se cs\u00fasz\u00e1st szenvedett, s egy id\u0151re bizonytalann\u00e1 v\u00e1lt.<\/p>\n\n\n\n<p>A vesz\u00e9lyhelyzet elm\u00falt\u00e1val, a befejez\u00e9si hat\u00e1rid\u0151k m\u00f3dos\u00edt\u00e1s\u00e1val, v\u00e9g\u00fcl 2020 nyar\u00e1n (j\u00falius k\u00f6zep\u00e9n) megkezd\u0151dhettek a t\u00e9nyleges munk\u00e1latok is, melyet Danicser D\u00e1vid m\u0171szaki ellen\u0151r \u00e9s Kondor Erika felel\u0151s m\u0171szaki vezet\u0151 \u2013a m\u0171eml\u00e9kesek r\u00e9sz\u00e9r\u0151l \u2013 ir\u00e1ny\u00edtanak.<\/p>\n\n\n\n<figure class=\"wp-block-gallery columns-3 is-cropped wp-block-gallery-3 is-layout-flex wp-block-gallery-is-layout-flex\"><ul class=\"blocks-gallery-grid\"><li class=\"blocks-gallery-item\"><figure><img loading=\"lazy\" decoding=\"async\" width=\"1024\" height=\"683\" src=\"https:\/\/marcali.plebania.hu\/wp-content\/uploads\/2020\/08\/12-1024x683.jpg\" alt=\"\" data-id=\"2028\" data-link=\"https:\/\/marcali.plebania.hu\/?attachment_id=2028\" class=\"wp-image-2028\" srcset=\"https:\/\/marcali.plebania.hu\/wp-content\/uploads\/2020\/08\/12-1024x683.jpg 1024w, https:\/\/marcali.plebania.hu\/wp-content\/uploads\/2020\/08\/12-300x200.jpg 300w, https:\/\/marcali.plebania.hu\/wp-content\/uploads\/2020\/08\/12-768x512.jpg 768w, https:\/\/marcali.plebania.hu\/wp-content\/uploads\/2020\/08\/12-1536x1024.jpg 1536w, https:\/\/marcali.plebania.hu\/wp-content\/uploads\/2020\/08\/12-2048x1365.jpg 2048w, https:\/\/marcali.plebania.hu\/wp-content\/uploads\/2020\/08\/12-405x270.jpg 405w\" sizes=\"auto, (max-width: 1024px) 100vw, 1024px\" \/><\/figure><\/li><li class=\"blocks-gallery-item\"><figure><img loading=\"lazy\" decoding=\"async\" width=\"1024\" height=\"683\" src=\"https:\/\/marcali.plebania.hu\/wp-content\/uploads\/2020\/08\/13-1024x683.jpg\" alt=\"\" data-id=\"2029\" data-link=\"https:\/\/marcali.plebania.hu\/?attachment_id=2029\" class=\"wp-image-2029\" srcset=\"https:\/\/marcali.plebania.hu\/wp-content\/uploads\/2020\/08\/13-1024x683.jpg 1024w, https:\/\/marcali.plebania.hu\/wp-content\/uploads\/2020\/08\/13-300x200.jpg 300w, https:\/\/marcali.plebania.hu\/wp-content\/uploads\/2020\/08\/13-768x512.jpg 768w, https:\/\/marcali.plebania.hu\/wp-content\/uploads\/2020\/08\/13-1536x1024.jpg 1536w, https:\/\/marcali.plebania.hu\/wp-content\/uploads\/2020\/08\/13-2048x1365.jpg 2048w, https:\/\/marcali.plebania.hu\/wp-content\/uploads\/2020\/08\/13-405x270.jpg 405w\" sizes=\"auto, (max-width: 1024px) 100vw, 1024px\" \/><\/figure><\/li><li class=\"blocks-gallery-item\"><figure><img loading=\"lazy\" decoding=\"async\" width=\"1024\" height=\"683\" src=\"https:\/\/marcali.plebania.hu\/wp-content\/uploads\/2020\/08\/10-1024x683.jpg\" alt=\"\" data-id=\"2030\" data-full-url=\"https:\/\/marcali.plebania.hu\/wp-content\/uploads\/2020\/08\/10-scaled.jpg\" data-link=\"https:\/\/marcali.plebania.hu\/?attachment_id=2030\" class=\"wp-image-2030\" srcset=\"https:\/\/marcali.plebania.hu\/wp-content\/uploads\/2020\/08\/10-1024x683.jpg 1024w, https:\/\/marcali.plebania.hu\/wp-content\/uploads\/2020\/08\/10-300x200.jpg 300w, https:\/\/marcali.plebania.hu\/wp-content\/uploads\/2020\/08\/10-768x512.jpg 768w, https:\/\/marcali.plebania.hu\/wp-content\/uploads\/2020\/08\/10-1536x1024.jpg 1536w, https:\/\/marcali.plebania.hu\/wp-content\/uploads\/2020\/08\/10-2048x1365.jpg 2048w, https:\/\/marcali.plebania.hu\/wp-content\/uploads\/2020\/08\/10-405x270.jpg 405w\" sizes=\"auto, (max-width: 1024px) 100vw, 1024px\" \/><\/figure><\/li><li class=\"blocks-gallery-item\"><figure><img loading=\"lazy\" decoding=\"async\" width=\"1024\" height=\"683\" src=\"https:\/\/marcali.plebania.hu\/wp-content\/uploads\/2020\/08\/11-1024x683.jpg\" alt=\"\" data-id=\"2031\" data-full-url=\"https:\/\/marcali.plebania.hu\/wp-content\/uploads\/2020\/08\/11-scaled.jpg\" data-link=\"https:\/\/marcali.plebania.hu\/?attachment_id=2031\" class=\"wp-image-2031\" srcset=\"https:\/\/marcali.plebania.hu\/wp-content\/uploads\/2020\/08\/11-1024x683.jpg 1024w, https:\/\/marcali.plebania.hu\/wp-content\/uploads\/2020\/08\/11-300x200.jpg 300w, https:\/\/marcali.plebania.hu\/wp-content\/uploads\/2020\/08\/11-768x512.jpg 768w, https:\/\/marcali.plebania.hu\/wp-content\/uploads\/2020\/08\/11-1536x1024.jpg 1536w, https:\/\/marcali.plebania.hu\/wp-content\/uploads\/2020\/08\/11-2048x1365.jpg 2048w, https:\/\/marcali.plebania.hu\/wp-content\/uploads\/2020\/08\/11-405x270.jpg 405w\" sizes=\"auto, (max-width: 1024px) 100vw, 1024px\" \/><\/figure><\/li><\/ul><\/figure>\n\n\n\n<p>Els\u0151k\u00e9nt\na villanyszerel\u00e9si munk\u00e1latok kezd\u0151dtek meg, mivel a r\u00e9gi rendszer elavult, \u00e9s korszer\u0171tlen\nvolt. Ezt a beruh\u00e1z\u00e1st Simon Tam\u00e1s \u00f6reglaki v\u00e1llalkoz\u00f3 k\u00e9sz\u00edtette, aki\nmoderniz\u00e1lta \u00e9s szigetelt, r\u00e9z vezet\u00e9kre cser\u00e9lte, h\u00fazta \u00e1t a r\u00e9gi, alum\u00ednium\nvillamos h\u00e1l\u00f3zatot. Ezen k\u00edv\u00fcl a r\u00e9gi elektromos padf\u0171t\u00e9s vezet\u00e9keit is\ncser\u00e9lni kellett.<\/p>\n\n\n\n<p>A\nk\u00f6vetkez\u0151 \u00fctemben a k\u0151m\u0171ves fel\u00faj\u00edt\u00e1si munk\u00e1k k\u00f6vetkeztek. Els\u0151k\u00e9nt a k\u00fclt\u00e9ri\nvakolat elt\u00e1vol\u00edt\u00e1sa t\u00f6rt\u00e9nt meg, hogy sz\u00e1radjon a fal; majd bel\u00fcl a r\u00e9gi padl\u00f3\nfelv\u00e9s\u00e9se, a f\u00f6ld kitermel\u00e9se, az aljzatbeton elk\u00e9sz\u00edt\u00e9se k\u00f6vetkezett. \u00daj\nmegold\u00e1sk\u00e9nt k\u00f6rben a falak mellett 15 cm sz\u00e9less\u00e9gben, 25 cm m\u00e9lyen\nfalszell\u0151ztet\u0151 kialak\u00edt\u00e1sa t\u00f6rt\u00e9nt meg kerti szeg\u00e9llyel, amelyet majd kaviccsal\nt\u00f6ltenek fel, hogy a vizes falak p\u00e1r\u00e1tlan\u00edt\u00e1sa megfelel\u0151 legyen. Ezt k\u00f6veti majd\na fest\u0151k ut\u00e1n a padl\u00f3 burkol\u00e1s \u00e9s a villanyszerel\u0151 ut\u00e1ni vakolat jav\u00edt\u00e1s. Ezzel\na munk\u00e1kkal Kiss Zolt\u00e1n Bal\u00e1zs sz\u0151kedencsi k\u0151m\u0171ves mester lett megb\u00edzva, aki\nm\u00e1r eddig is t\u00f6bb prec\u00edz munk\u00e1t v\u00e9gzett az egyh\u00e1zk\u00f6zs\u00e9g megb\u00edz\u00e1s\u00e1b\u00f3l.<\/p>\n\n\n\n<p>Jelenleg a fest\u00e9si munk\u00e1latokkal folytat\u00f3dik a fel\u00faj\u00edt\u00e1s, melyet Sztank\u00f3 Tam\u00e1s lengyelt\u00f3ti v\u00e1llalkoz\u00f3 \u00e9s csapata v\u00e9gez. Az I. oszt\u00e1ly\u00fa min\u0151s\u00e9gben v\u00e1llalt munkafolyamatok a falfel\u00fclet el\u0151k\u00e9sz\u00edt\u00e9s\u00e9vel (kapar\u00e1ssal) indultak, majd pedig faljav\u00edt\u00e1si munk\u00e1k, falfel\u00fclet glettel\u00e9se t\u00f6rt\u00e9nt meszes glettel, amit m\u00e9szfest\u00e9kkel t\u00f6rt\u00e9n\u0151 fest\u00e9s \u00e9s v\u00e9g\u00fcl a ny\u00edl\u00e1sz\u00e1r\u00f3k m\u00e1zol\u00e1sa z\u00e1r. Ez \u00f6sszesen 3db ablakot, \u00e9s 3db ajt\u00f3t \u00e9rint\u0151 feladat.<\/p>\n\n\n\n<figure class=\"wp-block-gallery columns-3 is-cropped wp-block-gallery-4 is-layout-flex wp-block-gallery-is-layout-flex\"><ul class=\"blocks-gallery-grid\"><li class=\"blocks-gallery-item\"><figure><img loading=\"lazy\" decoding=\"async\" width=\"1024\" height=\"683\" src=\"https:\/\/marcali.plebania.hu\/wp-content\/uploads\/2020\/08\/23-1024x683.jpg\" alt=\"\" data-id=\"2032\" data-full-url=\"https:\/\/marcali.plebania.hu\/wp-content\/uploads\/2020\/08\/23-scaled.jpg\" data-link=\"https:\/\/marcali.plebania.hu\/?attachment_id=2032\" class=\"wp-image-2032\" srcset=\"https:\/\/marcali.plebania.hu\/wp-content\/uploads\/2020\/08\/23-1024x683.jpg 1024w, https:\/\/marcali.plebania.hu\/wp-content\/uploads\/2020\/08\/23-300x200.jpg 300w, https:\/\/marcali.plebania.hu\/wp-content\/uploads\/2020\/08\/23-768x512.jpg 768w, https:\/\/marcali.plebania.hu\/wp-content\/uploads\/2020\/08\/23-1536x1024.jpg 1536w, https:\/\/marcali.plebania.hu\/wp-content\/uploads\/2020\/08\/23-2048x1365.jpg 2048w, https:\/\/marcali.plebania.hu\/wp-content\/uploads\/2020\/08\/23-405x270.jpg 405w\" sizes=\"auto, (max-width: 1024px) 100vw, 1024px\" \/><\/figure><\/li><li class=\"blocks-gallery-item\"><figure><img loading=\"lazy\" decoding=\"async\" width=\"1024\" height=\"683\" src=\"https:\/\/marcali.plebania.hu\/wp-content\/uploads\/2020\/08\/24-1024x683.jpg\" alt=\"\" data-id=\"2033\" data-full-url=\"https:\/\/marcali.plebania.hu\/wp-content\/uploads\/2020\/08\/24-scaled.jpg\" data-link=\"https:\/\/marcali.plebania.hu\/?attachment_id=2033\" class=\"wp-image-2033\" srcset=\"https:\/\/marcali.plebania.hu\/wp-content\/uploads\/2020\/08\/24-1024x683.jpg 1024w, https:\/\/marcali.plebania.hu\/wp-content\/uploads\/2020\/08\/24-300x200.jpg 300w, https:\/\/marcali.plebania.hu\/wp-content\/uploads\/2020\/08\/24-768x512.jpg 768w, https:\/\/marcali.plebania.hu\/wp-content\/uploads\/2020\/08\/24-1536x1024.jpg 1536w, https:\/\/marcali.plebania.hu\/wp-content\/uploads\/2020\/08\/24-2048x1365.jpg 2048w, https:\/\/marcali.plebania.hu\/wp-content\/uploads\/2020\/08\/24-405x270.jpg 405w\" sizes=\"auto, (max-width: 1024px) 100vw, 1024px\" \/><\/figure><\/li><li class=\"blocks-gallery-item\"><figure><img loading=\"lazy\" decoding=\"async\" width=\"1024\" height=\"683\" src=\"https:\/\/marcali.plebania.hu\/wp-content\/uploads\/2020\/08\/25-1024x683.jpg\" alt=\"\" data-id=\"2034\" data-full-url=\"https:\/\/marcali.plebania.hu\/wp-content\/uploads\/2020\/08\/25-scaled.jpg\" data-link=\"https:\/\/marcali.plebania.hu\/?attachment_id=2034\" class=\"wp-image-2034\" srcset=\"https:\/\/marcali.plebania.hu\/wp-content\/uploads\/2020\/08\/25-1024x683.jpg 1024w, https:\/\/marcali.plebania.hu\/wp-content\/uploads\/2020\/08\/25-300x200.jpg 300w, https:\/\/marcali.plebania.hu\/wp-content\/uploads\/2020\/08\/25-768x512.jpg 768w, https:\/\/marcali.plebania.hu\/wp-content\/uploads\/2020\/08\/25-1536x1024.jpg 1536w, https:\/\/marcali.plebania.hu\/wp-content\/uploads\/2020\/08\/25-2048x1365.jpg 2048w, https:\/\/marcali.plebania.hu\/wp-content\/uploads\/2020\/08\/25-405x270.jpg 405w\" sizes=\"auto, (max-width: 1024px) 100vw, 1024px\" \/><\/figure><\/li><li class=\"blocks-gallery-item\"><figure><img loading=\"lazy\" decoding=\"async\" width=\"1024\" height=\"683\" src=\"https:\/\/marcali.plebania.hu\/wp-content\/uploads\/2020\/08\/26-1024x683.jpg\" alt=\"\" data-id=\"2035\" data-full-url=\"https:\/\/marcali.plebania.hu\/wp-content\/uploads\/2020\/08\/26-scaled.jpg\" data-link=\"https:\/\/marcali.plebania.hu\/?attachment_id=2035\" class=\"wp-image-2035\" srcset=\"https:\/\/marcali.plebania.hu\/wp-content\/uploads\/2020\/08\/26-1024x683.jpg 1024w, https:\/\/marcali.plebania.hu\/wp-content\/uploads\/2020\/08\/26-300x200.jpg 300w, https:\/\/marcali.plebania.hu\/wp-content\/uploads\/2020\/08\/26-768x512.jpg 768w, https:\/\/marcali.plebania.hu\/wp-content\/uploads\/2020\/08\/26-1536x1024.jpg 1536w, https:\/\/marcali.plebania.hu\/wp-content\/uploads\/2020\/08\/26-2048x1365.jpg 2048w, https:\/\/marcali.plebania.hu\/wp-content\/uploads\/2020\/08\/26-405x270.jpg 405w\" sizes=\"auto, (max-width: 1024px) 100vw, 1024px\" \/><\/figure><\/li><\/ul><\/figure>\n\n\n\n<p>A fel\u00faj\u00edt\u00e1si munk\u00e1k k\u00f6zben a harang-k\u00e9rd\u00e9st is szeretn\u00e9 megoldani az egyh\u00e1zk\u00f6zs\u00e9g, ami az egyik leg\u00e9get\u0151bb probl\u00e9ma a v\u00e1rosr\u00e9szben. Ugyanis a villamos rendszer hib\u00e1ja miatt a gombai harangok sem m\u0171k\u00f6dtek megfelel\u0151en, hiszen hol az egyik, hol a m\u00e1sik sz\u00f3lt csak id\u0151nk\u00e9nt. A villanyvezet\u00e9kek cser\u00e9je, illet\u0151leg a harang tekercs\u00e9nek az \u00fajratekercsel\u00e9se rem\u00e9lhet\u0151leg megoldja a bonyodalmakat \u00e9s \u00fajra a r\u00e9gi funkci\u00f3jukban szolg\u00e1lhatnak a harangok. Erre a c\u00e9lra is t\u00f6bb adom\u00e1ny \u00e9rkezett m\u00e1r eddig a h\u00edvekt\u0151l, illetve a Marcali \u00e9s K\u00f6rny\u00e9ke Hagyom\u00e1ny\u0151rz\u0151 Ipartest\u00fclett\u0151l, akik p\u00e9ld\u00e1ul a tavalyi Polg\u00e1ri B\u00e1l bev\u00e9tel\u00e9b\u0151l aj\u00e1nlottak fel t\u00e1mogat\u00e1st.<\/p>\n\n\n\n<figure class=\"wp-block-gallery columns-3 is-cropped wp-block-gallery-5 is-layout-flex wp-block-gallery-is-layout-flex\"><ul class=\"blocks-gallery-grid\"><li class=\"blocks-gallery-item\"><figure><img loading=\"lazy\" decoding=\"async\" width=\"1024\" height=\"683\" src=\"https:\/\/marcali.plebania.hu\/wp-content\/uploads\/2020\/08\/37-1024x683.jpg\" alt=\"\" data-id=\"2037\" data-link=\"https:\/\/marcali.plebania.hu\/?attachment_id=2037\" class=\"wp-image-2037\" srcset=\"https:\/\/marcali.plebania.hu\/wp-content\/uploads\/2020\/08\/37-1024x683.jpg 1024w, https:\/\/marcali.plebania.hu\/wp-content\/uploads\/2020\/08\/37-300x200.jpg 300w, https:\/\/marcali.plebania.hu\/wp-content\/uploads\/2020\/08\/37-768x512.jpg 768w, https:\/\/marcali.plebania.hu\/wp-content\/uploads\/2020\/08\/37-1536x1024.jpg 1536w, https:\/\/marcali.plebania.hu\/wp-content\/uploads\/2020\/08\/37-2048x1365.jpg 2048w, https:\/\/marcali.plebania.hu\/wp-content\/uploads\/2020\/08\/37-405x270.jpg 405w\" sizes=\"auto, (max-width: 1024px) 100vw, 1024px\" \/><\/figure><\/li><li class=\"blocks-gallery-item\"><figure><img loading=\"lazy\" decoding=\"async\" width=\"1024\" height=\"683\" src=\"https:\/\/marcali.plebania.hu\/wp-content\/uploads\/2020\/08\/40-1024x683.jpg\" alt=\"\" data-id=\"2038\" data-link=\"https:\/\/marcali.plebania.hu\/?attachment_id=2038\" class=\"wp-image-2038\" srcset=\"https:\/\/marcali.plebania.hu\/wp-content\/uploads\/2020\/08\/40-1024x683.jpg 1024w, https:\/\/marcali.plebania.hu\/wp-content\/uploads\/2020\/08\/40-300x200.jpg 300w, https:\/\/marcali.plebania.hu\/wp-content\/uploads\/2020\/08\/40-768x512.jpg 768w, https:\/\/marcali.plebania.hu\/wp-content\/uploads\/2020\/08\/40-1536x1024.jpg 1536w, https:\/\/marcali.plebania.hu\/wp-content\/uploads\/2020\/08\/40-2048x1365.jpg 2048w, https:\/\/marcali.plebania.hu\/wp-content\/uploads\/2020\/08\/40-405x270.jpg 405w\" sizes=\"auto, (max-width: 1024px) 100vw, 1024px\" \/><\/figure><\/li><li class=\"blocks-gallery-item\"><figure><img loading=\"lazy\" decoding=\"async\" width=\"1024\" height=\"683\" src=\"https:\/\/marcali.plebania.hu\/wp-content\/uploads\/2020\/08\/41-1024x683.jpg\" alt=\"\" data-id=\"2039\" data-link=\"https:\/\/marcali.plebania.hu\/?attachment_id=2039\" class=\"wp-image-2039\" srcset=\"https:\/\/marcali.plebania.hu\/wp-content\/uploads\/2020\/08\/41-1024x683.jpg 1024w, https:\/\/marcali.plebania.hu\/wp-content\/uploads\/2020\/08\/41-300x200.jpg 300w, https:\/\/marcali.plebania.hu\/wp-content\/uploads\/2020\/08\/41-768x512.jpg 768w, https:\/\/marcali.plebania.hu\/wp-content\/uploads\/2020\/08\/41-1536x1024.jpg 1536w, https:\/\/marcali.plebania.hu\/wp-content\/uploads\/2020\/08\/41-2048x1365.jpg 2048w, https:\/\/marcali.plebania.hu\/wp-content\/uploads\/2020\/08\/41-405x270.jpg 405w\" sizes=\"auto, (max-width: 1024px) 100vw, 1024px\" \/><\/figure><\/li><li class=\"blocks-gallery-item\"><figure><img loading=\"lazy\" decoding=\"async\" width=\"1024\" height=\"683\" src=\"https:\/\/marcali.plebania.hu\/wp-content\/uploads\/2020\/08\/36-1-1024x683.jpg\" alt=\"\" data-id=\"2040\" data-full-url=\"https:\/\/marcali.plebania.hu\/wp-content\/uploads\/2020\/08\/36-1-scaled.jpg\" data-link=\"https:\/\/marcali.plebania.hu\/?attachment_id=2040\" class=\"wp-image-2040\" srcset=\"https:\/\/marcali.plebania.hu\/wp-content\/uploads\/2020\/08\/36-1-1024x683.jpg 1024w, https:\/\/marcali.plebania.hu\/wp-content\/uploads\/2020\/08\/36-1-300x200.jpg 300w, https:\/\/marcali.plebania.hu\/wp-content\/uploads\/2020\/08\/36-1-768x512.jpg 768w, https:\/\/marcali.plebania.hu\/wp-content\/uploads\/2020\/08\/36-1-1536x1024.jpg 1536w, https:\/\/marcali.plebania.hu\/wp-content\/uploads\/2020\/08\/36-1-2048x1365.jpg 2048w, https:\/\/marcali.plebania.hu\/wp-content\/uploads\/2020\/08\/36-1-405x270.jpg 405w\" sizes=\"auto, (max-width: 1024px) 100vw, 1024px\" \/><\/figure><\/li><\/ul><\/figure>\n\n\n\n<p>A bels\u0151 munk\u00e1latok rem\u00e9lhet\u0151leg szeptember v\u00e9g\u00e9re, okt\u00f3ber elej\u00e9re elk\u00e9sz\u00fclnek, \u00e9s az anyagi lehet\u0151s\u00e9gek f\u00fcggv\u00e9ny\u00e9ben, esetleg \u00fajabb p\u00e1ly\u00e1zatok r\u00e9v\u00e9n tal\u00e1n siker\u00fcl tov\u00e1bb folytatni a k\u00fcls\u0151 rekonstrukci\u00f3t is. A fel\u00faj\u00edt\u00e1si munk\u00e1k sor\u00e1n ny\u00fajtott seg\u00edts\u00e9g\u00e9\u00e9rt k\u00f6sz\u00f6net illeti Moln\u00e1r Gy\u00f6rgyn\u00e9 gombai sekresty\u00e9st, aki ha kellett, akkor mindig rendelkez\u00e9sre \u00e1llt. A visszapakol\u00e1st \u00e9s a takar\u00edt\u00e1st k\u00f6vet\u0151en, teh\u00e1t m\u00e9g az \u0151sz folyam\u00e1n \u00fajra lehet majd szentmis\u00e9ket tartani a meg\u00fajult Antiochiai Szent Margit templomban.<\/p>\n\n\n\n<figure class=\"wp-block-image size-large\"><img loading=\"lazy\" decoding=\"async\" width=\"1024\" height=\"160\" src=\"https:\/\/marcali.plebania.hu\/wp-content\/uploads\/2021\/01\/logo_mind-1024x160.jpg\" alt=\"\" class=\"wp-image-2418\" srcset=\"https:\/\/marcali.plebania.hu\/wp-content\/uploads\/2021\/01\/logo_mind-1024x160.jpg 1024w, https:\/\/marcali.plebania.hu\/wp-content\/uploads\/2021\/01\/logo_mind-300x47.jpg 300w, https:\/\/marcali.plebania.hu\/wp-content\/uploads\/2021\/01\/logo_mind-768x120.jpg 768w, https:\/\/marcali.plebania.hu\/wp-content\/uploads\/2021\/01\/logo_mind-1536x241.jpg 1536w, https:\/\/marcali.plebania.hu\/wp-content\/uploads\/2021\/01\/logo_mind-604x95.jpg 604w, https:\/\/marcali.plebania.hu\/wp-content\/uploads\/2021\/01\/logo_mind.jpg 1577w\" sizes=\"auto, (max-width: 1024px) 100vw, 1024px\" \/><\/figure>\n\n\n\n<p>A Marcali-gombai Antiochiai Szent Margit r\u00f3mai katolikus templom fel\u00faj\u00edt\u00e1si munk\u00e1it t\u00e1mogatja a Nemzeti Egy\u00fcttm\u0171k\u00f6d\u00e9si Alap, a Bethlen G\u00e1bor Alapkezel\u0151 \u00e9s a Minisztereln\u00f6ks\u00e9g. K\u00f6sz\u00f6nj\u00fck a t\u00e1mogat\u00e1st!<\/p>\n","protected":false},"excerpt":{"rendered":"<p>Marcali legr\u00e9gebbi r\u00f3mai katolikus temploma Gomb\u00e1n tal\u00e1lhat\u00f3. Az oklevelek 1397-ben eml\u00edtik el\u0151sz\u00f6r, papj\u00e1r\u00f3l m\u00e1r az 1333-as p\u00e1pai tizedjegyz\u00e9kek is eml\u00edt\u00e9st tettek. A t\u00f6r\u00f6k h\u00f3dolts\u00e1got k\u00f6vet\u0151en az igen romos \u00e1llapotban megmaradt \u00e9p\u00fcletet el\u0151sz\u00f6r 1735-ben r\u00e9szben t\u00e9gl\u00e1b\u00f3l \u00e9s f\u00e1b\u00f3l \u00fajj\u00e1\u00e9p\u00edtett\u00e9k, majd a mai barokk form\u00e1j\u00e1t 1755-ben nyerte el \u00e9s Antiochiai Szent Margit tisztelet\u00e9re szentelt\u00e9k f\u00f6l. Az az\u00f3ta eltelt t\u00f6bb mint k\u00e9t \u00e9s f\u00e9lsz\u00e1z \u00e9v alatt t\u00f6bbsz\u00f6r meg\u00fajult, \u00e1tv\u00e9szelte a m\u00e1sodik vil\u00e1gh\u00e1bor\u00fat. A legut\u00f3bbi nagyobb rekonstrukci\u00f3 2009-2010-ben t\u00f6rt\u00e9nt. Sajnos az elm\u00falt \u00e9vek sor\u00e1n&#8230;<\/p>\n<p class=\"read-more\"><a class=\"btn btn-default\" href=\"https:\/\/marcali.plebania.hu\/?p=2019\"> Read More<span class=\"screen-reader-text\">  Read More<\/span><\/a><\/p>\n","protected":false},"author":2,"featured_media":0,"comment_status":"closed","ping_status":"open","sticky":false,"template":"","format":"standard","meta":{"footnotes":""},"categories":[1],"tags":[],"class_list":["post-2019","post","type-post","status-publish","format-standard","hentry","category-egyeb"],"_links":{"self":[{"href":"https:\/\/marcali.plebania.hu\/index.php?rest_route=\/wp\/v2\/posts\/2019","targetHints":{"allow":["GET"]}}],"collection":[{"href":"https:\/\/marcali.plebania.hu\/index.php?rest_route=\/wp\/v2\/posts"}],"about":[{"href":"https:\/\/marcali.plebania.hu\/index.php?rest_route=\/wp\/v2\/types\/post"}],"author":[{"embeddable":true,"href":"https:\/\/marcali.plebania.hu\/index.php?rest_route=\/wp\/v2\/users\/2"}],"replies":[{"embeddable":true,"href":"https:\/\/marcali.plebania.hu\/index.php?rest_route=%2Fwp%2Fv2%2Fcomments&post=2019"}],"version-history":[{"count":3,"href":"https:\/\/marcali.plebania.hu\/index.php?rest_route=\/wp\/v2\/posts\/2019\/revisions"}],"predecessor-version":[{"id":2419,"href":"https:\/\/marcali.plebania.hu\/index.php?rest_route=\/wp\/v2\/posts\/2019\/revisions\/2419"}],"wp:attachment":[{"href":"https:\/\/marcali.plebania.hu\/index.php?rest_route=%2Fwp%2Fv2%2Fmedia&parent=2019"}],"wp:term":[{"taxonomy":"category","embeddable":true,"href":"https:\/\/marcali.plebania.hu\/index.php?rest_route=%2Fwp%2Fv2%2Fcategories&post=2019"},{"taxonomy":"post_tag","embeddable":true,"href":"https:\/\/marcali.plebania.hu\/index.php?rest_route=%2Fwp%2Fv2%2Ftags&post=2019"}],"curies":[{"name":"wp","href":"https:\/\/api.w.org\/{rel}","templated":true}]}}