{"id":202,"date":"2018-01-28T18:35:51","date_gmt":"2018-01-28T18:35:51","guid":{"rendered":"https:\/\/marcali.plebania.hu\/?p=202"},"modified":"2018-04-24T18:36:24","modified_gmt":"2018-04-24T18:36:24","slug":"zaro-istentisztelet-az-okumenikus-imaheten","status":"publish","type":"post","link":"https:\/\/marcali.plebania.hu\/?p=202","title":{"rendered":"Z\u00e1r\u00f3 istentisztelet az \u00f6kumenikus imah\u00e9ten"},"content":{"rendered":"<p>2018. janu\u00e1r 28-\u00e1n, vas\u00e1rnap este 17 \u00f3rakor tartott\u00e1k az \u00f6kumenikus imah\u00e9t z\u00e1r\u00f3 rendezv\u00e9ny\u00e9t a Krisztus-h\u00edv\u0151k egys\u00e9g\u00e9\u00e9rt a marcali reform\u00e1tus-evang\u00e9likus templomban. Az istentiszteletet Fazekas Kriszti\u00e1n reform\u00e1tus lelkip\u00e1sztor vezette, ig\u00e9t Kiss Iv\u00e1n c. pr\u00e9post, esperes-pl\u00e9b\u00e1nos hirdetett, melyre a helyi gy\u00fclekezeten k\u00edv\u00fcl sz\u00e9p sz\u00e1mmal elj\u00f6ttek a katolikus h\u00edvek k\u00e9pvisel\u0151i is. Az idei imah\u00e9t Bibli\u00e1b\u00f3l vett jelmondata: &#8222;Jobbod, Uram, dics\u0151 az er\u0151t\u0151l&#8230;&#8221; \/ &#8222;Uram, a jobbod kit\u0171nik erej\u00e9vel&#8230;&#8221; (2M\u00f3z\/Kiv 15,6) volt. Iv\u00e1n atya besz\u00e9d\u00e9ben az \u00f6sszefog\u00e1st, az Isten \u00e9s az embert\u00e1rsaink ir\u00e1nti szeretet, valamint az im\u00e1ds\u00e1g fontoss\u00e1g\u00e1t emelte ki a Taiz\u00e9-i \u00f6kumenikus k\u00f6z\u00f6ss\u00e9g, Szent II. J\u00e1nos P\u00e1l p\u00e1pa, illet\u0151leg Gy\u00f6k\u00f6ssy Endre reform\u00e1tus lelk\u00e9sz p\u00e9ld\u00e1j\u00e1n kereszt\u00fcl. Az istentisztelet v\u00e9g\u00e9n a jelenl\u00e9v\u0151k a lelkip\u00e1sztorok \u00e1ld\u00e1s\u00e1val t\u00e9rtek haza \u00e9s vitt\u00e9k magukkal a k\u00f6z\u00f6s im\u00e1ds\u00e1g \u00e9s az \u00e9nekl\u00e9s \u00f6r\u00f6m\u00e9t, valamint a p\u00e9ldabesz\u00e9dben megfogalmazott gondolatokat.<img loading=\"lazy\" decoding=\"async\" class=\"alignnone size-full wp-image-203\" src=\"https:\/\/marcali.plebania.hu\/wp-content\/uploads\/2018\/04\/80128.jpg\" alt=\"\" width=\"1000\" height=\"667\" srcset=\"https:\/\/marcali.plebania.hu\/wp-content\/uploads\/2018\/04\/80128.jpg 1000w, https:\/\/marcali.plebania.hu\/wp-content\/uploads\/2018\/04\/80128-300x200.jpg 300w, https:\/\/marcali.plebania.hu\/wp-content\/uploads\/2018\/04\/80128-768x512.jpg 768w, https:\/\/marcali.plebania.hu\/wp-content\/uploads\/2018\/04\/80128-405x270.jpg 405w\" sizes=\"auto, (max-width: 1000px) 100vw, 1000px\" \/><\/p>\n","protected":false},"excerpt":{"rendered":"<p>2018. janu\u00e1r 28-\u00e1n, vas\u00e1rnap este 17 \u00f3rakor tartott\u00e1k az \u00f6kumenikus imah\u00e9t z\u00e1r\u00f3 rendezv\u00e9ny\u00e9t a Krisztus-h\u00edv\u0151k egys\u00e9g\u00e9\u00e9rt a marcali reform\u00e1tus-evang\u00e9likus templomban. Az istentiszteletet Fazekas Kriszti\u00e1n reform\u00e1tus lelkip\u00e1sztor vezette, ig\u00e9t Kiss Iv\u00e1n c. pr\u00e9post, esperes-pl\u00e9b\u00e1nos hirdetett, melyre a helyi gy\u00fclekezeten k\u00edv\u00fcl sz\u00e9p sz\u00e1mmal elj\u00f6ttek a katolikus h\u00edvek k\u00e9pvisel\u0151i is. Az idei imah\u00e9t Bibli\u00e1b\u00f3l vett jelmondata: &#8222;Jobbod, Uram, dics\u0151 az er\u0151t\u0151l&#8230;&#8221; \/ &#8222;Uram, a jobbod kit\u0171nik erej\u00e9vel&#8230;&#8221; (2M\u00f3z\/Kiv 15,6) volt. Iv\u00e1n atya besz\u00e9d\u00e9ben az \u00f6sszefog\u00e1st, az Isten \u00e9s az embert\u00e1rsaink ir\u00e1nti szeretet, valamint&#8230;<\/p>\n<p class=\"read-more\"><a class=\"btn btn-default\" href=\"https:\/\/marcali.plebania.hu\/?p=202\"> Read More<span class=\"screen-reader-text\">  Read More<\/span><\/a><\/p>\n","protected":false},"author":1,"featured_media":0,"comment_status":"closed","ping_status":"open","sticky":false,"template":"","format":"standard","meta":{"footnotes":""},"categories":[4],"tags":[],"class_list":["post-202","post","type-post","status-publish","format-standard","hentry","category-hirek"],"_links":{"self":[{"href":"https:\/\/marcali.plebania.hu\/index.php?rest_route=\/wp\/v2\/posts\/202","targetHints":{"allow":["GET"]}}],"collection":[{"href":"https:\/\/marcali.plebania.hu\/index.php?rest_route=\/wp\/v2\/posts"}],"about":[{"href":"https:\/\/marcali.plebania.hu\/index.php?rest_route=\/wp\/v2\/types\/post"}],"author":[{"embeddable":true,"href":"https:\/\/marcali.plebania.hu\/index.php?rest_route=\/wp\/v2\/users\/1"}],"replies":[{"embeddable":true,"href":"https:\/\/marcali.plebania.hu\/index.php?rest_route=%2Fwp%2Fv2%2Fcomments&post=202"}],"version-history":[{"count":1,"href":"https:\/\/marcali.plebania.hu\/index.php?rest_route=\/wp\/v2\/posts\/202\/revisions"}],"predecessor-version":[{"id":204,"href":"https:\/\/marcali.plebania.hu\/index.php?rest_route=\/wp\/v2\/posts\/202\/revisions\/204"}],"wp:attachment":[{"href":"https:\/\/marcali.plebania.hu\/index.php?rest_route=%2Fwp%2Fv2%2Fmedia&parent=202"}],"wp:term":[{"taxonomy":"category","embeddable":true,"href":"https:\/\/marcali.plebania.hu\/index.php?rest_route=%2Fwp%2Fv2%2Fcategories&post=202"},{"taxonomy":"post_tag","embeddable":true,"href":"https:\/\/marcali.plebania.hu\/index.php?rest_route=%2Fwp%2Fv2%2Ftags&post=202"}],"curies":[{"name":"wp","href":"https:\/\/api.w.org\/{rel}","templated":true}]}}