{"id":2043,"date":"2020-08-24T14:30:56","date_gmt":"2020-08-24T14:30:56","guid":{"rendered":"https:\/\/marcali.plebania.hu\/?p=2043"},"modified":"2020-08-24T14:30:56","modified_gmt":"2020-08-24T14:30:56","slug":"szent-istvan-napi-unnepi-szabadteri-szentmise-es-kenyermegaldas-marcaliban","status":"publish","type":"post","link":"https:\/\/marcali.plebania.hu\/?p=2043","title":{"rendered":"Szent Istv\u00e1n-napi \u00fcnnepi szabadt\u00e9ri szentmise \u00e9s keny\u00e9rmeg\u00e1ld\u00e1s Marcaliban"},"content":{"rendered":"\n<p>2020. augusztus 20-\u00e1n, cs\u00fct\u00f6rt\u00f6k\u00f6n 10 \u00f3rakor a pl\u00e9b\u00e1nia hivatal el\u0151tt, a plat\u00e1nsor alatt \u00fcnnepi szabadt\u00e9ri szentmis\u00e9vel eml\u00e9keztek az \u00e1llamalap\u00edt\u00f3 Szent Istv\u00e1n kir\u00e1lyra.<\/p>\n\n\n\n<figure class=\"wp-block-gallery columns-3 is-cropped wp-block-gallery-1 is-layout-flex wp-block-gallery-is-layout-flex\"><ul class=\"blocks-gallery-grid\"><li class=\"blocks-gallery-item\"><figure><img loading=\"lazy\" decoding=\"async\" width=\"1024\" height=\"683\" src=\"https:\/\/marcali.plebania.hu\/wp-content\/uploads\/2020\/08\/01-1-1024x683.jpg\" alt=\"\" data-id=\"2044\" data-full-url=\"https:\/\/marcali.plebania.hu\/wp-content\/uploads\/2020\/08\/01-1-scaled.jpg\" data-link=\"https:\/\/marcali.plebania.hu\/?attachment_id=2044\" class=\"wp-image-2044\" srcset=\"https:\/\/marcali.plebania.hu\/wp-content\/uploads\/2020\/08\/01-1-1024x683.jpg 1024w, https:\/\/marcali.plebania.hu\/wp-content\/uploads\/2020\/08\/01-1-300x200.jpg 300w, https:\/\/marcali.plebania.hu\/wp-content\/uploads\/2020\/08\/01-1-768x512.jpg 768w, https:\/\/marcali.plebania.hu\/wp-content\/uploads\/2020\/08\/01-1-1536x1024.jpg 1536w, https:\/\/marcali.plebania.hu\/wp-content\/uploads\/2020\/08\/01-1-2048x1365.jpg 2048w, https:\/\/marcali.plebania.hu\/wp-content\/uploads\/2020\/08\/01-1-405x270.jpg 405w\" sizes=\"auto, (max-width: 1024px) 100vw, 1024px\" \/><\/figure><\/li><li class=\"blocks-gallery-item\"><figure><img loading=\"lazy\" decoding=\"async\" width=\"1024\" height=\"683\" src=\"https:\/\/marcali.plebania.hu\/wp-content\/uploads\/2020\/08\/02-1024x683.jpg\" alt=\"\" data-id=\"2045\" data-full-url=\"https:\/\/marcali.plebania.hu\/wp-content\/uploads\/2020\/08\/02-scaled.jpg\" data-link=\"https:\/\/marcali.plebania.hu\/?attachment_id=2045\" class=\"wp-image-2045\" srcset=\"https:\/\/marcali.plebania.hu\/wp-content\/uploads\/2020\/08\/02-1024x683.jpg 1024w, https:\/\/marcali.plebania.hu\/wp-content\/uploads\/2020\/08\/02-300x200.jpg 300w, https:\/\/marcali.plebania.hu\/wp-content\/uploads\/2020\/08\/02-768x512.jpg 768w, https:\/\/marcali.plebania.hu\/wp-content\/uploads\/2020\/08\/02-1536x1024.jpg 1536w, https:\/\/marcali.plebania.hu\/wp-content\/uploads\/2020\/08\/02-2048x1365.jpg 2048w, https:\/\/marcali.plebania.hu\/wp-content\/uploads\/2020\/08\/02-405x270.jpg 405w\" sizes=\"auto, (max-width: 1024px) 100vw, 1024px\" \/><\/figure><\/li><li class=\"blocks-gallery-item\"><figure><img loading=\"lazy\" decoding=\"async\" width=\"1024\" height=\"683\" src=\"https:\/\/marcali.plebania.hu\/wp-content\/uploads\/2020\/08\/03-1024x683.jpg\" alt=\"\" data-id=\"2046\" data-full-url=\"https:\/\/marcali.plebania.hu\/wp-content\/uploads\/2020\/08\/03-scaled.jpg\" data-link=\"https:\/\/marcali.plebania.hu\/?attachment_id=2046\" class=\"wp-image-2046\" srcset=\"https:\/\/marcali.plebania.hu\/wp-content\/uploads\/2020\/08\/03-1024x683.jpg 1024w, https:\/\/marcali.plebania.hu\/wp-content\/uploads\/2020\/08\/03-300x200.jpg 300w, https:\/\/marcali.plebania.hu\/wp-content\/uploads\/2020\/08\/03-768x512.jpg 768w, https:\/\/marcali.plebania.hu\/wp-content\/uploads\/2020\/08\/03-1536x1024.jpg 1536w, https:\/\/marcali.plebania.hu\/wp-content\/uploads\/2020\/08\/03-2048x1365.jpg 2048w, https:\/\/marcali.plebania.hu\/wp-content\/uploads\/2020\/08\/03-405x270.jpg 405w\" sizes=\"auto, (max-width: 1024px) 100vw, 1024px\" \/><\/figure><\/li><li class=\"blocks-gallery-item\"><figure><img loading=\"lazy\" decoding=\"async\" width=\"1024\" height=\"683\" src=\"https:\/\/marcali.plebania.hu\/wp-content\/uploads\/2020\/08\/04-1-1024x683.jpg\" alt=\"\" data-id=\"2047\" data-full-url=\"https:\/\/marcali.plebania.hu\/wp-content\/uploads\/2020\/08\/04-1-scaled.jpg\" data-link=\"https:\/\/marcali.plebania.hu\/?attachment_id=2047\" class=\"wp-image-2047\" srcset=\"https:\/\/marcali.plebania.hu\/wp-content\/uploads\/2020\/08\/04-1-1024x683.jpg 1024w, https:\/\/marcali.plebania.hu\/wp-content\/uploads\/2020\/08\/04-1-300x200.jpg 300w, https:\/\/marcali.plebania.hu\/wp-content\/uploads\/2020\/08\/04-1-768x512.jpg 768w, https:\/\/marcali.plebania.hu\/wp-content\/uploads\/2020\/08\/04-1-1536x1024.jpg 1536w, https:\/\/marcali.plebania.hu\/wp-content\/uploads\/2020\/08\/04-1-2048x1365.jpg 2048w, https:\/\/marcali.plebania.hu\/wp-content\/uploads\/2020\/08\/04-1-405x270.jpg 405w\" sizes=\"auto, (max-width: 1024px) 100vw, 1024px\" \/><\/figure><\/li><\/ul><\/figure>\n\n\n\n<p>Az istentiszteletet Kiss Iv\u00e1n c. pr\u00e9post, esperes-pl\u00e9b\u00e1nos celebr\u00e1lta, aki szentbesz\u00e9d\u00e9ben az \u00e1llamalap\u00edt\u00f3 kir\u00e1lyunk t\u00f6rt\u00e9nelmi nagys\u00e1g\u00e1t, szem\u00e9lyis\u00e9g\u00e9t m\u00e9ltatta, valamint a kereszt\u00e9nys\u00e9g kialakul\u00e1s\u00e1t eleven\u00edtette fel. A mis\u00e9n Kozma Kriszti\u00e1n, Kazinczy-d\u00edjas versmond\u00f3 T\u0171z Tam\u00e1s: Szent Istv\u00e1n kir\u00e1ly c\u00edm\u0171 vers\u00e9t mondta el. K\u00f6zrem\u0171k\u00f6d\u00f6tt a S\u00e1gv\u00e1ri R\u00f3bert vezette F\u00e9ny Gyermekei Zenekar, akiket Balogh B\u00e1lint k\u00e1ntor szintetiz\u00e1torral, J\u00e1ki Zolt\u00e1n pedig heged\u0171vel k\u00eds\u00e9rt.<\/p>\n\n\n\n<figure class=\"wp-block-gallery columns-3 is-cropped wp-block-gallery-2 is-layout-flex wp-block-gallery-is-layout-flex\"><ul class=\"blocks-gallery-grid\"><li class=\"blocks-gallery-item\"><figure><img loading=\"lazy\" decoding=\"async\" width=\"1024\" height=\"683\" src=\"https:\/\/marcali.plebania.hu\/wp-content\/uploads\/2020\/08\/18-1024x683.jpg\" alt=\"\" data-id=\"2049\" data-link=\"https:\/\/marcali.plebania.hu\/?attachment_id=2049\" class=\"wp-image-2049\" srcset=\"https:\/\/marcali.plebania.hu\/wp-content\/uploads\/2020\/08\/18-1024x683.jpg 1024w, https:\/\/marcali.plebania.hu\/wp-content\/uploads\/2020\/08\/18-300x200.jpg 300w, https:\/\/marcali.plebania.hu\/wp-content\/uploads\/2020\/08\/18-768x512.jpg 768w, https:\/\/marcali.plebania.hu\/wp-content\/uploads\/2020\/08\/18-1536x1024.jpg 1536w, https:\/\/marcali.plebania.hu\/wp-content\/uploads\/2020\/08\/18-2048x1365.jpg 2048w, https:\/\/marcali.plebania.hu\/wp-content\/uploads\/2020\/08\/18-405x270.jpg 405w\" sizes=\"auto, (max-width: 1024px) 100vw, 1024px\" \/><\/figure><\/li><li class=\"blocks-gallery-item\"><figure><img loading=\"lazy\" decoding=\"async\" width=\"1024\" height=\"683\" src=\"https:\/\/marcali.plebania.hu\/wp-content\/uploads\/2020\/08\/22-1024x683.jpg\" alt=\"\" data-id=\"2050\" data-link=\"https:\/\/marcali.plebania.hu\/?attachment_id=2050\" class=\"wp-image-2050\" srcset=\"https:\/\/marcali.plebania.hu\/wp-content\/uploads\/2020\/08\/22-1024x683.jpg 1024w, https:\/\/marcali.plebania.hu\/wp-content\/uploads\/2020\/08\/22-300x200.jpg 300w, https:\/\/marcali.plebania.hu\/wp-content\/uploads\/2020\/08\/22-768x512.jpg 768w, https:\/\/marcali.plebania.hu\/wp-content\/uploads\/2020\/08\/22-1536x1024.jpg 1536w, https:\/\/marcali.plebania.hu\/wp-content\/uploads\/2020\/08\/22-2048x1365.jpg 2048w, https:\/\/marcali.plebania.hu\/wp-content\/uploads\/2020\/08\/22-405x270.jpg 405w\" sizes=\"auto, (max-width: 1024px) 100vw, 1024px\" \/><\/figure><\/li><li class=\"blocks-gallery-item\"><figure><img loading=\"lazy\" decoding=\"async\" width=\"1024\" height=\"683\" src=\"https:\/\/marcali.plebania.hu\/wp-content\/uploads\/2020\/08\/26-1-1024x683.jpg\" alt=\"\" data-id=\"2051\" data-link=\"https:\/\/marcali.plebania.hu\/?attachment_id=2051\" class=\"wp-image-2051\" srcset=\"https:\/\/marcali.plebania.hu\/wp-content\/uploads\/2020\/08\/26-1-1024x683.jpg 1024w, https:\/\/marcali.plebania.hu\/wp-content\/uploads\/2020\/08\/26-1-300x200.jpg 300w, https:\/\/marcali.plebania.hu\/wp-content\/uploads\/2020\/08\/26-1-768x512.jpg 768w, https:\/\/marcali.plebania.hu\/wp-content\/uploads\/2020\/08\/26-1-1536x1024.jpg 1536w, https:\/\/marcali.plebania.hu\/wp-content\/uploads\/2020\/08\/26-1-2048x1365.jpg 2048w, https:\/\/marcali.plebania.hu\/wp-content\/uploads\/2020\/08\/26-1-405x270.jpg 405w\" sizes=\"auto, (max-width: 1024px) 100vw, 1024px\" \/><\/figure><\/li><li class=\"blocks-gallery-item\"><figure><img loading=\"lazy\" decoding=\"async\" width=\"1024\" height=\"683\" src=\"https:\/\/marcali.plebania.hu\/wp-content\/uploads\/2020\/08\/29-1024x683.jpg\" alt=\"\" data-id=\"2052\" data-full-url=\"https:\/\/marcali.plebania.hu\/wp-content\/uploads\/2020\/08\/29-scaled.jpg\" data-link=\"https:\/\/marcali.plebania.hu\/?attachment_id=2052\" class=\"wp-image-2052\" srcset=\"https:\/\/marcali.plebania.hu\/wp-content\/uploads\/2020\/08\/29-1024x683.jpg 1024w, https:\/\/marcali.plebania.hu\/wp-content\/uploads\/2020\/08\/29-300x200.jpg 300w, https:\/\/marcali.plebania.hu\/wp-content\/uploads\/2020\/08\/29-768x512.jpg 768w, https:\/\/marcali.plebania.hu\/wp-content\/uploads\/2020\/08\/29-1536x1024.jpg 1536w, https:\/\/marcali.plebania.hu\/wp-content\/uploads\/2020\/08\/29-2048x1365.jpg 2048w, https:\/\/marcali.plebania.hu\/wp-content\/uploads\/2020\/08\/29-405x270.jpg 405w\" sizes=\"auto, (max-width: 1024px) 100vw, 1024px\" \/><\/figure><\/li><\/ul><\/figure>\n\n\n\n<p>A szentmis\u00e9t k\u00f6vet\u0151en t\u00f6rt\u00e9nt a keny\u00e9rmeg\u00e1ld\u00e1s szertart\u00e1sa. Els\u0151k\u00e9nt Bogn\u00e1r Gy\u00f6rgy saj\u00e1t vers\u00e9t szavalta el Mindennapi kenyer\u00fcnk c\u00edmmel. Majd ezut\u00e1n nagytisztelet\u0171 Fazekas Kriszti\u00e1n \u00c1rp\u00e1d reform\u00e1tus lelkip\u00e1sztor hirdetett ig\u00e9t \u00e9s besz\u00e9lt a keny\u00e9r jelent\u0151s\u00e9g\u00e9r\u0151l. V\u00e9g\u00fcl Iv\u00e1n atya meg\u00e1ldotta az \u00faj kenyeret, melyhez a b\u00faz\u00e1t a K\u00e9thelyi Gazdak\u00f6r\u00f6k adt\u00e1k a Magyarok Kenyer\u00e9b\u0151l, \u00e9s a Tak\u00e1cs P\u00e9ks\u00e9g s\u00fct\u00f6tt, majd dr. S\u00fct\u0151 L\u00e1szl\u00f3 Marcali v\u00e1ros polg\u00e1rmestere szegte meg.<\/p>\n\n\n\n<figure class=\"wp-block-gallery columns-3 is-cropped wp-block-gallery-3 is-layout-flex wp-block-gallery-is-layout-flex\"><ul class=\"blocks-gallery-grid\"><li class=\"blocks-gallery-item\"><figure><img loading=\"lazy\" decoding=\"async\" width=\"1024\" height=\"683\" src=\"https:\/\/marcali.plebania.hu\/wp-content\/uploads\/2020\/08\/38-1024x683.jpg\" alt=\"\" data-id=\"2053\" data-link=\"https:\/\/marcali.plebania.hu\/?attachment_id=2053\" class=\"wp-image-2053\" srcset=\"https:\/\/marcali.plebania.hu\/wp-content\/uploads\/2020\/08\/38-1024x683.jpg 1024w, https:\/\/marcali.plebania.hu\/wp-content\/uploads\/2020\/08\/38-300x200.jpg 300w, https:\/\/marcali.plebania.hu\/wp-content\/uploads\/2020\/08\/38-768x512.jpg 768w, https:\/\/marcali.plebania.hu\/wp-content\/uploads\/2020\/08\/38-1536x1024.jpg 1536w, https:\/\/marcali.plebania.hu\/wp-content\/uploads\/2020\/08\/38-2048x1365.jpg 2048w, https:\/\/marcali.plebania.hu\/wp-content\/uploads\/2020\/08\/38-405x270.jpg 405w\" sizes=\"auto, (max-width: 1024px) 100vw, 1024px\" \/><\/figure><\/li><li class=\"blocks-gallery-item\"><figure><img loading=\"lazy\" decoding=\"async\" width=\"1024\" height=\"683\" src=\"https:\/\/marcali.plebania.hu\/wp-content\/uploads\/2020\/08\/42-1024x683.jpg\" alt=\"\" data-id=\"2054\" data-link=\"https:\/\/marcali.plebania.hu\/?attachment_id=2054\" class=\"wp-image-2054\" srcset=\"https:\/\/marcali.plebania.hu\/wp-content\/uploads\/2020\/08\/42-1024x683.jpg 1024w, https:\/\/marcali.plebania.hu\/wp-content\/uploads\/2020\/08\/42-300x200.jpg 300w, https:\/\/marcali.plebania.hu\/wp-content\/uploads\/2020\/08\/42-768x512.jpg 768w, https:\/\/marcali.plebania.hu\/wp-content\/uploads\/2020\/08\/42-1536x1024.jpg 1536w, https:\/\/marcali.plebania.hu\/wp-content\/uploads\/2020\/08\/42-2048x1365.jpg 2048w, https:\/\/marcali.plebania.hu\/wp-content\/uploads\/2020\/08\/42-405x270.jpg 405w\" sizes=\"auto, (max-width: 1024px) 100vw, 1024px\" \/><\/figure><\/li><li class=\"blocks-gallery-item\"><figure><img loading=\"lazy\" decoding=\"async\" width=\"1024\" height=\"683\" src=\"https:\/\/marcali.plebania.hu\/wp-content\/uploads\/2020\/08\/47-1024x683.jpg\" alt=\"\" data-id=\"2055\" data-link=\"https:\/\/marcali.plebania.hu\/?attachment_id=2055\" class=\"wp-image-2055\" srcset=\"https:\/\/marcali.plebania.hu\/wp-content\/uploads\/2020\/08\/47-1024x683.jpg 1024w, https:\/\/marcali.plebania.hu\/wp-content\/uploads\/2020\/08\/47-300x200.jpg 300w, https:\/\/marcali.plebania.hu\/wp-content\/uploads\/2020\/08\/47-768x512.jpg 768w, https:\/\/marcali.plebania.hu\/wp-content\/uploads\/2020\/08\/47-1536x1024.jpg 1536w, https:\/\/marcali.plebania.hu\/wp-content\/uploads\/2020\/08\/47-2048x1365.jpg 2048w, https:\/\/marcali.plebania.hu\/wp-content\/uploads\/2020\/08\/47-405x270.jpg 405w\" sizes=\"auto, (max-width: 1024px) 100vw, 1024px\" \/><\/figure><\/li><li class=\"blocks-gallery-item\"><figure><img loading=\"lazy\" decoding=\"async\" width=\"1024\" height=\"683\" src=\"https:\/\/marcali.plebania.hu\/wp-content\/uploads\/2020\/08\/51-1024x683.jpg\" alt=\"\" data-id=\"2056\" data-full-url=\"https:\/\/marcali.plebania.hu\/wp-content\/uploads\/2020\/08\/51-scaled.jpg\" data-link=\"https:\/\/marcali.plebania.hu\/?attachment_id=2056\" class=\"wp-image-2056\" srcset=\"https:\/\/marcali.plebania.hu\/wp-content\/uploads\/2020\/08\/51-1024x683.jpg 1024w, https:\/\/marcali.plebania.hu\/wp-content\/uploads\/2020\/08\/51-300x200.jpg 300w, https:\/\/marcali.plebania.hu\/wp-content\/uploads\/2020\/08\/51-768x512.jpg 768w, https:\/\/marcali.plebania.hu\/wp-content\/uploads\/2020\/08\/51-1536x1024.jpg 1536w, https:\/\/marcali.plebania.hu\/wp-content\/uploads\/2020\/08\/51-2048x1365.jpg 2048w, https:\/\/marcali.plebania.hu\/wp-content\/uploads\/2020\/08\/51-405x270.jpg 405w\" sizes=\"auto, (max-width: 1024px) 100vw, 1024px\" \/><\/figure><\/li><\/ul><\/figure>\n\n\n\n<p>Az idei esztend\u0151ben, a koronav\u00edrus-j\u00e1rv\u00e1ny miatt a kenyeret az el\u0151k\u00e9sz\u00fcletekben r\u00e9sztvev\u0151k kapt\u00e1k, illetve aki k\u00e9rt, annak is adtak egy-egy szeletet. Ezen k\u00edv\u00fcl az esti v\u00e1rosi \u00fcnneps\u00e9gre, valamint az iparos h\u00e1zba is k\u00fcldtek a megszentelt kenyerekb\u0151l egyet-egyet.<\/p>\n\n\n\n<figure class=\"wp-block-image size-large\"><img loading=\"lazy\" decoding=\"async\" width=\"1024\" height=\"683\" src=\"https:\/\/marcali.plebania.hu\/wp-content\/uploads\/2020\/08\/25-1-1024x683.jpg\" alt=\"\" class=\"wp-image-2057\" srcset=\"https:\/\/marcali.plebania.hu\/wp-content\/uploads\/2020\/08\/25-1-1024x683.jpg 1024w, https:\/\/marcali.plebania.hu\/wp-content\/uploads\/2020\/08\/25-1-300x200.jpg 300w, https:\/\/marcali.plebania.hu\/wp-content\/uploads\/2020\/08\/25-1-768x512.jpg 768w, https:\/\/marcali.plebania.hu\/wp-content\/uploads\/2020\/08\/25-1-1536x1024.jpg 1536w, https:\/\/marcali.plebania.hu\/wp-content\/uploads\/2020\/08\/25-1-2048x1365.jpg 2048w, https:\/\/marcali.plebania.hu\/wp-content\/uploads\/2020\/08\/25-1-405x270.jpg 405w\" sizes=\"auto, (max-width: 1024px) 100vw, 1024px\" \/><\/figure>\n","protected":false},"excerpt":{"rendered":"<p>2020. augusztus 20-\u00e1n, cs\u00fct\u00f6rt\u00f6k\u00f6n 10 \u00f3rakor a pl\u00e9b\u00e1nia hivatal el\u0151tt, a plat\u00e1nsor alatt \u00fcnnepi szabadt\u00e9ri szentmis\u00e9vel eml\u00e9keztek az \u00e1llamalap\u00edt\u00f3 Szent Istv\u00e1n kir\u00e1lyra. Az istentiszteletet Kiss Iv\u00e1n c. pr\u00e9post, esperes-pl\u00e9b\u00e1nos celebr\u00e1lta, aki szentbesz\u00e9d\u00e9ben az \u00e1llamalap\u00edt\u00f3 kir\u00e1lyunk t\u00f6rt\u00e9nelmi nagys\u00e1g\u00e1t, szem\u00e9lyis\u00e9g\u00e9t m\u00e9ltatta, valamint a kereszt\u00e9nys\u00e9g kialakul\u00e1s\u00e1t eleven\u00edtette fel. A mis\u00e9n Kozma Kriszti\u00e1n, Kazinczy-d\u00edjas versmond\u00f3 T\u0171z Tam\u00e1s: Szent Istv\u00e1n kir\u00e1ly c\u00edm\u0171 vers\u00e9t mondta el. K\u00f6zrem\u0171k\u00f6d\u00f6tt a S\u00e1gv\u00e1ri R\u00f3bert vezette F\u00e9ny Gyermekei Zenekar, akiket Balogh B\u00e1lint k\u00e1ntor szintetiz\u00e1torral, J\u00e1ki Zolt\u00e1n pedig heged\u0171vel k\u00eds\u00e9rt. A szentmis\u00e9t&#8230;<\/p>\n<p class=\"read-more\"><a class=\"btn btn-default\" href=\"https:\/\/marcali.plebania.hu\/?p=2043\"> Read More<span class=\"screen-reader-text\">  Read More<\/span><\/a><\/p>\n","protected":false},"author":2,"featured_media":0,"comment_status":"closed","ping_status":"open","sticky":false,"template":"","format":"standard","meta":{"footnotes":""},"categories":[1],"tags":[],"class_list":["post-2043","post","type-post","status-publish","format-standard","hentry","category-egyeb"],"_links":{"self":[{"href":"https:\/\/marcali.plebania.hu\/index.php?rest_route=\/wp\/v2\/posts\/2043","targetHints":{"allow":["GET"]}}],"collection":[{"href":"https:\/\/marcali.plebania.hu\/index.php?rest_route=\/wp\/v2\/posts"}],"about":[{"href":"https:\/\/marcali.plebania.hu\/index.php?rest_route=\/wp\/v2\/types\/post"}],"author":[{"embeddable":true,"href":"https:\/\/marcali.plebania.hu\/index.php?rest_route=\/wp\/v2\/users\/2"}],"replies":[{"embeddable":true,"href":"https:\/\/marcali.plebania.hu\/index.php?rest_route=%2Fwp%2Fv2%2Fcomments&post=2043"}],"version-history":[{"count":1,"href":"https:\/\/marcali.plebania.hu\/index.php?rest_route=\/wp\/v2\/posts\/2043\/revisions"}],"predecessor-version":[{"id":2058,"href":"https:\/\/marcali.plebania.hu\/index.php?rest_route=\/wp\/v2\/posts\/2043\/revisions\/2058"}],"wp:attachment":[{"href":"https:\/\/marcali.plebania.hu\/index.php?rest_route=%2Fwp%2Fv2%2Fmedia&parent=2043"}],"wp:term":[{"taxonomy":"category","embeddable":true,"href":"https:\/\/marcali.plebania.hu\/index.php?rest_route=%2Fwp%2Fv2%2Fcategories&post=2043"},{"taxonomy":"post_tag","embeddable":true,"href":"https:\/\/marcali.plebania.hu\/index.php?rest_route=%2Fwp%2Fv2%2Ftags&post=2043"}],"curies":[{"name":"wp","href":"https:\/\/api.w.org\/{rel}","templated":true}]}}