{"id":205,"date":"2018-01-24T18:36:26","date_gmt":"2018-01-24T18:36:26","guid":{"rendered":"https:\/\/marcali.plebania.hu\/?p=205"},"modified":"2018-04-24T18:37:08","modified_gmt":"2018-04-24T18:37:08","slug":"okumenikus-bibliaolvasas-az-x-hazban","status":"publish","type":"post","link":"https:\/\/marcali.plebania.hu\/?p=205","title":{"rendered":"\u00d6kumenikus Bibliaolvas\u00e1s az X-h\u00e1zban"},"content":{"rendered":"<p>2018. janu\u00e1r 24-\u00e9n, szerd\u00e1n este 17 \u00f3r\u00e1t\u00f3l az X-h\u00e1zban k\u00f6z\u00f6s bibliaolvas\u00e1ssal folytat\u00f3dott az \u00f6kumenikus imah\u00e9t rendezv\u00e9nysorozat Marcaliban. A katolikus h\u00edvek k\u00f6z\u00e9 ism\u00e9t elj\u00f6ttek a reform\u00e1tusok k\u00e9pvisel\u0151i is, hogy egy\u00fctt gondolkodjanak a kereszt\u00e9ny egys\u00e9gr\u0151l. Az \u00f6sszej\u00f6vetelen a Szent\u00edr\u00e1sb\u00f3l vett &#8222;Jobbod, Uram, dics\u0151 az er\u0151t\u0151l&#8230;&#8221; \/ &#8222;Uram, a jobbod kit\u0171nik erej\u00e9vel&#8230;&#8221; (2M\u00f3z\/Kiv 15,6) id\u00e9zetr\u0151l besz\u00e9lt Fazekas Kriszti\u00e1n lelkip\u00e1sztor, aki vet\u00edtett k\u00e9pes el\u0151ad\u00e1son magyar\u00e1zta el &#8211; a karibi kereszty\u00e9n testv\u00e9rek \u00e1ltal \u00f6ssze\u00e1ll\u00edtott &#8211; jelmondat jelent\u0151s\u00e9g\u00e9t. M\u00f3zes t\u00f6rt\u00e9net\u00e9n kereszt\u00fcl vil\u00e1g\u00edtotta meg az Egyiptomb\u00f3l val\u00f3 kivonul\u00e1st \u00e9s a S\u00e1s-tengeren val\u00f3 \u00e1tkel\u00e9s l\u00e9nyeg\u00e9t. Kiss Iv\u00e1n c. pr\u00e9post, esperes-pl\u00e9b\u00e1nos, pedig \u00e9lm\u00e9nyeit osztotta meg a jelenl\u00e9v\u0151kkel, amikor azon a vid\u00e9ken j\u00e1rt egykor. Mivel az \u00dar megmentette a n\u00e9pet a pusztul\u00e1st\u00f3l, ez\u00e9rt M\u00f3zes h\u00e1l\u00e1t adott Istennek a szabadul\u00e1s\u00e9rt. A mai kor emberei sajnos csak akkor fordulnak a Mindenhat\u00f3hoz, ha bajban vannak, \u00e9s neh\u00e9zs\u00e9gek j\u00f6nnek. Pedig minden apr\u00f3 \u00f6r\u00f6m\u00e9rt is h\u00e1l\u00e1t adhatn\u00e1nak, csak a j\u00f3 dolgokat sajnos hajlamosak vagyunk nem \u00e9szrevenni. A k\u00f6z\u00f6s im\u00e1ds\u00e1g \u00e9s az \u00e9nekl\u00e9s ut\u00e1n t\u00f6bben is elmondt\u00e1k gondolataikat, illetve tan\u00fas\u00e1gt\u00e9telt tettek az \u00dar seg\u00edt\u0151 szeretet\u00e9r\u0151l. V\u00e9g\u00fcl friss\u00edt\u0151kkel \u00e9s s\u00fctem\u00e9nyekkel vend\u00e9gelt\u00e9k meg a r\u00e9sztvev\u0151ket. A program egy j\u00f3 hangulat\u00fa besz\u00e9lget\u00e9ssel z\u00e1rult.<img loading=\"lazy\" decoding=\"async\" class=\"alignnone size-full wp-image-206\" src=\"https:\/\/marcali.plebania.hu\/wp-content\/uploads\/2018\/04\/80124.jpg\" alt=\"\" width=\"1000\" height=\"667\" srcset=\"https:\/\/marcali.plebania.hu\/wp-content\/uploads\/2018\/04\/80124.jpg 1000w, https:\/\/marcali.plebania.hu\/wp-content\/uploads\/2018\/04\/80124-300x200.jpg 300w, https:\/\/marcali.plebania.hu\/wp-content\/uploads\/2018\/04\/80124-768x512.jpg 768w, https:\/\/marcali.plebania.hu\/wp-content\/uploads\/2018\/04\/80124-405x270.jpg 405w\" sizes=\"auto, (max-width: 1000px) 100vw, 1000px\" \/><\/p>\n","protected":false},"excerpt":{"rendered":"<p>2018. janu\u00e1r 24-\u00e9n, szerd\u00e1n este 17 \u00f3r\u00e1t\u00f3l az X-h\u00e1zban k\u00f6z\u00f6s bibliaolvas\u00e1ssal folytat\u00f3dott az \u00f6kumenikus imah\u00e9t rendezv\u00e9nysorozat Marcaliban. A katolikus h\u00edvek k\u00f6z\u00e9 ism\u00e9t elj\u00f6ttek a reform\u00e1tusok k\u00e9pvisel\u0151i is, hogy egy\u00fctt gondolkodjanak a kereszt\u00e9ny egys\u00e9gr\u0151l. Az \u00f6sszej\u00f6vetelen a Szent\u00edr\u00e1sb\u00f3l vett &#8222;Jobbod, Uram, dics\u0151 az er\u0151t\u0151l&#8230;&#8221; \/ &#8222;Uram, a jobbod kit\u0171nik erej\u00e9vel&#8230;&#8221; (2M\u00f3z\/Kiv 15,6) id\u00e9zetr\u0151l besz\u00e9lt Fazekas Kriszti\u00e1n lelkip\u00e1sztor, aki vet\u00edtett k\u00e9pes el\u0151ad\u00e1son magyar\u00e1zta el &#8211; a karibi kereszty\u00e9n testv\u00e9rek \u00e1ltal \u00f6ssze\u00e1ll\u00edtott &#8211; jelmondat jelent\u0151s\u00e9g\u00e9t. M\u00f3zes t\u00f6rt\u00e9net\u00e9n kereszt\u00fcl vil\u00e1g\u00edtotta meg az Egyiptomb\u00f3l val\u00f3&#8230;<\/p>\n<p class=\"read-more\"><a class=\"btn btn-default\" href=\"https:\/\/marcali.plebania.hu\/?p=205\"> Read More<span class=\"screen-reader-text\">  Read More<\/span><\/a><\/p>\n","protected":false},"author":1,"featured_media":0,"comment_status":"closed","ping_status":"open","sticky":false,"template":"","format":"standard","meta":{"footnotes":""},"categories":[4],"tags":[],"class_list":["post-205","post","type-post","status-publish","format-standard","hentry","category-hirek"],"_links":{"self":[{"href":"https:\/\/marcali.plebania.hu\/index.php?rest_route=\/wp\/v2\/posts\/205","targetHints":{"allow":["GET"]}}],"collection":[{"href":"https:\/\/marcali.plebania.hu\/index.php?rest_route=\/wp\/v2\/posts"}],"about":[{"href":"https:\/\/marcali.plebania.hu\/index.php?rest_route=\/wp\/v2\/types\/post"}],"author":[{"embeddable":true,"href":"https:\/\/marcali.plebania.hu\/index.php?rest_route=\/wp\/v2\/users\/1"}],"replies":[{"embeddable":true,"href":"https:\/\/marcali.plebania.hu\/index.php?rest_route=%2Fwp%2Fv2%2Fcomments&post=205"}],"version-history":[{"count":1,"href":"https:\/\/marcali.plebania.hu\/index.php?rest_route=\/wp\/v2\/posts\/205\/revisions"}],"predecessor-version":[{"id":207,"href":"https:\/\/marcali.plebania.hu\/index.php?rest_route=\/wp\/v2\/posts\/205\/revisions\/207"}],"wp:attachment":[{"href":"https:\/\/marcali.plebania.hu\/index.php?rest_route=%2Fwp%2Fv2%2Fmedia&parent=205"}],"wp:term":[{"taxonomy":"category","embeddable":true,"href":"https:\/\/marcali.plebania.hu\/index.php?rest_route=%2Fwp%2Fv2%2Fcategories&post=205"},{"taxonomy":"post_tag","embeddable":true,"href":"https:\/\/marcali.plebania.hu\/index.php?rest_route=%2Fwp%2Fv2%2Ftags&post=205"}],"curies":[{"name":"wp","href":"https:\/\/api.w.org\/{rel}","templated":true}]}}