{"id":2059,"date":"2020-08-24T14:45:27","date_gmt":"2020-08-24T14:45:27","guid":{"rendered":"https:\/\/marcali.plebania.hu\/?p=2059"},"modified":"2020-08-24T14:45:27","modified_gmt":"2020-08-24T14:45:27","slug":"szent-istvan-unnepe-2020-langorzok-mindennapi-kenyerunk-emlektabla-avatas-az-iparoshazban","status":"publish","type":"post","link":"https:\/\/marcali.plebania.hu\/?p=2059","title":{"rendered":"Szent Istv\u00e1n \u00fcnnepe 2020: L\u00e1ng\u0151rz\u0151k. Mindennapi kenyer\u00fcnk Eml\u00e9kt\u00e1bla avat\u00e1s az Iparosh\u00e1zban"},"content":{"rendered":"\n<p>2020. augusztus 20-\u00e1n, cs\u00fct\u00f6rt\u00f6k\u00f6n 16.30 \u00f3r\u00e1t\u00f3l a Marcali \u00e9s K\u00f6rny\u00e9ke Hagyom\u00e1ny\u0151rz\u0151 Ipartest\u00fclet sz\u00e9kh\u00e1z\u00e1n\u00e1l egy nagyszab\u00e1s\u00fa megeml\u00e9kez\u00e9st tartottak Szent Istv\u00e1n kir\u00e1ly \u00fcnnep\u00e9n, az \u00e1llamalap\u00edt\u00e1s \u00e9s az \u00faj keny\u00e9r alkalm\u00e1b\u00f3l.<\/p>\n\n\n\n<figure class=\"wp-block-gallery columns-3 is-cropped wp-block-gallery-1 is-layout-flex wp-block-gallery-is-layout-flex\"><ul class=\"blocks-gallery-grid\"><li class=\"blocks-gallery-item\"><figure><img loading=\"lazy\" decoding=\"async\" width=\"1024\" height=\"683\" src=\"https:\/\/marcali.plebania.hu\/wp-content\/uploads\/2020\/08\/01-2-1024x683.jpg\" alt=\"\" data-id=\"2060\" data-link=\"https:\/\/marcali.plebania.hu\/?attachment_id=2060\" class=\"wp-image-2060\" srcset=\"https:\/\/marcali.plebania.hu\/wp-content\/uploads\/2020\/08\/01-2-1024x683.jpg 1024w, https:\/\/marcali.plebania.hu\/wp-content\/uploads\/2020\/08\/01-2-300x200.jpg 300w, https:\/\/marcali.plebania.hu\/wp-content\/uploads\/2020\/08\/01-2-768x512.jpg 768w, https:\/\/marcali.plebania.hu\/wp-content\/uploads\/2020\/08\/01-2-1536x1024.jpg 1536w, https:\/\/marcali.plebania.hu\/wp-content\/uploads\/2020\/08\/01-2-2048x1365.jpg 2048w, https:\/\/marcali.plebania.hu\/wp-content\/uploads\/2020\/08\/01-2-405x270.jpg 405w\" sizes=\"auto, (max-width: 1024px) 100vw, 1024px\" \/><\/figure><\/li><li class=\"blocks-gallery-item\"><figure><img loading=\"lazy\" decoding=\"async\" width=\"1024\" height=\"683\" src=\"https:\/\/marcali.plebania.hu\/wp-content\/uploads\/2020\/08\/08-1024x683.jpg\" alt=\"\" data-id=\"2061\" data-link=\"https:\/\/marcali.plebania.hu\/?attachment_id=2061\" class=\"wp-image-2061\" srcset=\"https:\/\/marcali.plebania.hu\/wp-content\/uploads\/2020\/08\/08-1024x683.jpg 1024w, https:\/\/marcali.plebania.hu\/wp-content\/uploads\/2020\/08\/08-300x200.jpg 300w, https:\/\/marcali.plebania.hu\/wp-content\/uploads\/2020\/08\/08-768x512.jpg 768w, https:\/\/marcali.plebania.hu\/wp-content\/uploads\/2020\/08\/08-1536x1024.jpg 1536w, https:\/\/marcali.plebania.hu\/wp-content\/uploads\/2020\/08\/08-2048x1365.jpg 2048w, https:\/\/marcali.plebania.hu\/wp-content\/uploads\/2020\/08\/08-405x270.jpg 405w\" sizes=\"auto, (max-width: 1024px) 100vw, 1024px\" \/><\/figure><\/li><li class=\"blocks-gallery-item\"><figure><img loading=\"lazy\" decoding=\"async\" width=\"1024\" height=\"683\" src=\"https:\/\/marcali.plebania.hu\/wp-content\/uploads\/2020\/08\/11-1-1024x683.jpg\" alt=\"\" data-id=\"2062\" data-link=\"https:\/\/marcali.plebania.hu\/?attachment_id=2062\" class=\"wp-image-2062\" srcset=\"https:\/\/marcali.plebania.hu\/wp-content\/uploads\/2020\/08\/11-1-1024x683.jpg 1024w, https:\/\/marcali.plebania.hu\/wp-content\/uploads\/2020\/08\/11-1-300x200.jpg 300w, https:\/\/marcali.plebania.hu\/wp-content\/uploads\/2020\/08\/11-1-768x512.jpg 768w, https:\/\/marcali.plebania.hu\/wp-content\/uploads\/2020\/08\/11-1-1536x1024.jpg 1536w, https:\/\/marcali.plebania.hu\/wp-content\/uploads\/2020\/08\/11-1-2048x1365.jpg 2048w, https:\/\/marcali.plebania.hu\/wp-content\/uploads\/2020\/08\/11-1-405x270.jpg 405w\" sizes=\"auto, (max-width: 1024px) 100vw, 1024px\" \/><\/figure><\/li><li class=\"blocks-gallery-item\"><figure><img loading=\"lazy\" decoding=\"async\" width=\"1024\" height=\"683\" src=\"https:\/\/marcali.plebania.hu\/wp-content\/uploads\/2020\/08\/H1-1024x683.jpg\" alt=\"\" data-id=\"2064\" data-full-url=\"https:\/\/marcali.plebania.hu\/wp-content\/uploads\/2020\/08\/H1-scaled.jpg\" data-link=\"https:\/\/marcali.plebania.hu\/?attachment_id=2064\" class=\"wp-image-2064\" srcset=\"https:\/\/marcali.plebania.hu\/wp-content\/uploads\/2020\/08\/H1-1024x683.jpg 1024w, https:\/\/marcali.plebania.hu\/wp-content\/uploads\/2020\/08\/H1-300x200.jpg 300w, https:\/\/marcali.plebania.hu\/wp-content\/uploads\/2020\/08\/H1-768x512.jpg 768w, https:\/\/marcali.plebania.hu\/wp-content\/uploads\/2020\/08\/H1-1536x1024.jpg 1536w, https:\/\/marcali.plebania.hu\/wp-content\/uploads\/2020\/08\/H1-2048x1365.jpg 2048w, https:\/\/marcali.plebania.hu\/wp-content\/uploads\/2020\/08\/H1-405x270.jpg 405w\" sizes=\"auto, (max-width: 1024px) 100vw, 1024px\" \/><\/figure><\/li><\/ul><\/figure>\n\n\n\n<p>Az idei esztend\u0151ben t\u00f6bb civil szervezet \u00f6sszefog\u00e1s\u00e1val val\u00f3sult meg az \u00fcnnepi program, amely el\u0151sz\u00f6r a zs\u00fafol\u00e1sig megtelt nagyteremben kezd\u0151d\u00f6tt. A megjelenteket Szaka Zsolt eln\u00f6k k\u00f6sz\u00f6nt\u00f6tte, majd ismertette a programot. Ezt\u00e1n \u2013 n\u00e9h\u00e1ny gondolat k\u00eds\u00e9ret\u00e9ben \u2013 megnyitotta Landi Vivien: \u201eNy\u00e1ri sz\u00ednek\u201d c\u00edm\u0171 ki\u00e1ll\u00edt\u00e1s\u00e1t. A festm\u00e9nyek k\u00fcl\u00f6nb\u00f6z\u0151 technik\u00e1kkal k\u00e9sz\u00fcltek \u00e9s term\u00e9szeti k\u00e9peket \u00e1br\u00e1zolnak.<\/p>\n\n\n\n<figure class=\"wp-block-gallery columns-3 is-cropped wp-block-gallery-2 is-layout-flex wp-block-gallery-is-layout-flex\"><ul class=\"blocks-gallery-grid\"><li class=\"blocks-gallery-item\"><figure><img loading=\"lazy\" decoding=\"async\" width=\"1024\" height=\"683\" src=\"https:\/\/marcali.plebania.hu\/wp-content\/uploads\/2020\/08\/14-1024x683.jpg\" alt=\"\" data-id=\"2065\" data-link=\"https:\/\/marcali.plebania.hu\/?attachment_id=2065\" class=\"wp-image-2065\" srcset=\"https:\/\/marcali.plebania.hu\/wp-content\/uploads\/2020\/08\/14-1024x683.jpg 1024w, https:\/\/marcali.plebania.hu\/wp-content\/uploads\/2020\/08\/14-300x200.jpg 300w, https:\/\/marcali.plebania.hu\/wp-content\/uploads\/2020\/08\/14-768x512.jpg 768w, https:\/\/marcali.plebania.hu\/wp-content\/uploads\/2020\/08\/14-1536x1024.jpg 1536w, https:\/\/marcali.plebania.hu\/wp-content\/uploads\/2020\/08\/14-2048x1365.jpg 2048w, https:\/\/marcali.plebania.hu\/wp-content\/uploads\/2020\/08\/14-405x270.jpg 405w\" sizes=\"auto, (max-width: 1024px) 100vw, 1024px\" \/><\/figure><\/li><li class=\"blocks-gallery-item\"><figure><img loading=\"lazy\" decoding=\"async\" width=\"1024\" height=\"683\" src=\"https:\/\/marcali.plebania.hu\/wp-content\/uploads\/2020\/08\/15-1024x683.jpg\" alt=\"\" data-id=\"2066\" data-link=\"https:\/\/marcali.plebania.hu\/?attachment_id=2066\" class=\"wp-image-2066\" srcset=\"https:\/\/marcali.plebania.hu\/wp-content\/uploads\/2020\/08\/15-1024x683.jpg 1024w, https:\/\/marcali.plebania.hu\/wp-content\/uploads\/2020\/08\/15-300x200.jpg 300w, https:\/\/marcali.plebania.hu\/wp-content\/uploads\/2020\/08\/15-768x512.jpg 768w, https:\/\/marcali.plebania.hu\/wp-content\/uploads\/2020\/08\/15-1536x1024.jpg 1536w, https:\/\/marcali.plebania.hu\/wp-content\/uploads\/2020\/08\/15-2048x1365.jpg 2048w, https:\/\/marcali.plebania.hu\/wp-content\/uploads\/2020\/08\/15-405x270.jpg 405w\" sizes=\"auto, (max-width: 1024px) 100vw, 1024px\" \/><\/figure><\/li><li class=\"blocks-gallery-item\"><figure><img loading=\"lazy\" decoding=\"async\" width=\"1024\" height=\"683\" src=\"https:\/\/marcali.plebania.hu\/wp-content\/uploads\/2020\/08\/19-1-1024x683.jpg\" alt=\"\" data-id=\"2067\" data-link=\"https:\/\/marcali.plebania.hu\/?attachment_id=2067\" class=\"wp-image-2067\" srcset=\"https:\/\/marcali.plebania.hu\/wp-content\/uploads\/2020\/08\/19-1-1024x683.jpg 1024w, https:\/\/marcali.plebania.hu\/wp-content\/uploads\/2020\/08\/19-1-300x200.jpg 300w, https:\/\/marcali.plebania.hu\/wp-content\/uploads\/2020\/08\/19-1-768x512.jpg 768w, https:\/\/marcali.plebania.hu\/wp-content\/uploads\/2020\/08\/19-1-1536x1024.jpg 1536w, https:\/\/marcali.plebania.hu\/wp-content\/uploads\/2020\/08\/19-1-2048x1365.jpg 2048w, https:\/\/marcali.plebania.hu\/wp-content\/uploads\/2020\/08\/19-1-405x270.jpg 405w\" sizes=\"auto, (max-width: 1024px) 100vw, 1024px\" \/><\/figure><\/li><li class=\"blocks-gallery-item\"><figure><img loading=\"lazy\" decoding=\"async\" width=\"1024\" height=\"683\" src=\"https:\/\/marcali.plebania.hu\/wp-content\/uploads\/2020\/08\/20-1-1024x683.jpg\" alt=\"\" data-id=\"2068\" data-full-url=\"https:\/\/marcali.plebania.hu\/wp-content\/uploads\/2020\/08\/20-1-scaled.jpg\" data-link=\"https:\/\/marcali.plebania.hu\/?attachment_id=2068\" class=\"wp-image-2068\" srcset=\"https:\/\/marcali.plebania.hu\/wp-content\/uploads\/2020\/08\/20-1-1024x683.jpg 1024w, https:\/\/marcali.plebania.hu\/wp-content\/uploads\/2020\/08\/20-1-300x200.jpg 300w, https:\/\/marcali.plebania.hu\/wp-content\/uploads\/2020\/08\/20-1-768x512.jpg 768w, https:\/\/marcali.plebania.hu\/wp-content\/uploads\/2020\/08\/20-1-1536x1024.jpg 1536w, https:\/\/marcali.plebania.hu\/wp-content\/uploads\/2020\/08\/20-1-2048x1365.jpg 2048w, https:\/\/marcali.plebania.hu\/wp-content\/uploads\/2020\/08\/20-1-405x270.jpg 405w\" sizes=\"auto, (max-width: 1024px) 100vw, 1024px\" \/><\/figure><\/li><\/ul><\/figure>\n\n\n\n<p>Ezut\u00e1n Szita R\u00f3bert tiszteletbeli eln\u00f6k vette \u00e1t a sz\u00f3t, aki az ipartest\u00fclet kezdeteir\u0151l, \u00e9s Dr. G\u00e1l J\u00f3zsef szerep\u00e9r\u0151l besz\u00e9lt, ugyanis annak idej\u00e9n \u0151 h\u00edvta \u00e9letre az egyes\u00fclet kultur\u00e1lis tev\u00e9kenys\u00e9g\u00e9t \u00e9s ind\u00edtotta el a helyt\u00f6rt\u00e9neti kiadv\u00e1nyoz\u00e1st. Napjainkig m\u00e1r 16 k\u00f6nyv jelent meg, \u00e9s a \u201eRakt\u00e1r a m\u00faltb\u00f3l\u201d c\u00edm\u0171 ki\u00e1ll\u00edt\u00e1s is folyamatosan b\u0151v\u00fcl. \u00c9ppen ez\u00e9rt az egyes\u00fclet el\u00e9rkezettnek l\u00e1tta az id\u0151t arra, hogy m\u00e9lt\u00f3 m\u00f3don, egy eml\u00e9kt\u00e1bl\u00e1val ad\u00f3zzon G\u00e1l tan\u00e1r \u00far eml\u00e9k\u00e9nek. Majd ezt k\u00f6vet\u0151en az \u00e9p\u00fclet el\u0151ter\u00e9ben megt\u00f6rt\u00e9nt az eml\u00e9kt\u00e1bla leleplez\u00e9se, melyet Kiss Iv\u00e1n c. pr\u00e9post, esperes-pl\u00e9b\u00e1nos az \u00faj keny\u00e9rrel egy\u00fctt meg\u00e1ldott. Az \u00fcnneps\u00e9get megtisztelt\u00e9k jelenl\u00e9t\u00fckkel a G\u00e1l-csal\u00e1d tagjai: G\u00e1l Tam\u00e1s tan\u00e1r \u00e9s feles\u00e9ge, valamint az unoka, G\u00e1l Andr\u00e1s t\u00f6rt\u00e9n\u00e9sz \u00e9s p\u00e1rja, akik P\u00e9csr\u0151l \u00e9rkeztek erre az alkalomra Marcaliba.<\/p>\n\n\n\n<figure class=\"wp-block-gallery columns-3 is-cropped wp-block-gallery-3 is-layout-flex wp-block-gallery-is-layout-flex\"><ul class=\"blocks-gallery-grid\"><li class=\"blocks-gallery-item\"><figure><img loading=\"lazy\" decoding=\"async\" width=\"1024\" height=\"683\" src=\"https:\/\/marcali.plebania.hu\/wp-content\/uploads\/2020\/08\/23-1-1024x683.jpg\" alt=\"\" data-id=\"2070\" data-link=\"https:\/\/marcali.plebania.hu\/?attachment_id=2070\" class=\"wp-image-2070\" srcset=\"https:\/\/marcali.plebania.hu\/wp-content\/uploads\/2020\/08\/23-1-1024x683.jpg 1024w, https:\/\/marcali.plebania.hu\/wp-content\/uploads\/2020\/08\/23-1-300x200.jpg 300w, https:\/\/marcali.plebania.hu\/wp-content\/uploads\/2020\/08\/23-1-768x512.jpg 768w, https:\/\/marcali.plebania.hu\/wp-content\/uploads\/2020\/08\/23-1-1536x1024.jpg 1536w, https:\/\/marcali.plebania.hu\/wp-content\/uploads\/2020\/08\/23-1-2048x1365.jpg 2048w, https:\/\/marcali.plebania.hu\/wp-content\/uploads\/2020\/08\/23-1-405x270.jpg 405w\" sizes=\"auto, (max-width: 1024px) 100vw, 1024px\" \/><\/figure><\/li><li class=\"blocks-gallery-item\"><figure><img loading=\"lazy\" decoding=\"async\" width=\"1024\" height=\"683\" src=\"https:\/\/marcali.plebania.hu\/wp-content\/uploads\/2020\/08\/24-1-1024x683.jpg\" alt=\"\" data-id=\"2071\" data-link=\"https:\/\/marcali.plebania.hu\/?attachment_id=2071\" class=\"wp-image-2071\" srcset=\"https:\/\/marcali.plebania.hu\/wp-content\/uploads\/2020\/08\/24-1-1024x683.jpg 1024w, https:\/\/marcali.plebania.hu\/wp-content\/uploads\/2020\/08\/24-1-300x200.jpg 300w, https:\/\/marcali.plebania.hu\/wp-content\/uploads\/2020\/08\/24-1-768x512.jpg 768w, https:\/\/marcali.plebania.hu\/wp-content\/uploads\/2020\/08\/24-1-1536x1024.jpg 1536w, https:\/\/marcali.plebania.hu\/wp-content\/uploads\/2020\/08\/24-1-2048x1365.jpg 2048w, https:\/\/marcali.plebania.hu\/wp-content\/uploads\/2020\/08\/24-1-405x270.jpg 405w\" sizes=\"auto, (max-width: 1024px) 100vw, 1024px\" \/><\/figure><\/li><li class=\"blocks-gallery-item\"><figure><img loading=\"lazy\" decoding=\"async\" width=\"1024\" height=\"683\" src=\"https:\/\/marcali.plebania.hu\/wp-content\/uploads\/2020\/08\/29-1-1024x683.jpg\" alt=\"\" data-id=\"2073\" data-link=\"https:\/\/marcali.plebania.hu\/?attachment_id=2073\" class=\"wp-image-2073\" srcset=\"https:\/\/marcali.plebania.hu\/wp-content\/uploads\/2020\/08\/29-1-1024x683.jpg 1024w, https:\/\/marcali.plebania.hu\/wp-content\/uploads\/2020\/08\/29-1-300x200.jpg 300w, https:\/\/marcali.plebania.hu\/wp-content\/uploads\/2020\/08\/29-1-768x512.jpg 768w, https:\/\/marcali.plebania.hu\/wp-content\/uploads\/2020\/08\/29-1-1536x1024.jpg 1536w, https:\/\/marcali.plebania.hu\/wp-content\/uploads\/2020\/08\/29-1-2048x1365.jpg 2048w, https:\/\/marcali.plebania.hu\/wp-content\/uploads\/2020\/08\/29-1-405x270.jpg 405w\" sizes=\"auto, (max-width: 1024px) 100vw, 1024px\" \/><\/figure><\/li><li class=\"blocks-gallery-item\"><figure><img loading=\"lazy\" decoding=\"async\" width=\"1024\" height=\"683\" src=\"https:\/\/marcali.plebania.hu\/wp-content\/uploads\/2020\/08\/82-1024x683.jpg\" alt=\"\" data-id=\"2086\" data-full-url=\"https:\/\/marcali.plebania.hu\/wp-content\/uploads\/2020\/08\/82-scaled.jpg\" data-link=\"https:\/\/marcali.plebania.hu\/?attachment_id=2086\" class=\"wp-image-2086\" srcset=\"https:\/\/marcali.plebania.hu\/wp-content\/uploads\/2020\/08\/82-1024x683.jpg 1024w, https:\/\/marcali.plebania.hu\/wp-content\/uploads\/2020\/08\/82-300x200.jpg 300w, https:\/\/marcali.plebania.hu\/wp-content\/uploads\/2020\/08\/82-768x512.jpg 768w, https:\/\/marcali.plebania.hu\/wp-content\/uploads\/2020\/08\/82-1536x1024.jpg 1536w, https:\/\/marcali.plebania.hu\/wp-content\/uploads\/2020\/08\/82-2048x1365.jpg 2048w, https:\/\/marcali.plebania.hu\/wp-content\/uploads\/2020\/08\/82-405x270.jpg 405w\" sizes=\"auto, (max-width: 1024px) 100vw, 1024px\" \/><\/figure><\/li><\/ul><\/figure>\n\n\n\n<p>A program ezut\u00e1n az iparos h\u00e1z udvar\u00e1n folytat\u00f3dott az augusztus 20-ki \u00fcnneps\u00e9ggel. A Himnusz el\u00e9nekl\u00e9se ut\u00e1n T\u0171z Tam\u00e1s: Szent Istv\u00e1n kir\u00e1ly c\u00edm\u0171 vers\u00e9t Kozma Kriszti\u00e1n, Kazinczy-d\u00edjas versmond\u00f3 szavalta el. Majd \u00fcnnepi besz\u00e9det mondott Huszti G\u00e1bor, a Somogy Megyei K\u00f6zgy\u0171l\u00e9s aleln\u00f6ke, aki az \u00e1llamalap\u00edt\u00f3, a kereszt\u00e9nys\u00e9get felvev\u0151 Szent Istv\u00e1n kir\u00e1ly t\u00f6rt\u00e9nelmi jelent\u0151s\u00e9g\u00e9t, m\u00e1ig hat\u00f3 politik\u00e1j\u00e1t hangs\u00falyozta.<\/p>\n\n\n\n<figure class=\"wp-block-gallery columns-3 is-cropped wp-block-gallery-4 is-layout-flex wp-block-gallery-is-layout-flex\"><ul class=\"blocks-gallery-grid\"><li class=\"blocks-gallery-item\"><figure><img loading=\"lazy\" decoding=\"async\" width=\"1024\" height=\"683\" src=\"https:\/\/marcali.plebania.hu\/wp-content\/uploads\/2020\/08\/31-1024x683.jpg\" alt=\"\" data-id=\"2074\" data-link=\"https:\/\/marcali.plebania.hu\/?attachment_id=2074\" class=\"wp-image-2074\" srcset=\"https:\/\/marcali.plebania.hu\/wp-content\/uploads\/2020\/08\/31-1024x683.jpg 1024w, https:\/\/marcali.plebania.hu\/wp-content\/uploads\/2020\/08\/31-300x200.jpg 300w, https:\/\/marcali.plebania.hu\/wp-content\/uploads\/2020\/08\/31-768x512.jpg 768w, https:\/\/marcali.plebania.hu\/wp-content\/uploads\/2020\/08\/31-1536x1024.jpg 1536w, https:\/\/marcali.plebania.hu\/wp-content\/uploads\/2020\/08\/31-2048x1365.jpg 2048w, https:\/\/marcali.plebania.hu\/wp-content\/uploads\/2020\/08\/31-405x270.jpg 405w\" sizes=\"auto, (max-width: 1024px) 100vw, 1024px\" \/><\/figure><\/li><li class=\"blocks-gallery-item\"><figure><img loading=\"lazy\" decoding=\"async\" width=\"1024\" height=\"683\" src=\"https:\/\/marcali.plebania.hu\/wp-content\/uploads\/2020\/08\/34-1024x683.jpg\" alt=\"\" data-id=\"2075\" data-link=\"https:\/\/marcali.plebania.hu\/?attachment_id=2075\" class=\"wp-image-2075\" srcset=\"https:\/\/marcali.plebania.hu\/wp-content\/uploads\/2020\/08\/34-1024x683.jpg 1024w, https:\/\/marcali.plebania.hu\/wp-content\/uploads\/2020\/08\/34-300x200.jpg 300w, https:\/\/marcali.plebania.hu\/wp-content\/uploads\/2020\/08\/34-768x512.jpg 768w, https:\/\/marcali.plebania.hu\/wp-content\/uploads\/2020\/08\/34-1536x1024.jpg 1536w, https:\/\/marcali.plebania.hu\/wp-content\/uploads\/2020\/08\/34-2048x1365.jpg 2048w, https:\/\/marcali.plebania.hu\/wp-content\/uploads\/2020\/08\/34-405x270.jpg 405w\" sizes=\"auto, (max-width: 1024px) 100vw, 1024px\" \/><\/figure><\/li><li class=\"blocks-gallery-item\"><figure><img loading=\"lazy\" decoding=\"async\" width=\"1024\" height=\"683\" src=\"https:\/\/marcali.plebania.hu\/wp-content\/uploads\/2020\/08\/35-1024x683.jpg\" alt=\"\" data-id=\"2076\" data-link=\"https:\/\/marcali.plebania.hu\/?attachment_id=2076\" class=\"wp-image-2076\" srcset=\"https:\/\/marcali.plebania.hu\/wp-content\/uploads\/2020\/08\/35-1024x683.jpg 1024w, https:\/\/marcali.plebania.hu\/wp-content\/uploads\/2020\/08\/35-300x200.jpg 300w, https:\/\/marcali.plebania.hu\/wp-content\/uploads\/2020\/08\/35-768x512.jpg 768w, https:\/\/marcali.plebania.hu\/wp-content\/uploads\/2020\/08\/35-1536x1024.jpg 1536w, https:\/\/marcali.plebania.hu\/wp-content\/uploads\/2020\/08\/35-2048x1365.jpg 2048w, https:\/\/marcali.plebania.hu\/wp-content\/uploads\/2020\/08\/35-405x270.jpg 405w\" sizes=\"auto, (max-width: 1024px) 100vw, 1024px\" \/><\/figure><\/li><li class=\"blocks-gallery-item\"><figure><img loading=\"lazy\" decoding=\"async\" width=\"1024\" height=\"683\" src=\"https:\/\/marcali.plebania.hu\/wp-content\/uploads\/2020\/08\/43-1024x683.jpg\" alt=\"\" data-id=\"2077\" data-full-url=\"https:\/\/marcali.plebania.hu\/wp-content\/uploads\/2020\/08\/43-scaled.jpg\" data-link=\"https:\/\/marcali.plebania.hu\/?attachment_id=2077\" class=\"wp-image-2077\" srcset=\"https:\/\/marcali.plebania.hu\/wp-content\/uploads\/2020\/08\/43-1024x683.jpg 1024w, https:\/\/marcali.plebania.hu\/wp-content\/uploads\/2020\/08\/43-300x200.jpg 300w, https:\/\/marcali.plebania.hu\/wp-content\/uploads\/2020\/08\/43-768x512.jpg 768w, https:\/\/marcali.plebania.hu\/wp-content\/uploads\/2020\/08\/43-1536x1024.jpg 1536w, https:\/\/marcali.plebania.hu\/wp-content\/uploads\/2020\/08\/43-2048x1365.jpg 2048w, https:\/\/marcali.plebania.hu\/wp-content\/uploads\/2020\/08\/43-405x270.jpg 405w\" sizes=\"auto, (max-width: 1024px) 100vw, 1024px\" \/><\/figure><\/li><\/ul><\/figure>\n\n\n\n<p>V\u00e9g\u00fcl a K\u00c9SZ Marcali Csoportja, a Marcali Sz\u00e9passzonyok \u00e9s Fi\u00fak Hagyom\u00e1ny\u0151rz\u0151 Egyes\u00fclete, a Marcali \u00e9s K\u00f6rny\u00e9ke Hagyom\u00e1ny\u0151rz\u0151 Ipartest\u00fclet, valamint a Fidesz Marcali szervezet k\u00e9pvisel\u0151i helyezt\u00e9k el a megeml\u00e9kez\u00e9s koszor\u00fait az udvari eml\u00e9km\u0171n\u00e9l.<\/p>\n\n\n\n<figure class=\"wp-block-gallery columns-3 is-cropped wp-block-gallery-5 is-layout-flex wp-block-gallery-is-layout-flex\"><ul class=\"blocks-gallery-grid\"><li class=\"blocks-gallery-item\"><figure><img loading=\"lazy\" decoding=\"async\" width=\"1024\" height=\"683\" src=\"https:\/\/marcali.plebania.hu\/wp-content\/uploads\/2020\/08\/50-1024x683.jpg\" alt=\"\" data-id=\"2078\" data-link=\"https:\/\/marcali.plebania.hu\/?attachment_id=2078\" class=\"wp-image-2078\" srcset=\"https:\/\/marcali.plebania.hu\/wp-content\/uploads\/2020\/08\/50-1024x683.jpg 1024w, https:\/\/marcali.plebania.hu\/wp-content\/uploads\/2020\/08\/50-300x200.jpg 300w, https:\/\/marcali.plebania.hu\/wp-content\/uploads\/2020\/08\/50-768x512.jpg 768w, https:\/\/marcali.plebania.hu\/wp-content\/uploads\/2020\/08\/50-1536x1024.jpg 1536w, https:\/\/marcali.plebania.hu\/wp-content\/uploads\/2020\/08\/50-2048x1365.jpg 2048w, https:\/\/marcali.plebania.hu\/wp-content\/uploads\/2020\/08\/50-405x270.jpg 405w\" sizes=\"auto, (max-width: 1024px) 100vw, 1024px\" \/><\/figure><\/li><li class=\"blocks-gallery-item\"><figure><img loading=\"lazy\" decoding=\"async\" width=\"1024\" height=\"683\" src=\"https:\/\/marcali.plebania.hu\/wp-content\/uploads\/2020\/08\/53-1024x683.jpg\" alt=\"\" data-id=\"2079\" data-link=\"https:\/\/marcali.plebania.hu\/?attachment_id=2079\" class=\"wp-image-2079\" srcset=\"https:\/\/marcali.plebania.hu\/wp-content\/uploads\/2020\/08\/53-1024x683.jpg 1024w, https:\/\/marcali.plebania.hu\/wp-content\/uploads\/2020\/08\/53-300x200.jpg 300w, https:\/\/marcali.plebania.hu\/wp-content\/uploads\/2020\/08\/53-768x512.jpg 768w, https:\/\/marcali.plebania.hu\/wp-content\/uploads\/2020\/08\/53-1536x1024.jpg 1536w, https:\/\/marcali.plebania.hu\/wp-content\/uploads\/2020\/08\/53-2048x1365.jpg 2048w, https:\/\/marcali.plebania.hu\/wp-content\/uploads\/2020\/08\/53-405x270.jpg 405w\" sizes=\"auto, (max-width: 1024px) 100vw, 1024px\" \/><\/figure><\/li><li class=\"blocks-gallery-item\"><figure><img loading=\"lazy\" decoding=\"async\" width=\"1024\" height=\"683\" src=\"https:\/\/marcali.plebania.hu\/wp-content\/uploads\/2020\/08\/59-1024x683.jpg\" alt=\"\" data-id=\"2080\" data-link=\"https:\/\/marcali.plebania.hu\/?attachment_id=2080\" class=\"wp-image-2080\" srcset=\"https:\/\/marcali.plebania.hu\/wp-content\/uploads\/2020\/08\/59-1024x683.jpg 1024w, https:\/\/marcali.plebania.hu\/wp-content\/uploads\/2020\/08\/59-300x200.jpg 300w, https:\/\/marcali.plebania.hu\/wp-content\/uploads\/2020\/08\/59-768x512.jpg 768w, https:\/\/marcali.plebania.hu\/wp-content\/uploads\/2020\/08\/59-1536x1024.jpg 1536w, https:\/\/marcali.plebania.hu\/wp-content\/uploads\/2020\/08\/59-2048x1365.jpg 2048w, https:\/\/marcali.plebania.hu\/wp-content\/uploads\/2020\/08\/59-405x270.jpg 405w\" sizes=\"auto, (max-width: 1024px) 100vw, 1024px\" \/><\/figure><\/li><li class=\"blocks-gallery-item\"><figure><img loading=\"lazy\" decoding=\"async\" width=\"1024\" height=\"683\" src=\"https:\/\/marcali.plebania.hu\/wp-content\/uploads\/2020\/08\/62-1024x683.jpg\" alt=\"\" data-id=\"2081\" data-full-url=\"https:\/\/marcali.plebania.hu\/wp-content\/uploads\/2020\/08\/62-scaled.jpg\" data-link=\"https:\/\/marcali.plebania.hu\/?attachment_id=2081\" class=\"wp-image-2081\" srcset=\"https:\/\/marcali.plebania.hu\/wp-content\/uploads\/2020\/08\/62-1024x683.jpg 1024w, https:\/\/marcali.plebania.hu\/wp-content\/uploads\/2020\/08\/62-300x200.jpg 300w, https:\/\/marcali.plebania.hu\/wp-content\/uploads\/2020\/08\/62-768x512.jpg 768w, https:\/\/marcali.plebania.hu\/wp-content\/uploads\/2020\/08\/62-1536x1024.jpg 1536w, https:\/\/marcali.plebania.hu\/wp-content\/uploads\/2020\/08\/62-2048x1365.jpg 2048w, https:\/\/marcali.plebania.hu\/wp-content\/uploads\/2020\/08\/62-405x270.jpg 405w\" sizes=\"auto, (max-width: 1024px) 100vw, 1024px\" \/><\/figure><\/li><\/ul><\/figure>\n\n\n\n<p>Az este ezut\u00e1n a \u201eL\u00e1ng\u0151rz\u0151k. Mindennapi kenyer\u00fcnk\u201d c\u00edm\u0171 programmal folytat\u00f3dott. Els\u0151k\u00e9nt Pomozi Istv\u00e1nn\u00e9, a Marcali Sz\u00e9passzonyok \u00e9s Fi\u00fak Hagyom\u00e1ny\u0151rz\u0151 Egyes\u00fclet eln\u00f6ke besz\u00e9lt az \u00faj szervezet l\u00e9trej\u00f6tt\u00e9r\u0151l \u00e9s c\u00e9ljair\u00f3l, valamint a gabon\u00e1b\u00f3l k\u00e9sz\u00fclt \u00e9telekr\u0151l, melyb\u0151l r\u00f6gt\u00f6nz\u00f6tt k\u00f3stol\u00f3t is tartottak a jelenl\u00e9v\u0151k sz\u00e1m\u00e1ra. Az est folyam\u00e1n fell\u00e9pett a Marcali H\u00e1rom Tenor hazafias \u00e9s vid\u00e1m zenei \u00f6ssze\u00e1ll\u00edt\u00e1sokb\u00f3l \u00e1ll\u00f3 m\u0171sor\u00e1val. Majd LJ Juszti szolg\u00e1ltatta a zen\u00e9t a k\u00f6tetlen besz\u00e9lget\u00e9s \u00e9s a gasztron\u00f3miai program alatt.<\/p>\n\n\n\n<figure class=\"wp-block-gallery columns-3 is-cropped wp-block-gallery-6 is-layout-flex wp-block-gallery-is-layout-flex\"><ul class=\"blocks-gallery-grid\"><li class=\"blocks-gallery-item\"><figure><img loading=\"lazy\" decoding=\"async\" width=\"1024\" height=\"683\" src=\"https:\/\/marcali.plebania.hu\/wp-content\/uploads\/2020\/08\/64-1024x683.jpg\" alt=\"\" data-id=\"2082\" data-link=\"https:\/\/marcali.plebania.hu\/?attachment_id=2082\" class=\"wp-image-2082\" srcset=\"https:\/\/marcali.plebania.hu\/wp-content\/uploads\/2020\/08\/64-1024x683.jpg 1024w, https:\/\/marcali.plebania.hu\/wp-content\/uploads\/2020\/08\/64-300x200.jpg 300w, https:\/\/marcali.plebania.hu\/wp-content\/uploads\/2020\/08\/64-768x512.jpg 768w, https:\/\/marcali.plebania.hu\/wp-content\/uploads\/2020\/08\/64-1536x1024.jpg 1536w, https:\/\/marcali.plebania.hu\/wp-content\/uploads\/2020\/08\/64-2048x1365.jpg 2048w, https:\/\/marcali.plebania.hu\/wp-content\/uploads\/2020\/08\/64-405x270.jpg 405w\" sizes=\"auto, (max-width: 1024px) 100vw, 1024px\" \/><\/figure><\/li><li class=\"blocks-gallery-item\"><figure><img loading=\"lazy\" decoding=\"async\" width=\"1024\" height=\"683\" src=\"https:\/\/marcali.plebania.hu\/wp-content\/uploads\/2020\/08\/66-1024x683.jpg\" alt=\"\" data-id=\"2083\" data-link=\"https:\/\/marcali.plebania.hu\/?attachment_id=2083\" class=\"wp-image-2083\" srcset=\"https:\/\/marcali.plebania.hu\/wp-content\/uploads\/2020\/08\/66-1024x683.jpg 1024w, https:\/\/marcali.plebania.hu\/wp-content\/uploads\/2020\/08\/66-300x200.jpg 300w, https:\/\/marcali.plebania.hu\/wp-content\/uploads\/2020\/08\/66-768x512.jpg 768w, https:\/\/marcali.plebania.hu\/wp-content\/uploads\/2020\/08\/66-1536x1024.jpg 1536w, https:\/\/marcali.plebania.hu\/wp-content\/uploads\/2020\/08\/66-2048x1365.jpg 2048w, https:\/\/marcali.plebania.hu\/wp-content\/uploads\/2020\/08\/66-405x270.jpg 405w\" sizes=\"auto, (max-width: 1024px) 100vw, 1024px\" \/><\/figure><\/li><li class=\"blocks-gallery-item\"><figure><img loading=\"lazy\" decoding=\"async\" width=\"1024\" height=\"683\" src=\"https:\/\/marcali.plebania.hu\/wp-content\/uploads\/2020\/08\/85-1024x683.jpg\" alt=\"\" data-id=\"2084\" data-full-url=\"https:\/\/marcali.plebania.hu\/wp-content\/uploads\/2020\/08\/85-scaled.jpg\" data-link=\"https:\/\/marcali.plebania.hu\/?attachment_id=2084\" class=\"wp-image-2084\" srcset=\"https:\/\/marcali.plebania.hu\/wp-content\/uploads\/2020\/08\/85-1024x683.jpg 1024w, https:\/\/marcali.plebania.hu\/wp-content\/uploads\/2020\/08\/85-300x200.jpg 300w, https:\/\/marcali.plebania.hu\/wp-content\/uploads\/2020\/08\/85-768x512.jpg 768w, https:\/\/marcali.plebania.hu\/wp-content\/uploads\/2020\/08\/85-1536x1024.jpg 1536w, https:\/\/marcali.plebania.hu\/wp-content\/uploads\/2020\/08\/85-2048x1365.jpg 2048w, https:\/\/marcali.plebania.hu\/wp-content\/uploads\/2020\/08\/85-405x270.jpg 405w\" sizes=\"auto, (max-width: 1024px) 100vw, 1024px\" \/><\/figure><\/li><li class=\"blocks-gallery-item\"><figure><img loading=\"lazy\" decoding=\"async\" width=\"1024\" height=\"683\" src=\"https:\/\/marcali.plebania.hu\/wp-content\/uploads\/2020\/08\/86-1024x683.jpg\" alt=\"\" data-id=\"2085\" data-full-url=\"https:\/\/marcali.plebania.hu\/wp-content\/uploads\/2020\/08\/86-scaled.jpg\" data-link=\"https:\/\/marcali.plebania.hu\/?attachment_id=2085\" class=\"wp-image-2085\" srcset=\"https:\/\/marcali.plebania.hu\/wp-content\/uploads\/2020\/08\/86-1024x683.jpg 1024w, https:\/\/marcali.plebania.hu\/wp-content\/uploads\/2020\/08\/86-300x200.jpg 300w, https:\/\/marcali.plebania.hu\/wp-content\/uploads\/2020\/08\/86-768x512.jpg 768w, https:\/\/marcali.plebania.hu\/wp-content\/uploads\/2020\/08\/86-1536x1024.jpg 1536w, https:\/\/marcali.plebania.hu\/wp-content\/uploads\/2020\/08\/86-2048x1365.jpg 2048w, https:\/\/marcali.plebania.hu\/wp-content\/uploads\/2020\/08\/86-405x270.jpg 405w\" sizes=\"auto, (max-width: 1024px) 100vw, 1024px\" \/><\/figure><\/li><\/ul><\/figure>\n\n\n\n<p>A\nrendezv\u00e9nyt a Marcali \u00e9s K\u00f6rny\u00e9ke Hagyom\u00e1ny\u0151rz\u0151 Ipartest\u00fclet, a Marcali\nSz\u00e9passzonyok \u00e9s Fi\u00fak Hagyom\u00e1ny\u0151rz\u0151 Egyes\u00fclete \u00e9s a Kereszt\u00e9ny \u00c9rtelmis\u00e9giek\nSz\u00f6vets\u00e9ge (K\u00c9SZ) Marcali Csoportja szervezte, melyet a Nemzeti Egy\u00fcttm\u0171k\u00f6d\u00e9si\nAlap (NEA) \u00e9s a Somogy Megyei \u00d6nkorm\u00e1nyzat is t\u00e1mogatta.<\/p>\n","protected":false},"excerpt":{"rendered":"<p>2020. augusztus 20-\u00e1n, cs\u00fct\u00f6rt\u00f6k\u00f6n 16.30 \u00f3r\u00e1t\u00f3l a Marcali \u00e9s K\u00f6rny\u00e9ke Hagyom\u00e1ny\u0151rz\u0151 Ipartest\u00fclet sz\u00e9kh\u00e1z\u00e1n\u00e1l egy nagyszab\u00e1s\u00fa megeml\u00e9kez\u00e9st tartottak Szent Istv\u00e1n kir\u00e1ly \u00fcnnep\u00e9n, az \u00e1llamalap\u00edt\u00e1s \u00e9s az \u00faj keny\u00e9r alkalm\u00e1b\u00f3l. Az idei esztend\u0151ben t\u00f6bb civil szervezet \u00f6sszefog\u00e1s\u00e1val val\u00f3sult meg az \u00fcnnepi program, amely el\u0151sz\u00f6r a zs\u00fafol\u00e1sig megtelt nagyteremben kezd\u0151d\u00f6tt. A megjelenteket Szaka Zsolt eln\u00f6k k\u00f6sz\u00f6nt\u00f6tte, majd ismertette a programot. Ezt\u00e1n \u2013 n\u00e9h\u00e1ny gondolat k\u00eds\u00e9ret\u00e9ben \u2013 megnyitotta Landi Vivien: \u201eNy\u00e1ri sz\u00ednek\u201d c\u00edm\u0171 ki\u00e1ll\u00edt\u00e1s\u00e1t. A festm\u00e9nyek k\u00fcl\u00f6nb\u00f6z\u0151 technik\u00e1kkal k\u00e9sz\u00fcltek \u00e9s term\u00e9szeti k\u00e9peket \u00e1br\u00e1zolnak. Ezut\u00e1n&#8230;<\/p>\n<p class=\"read-more\"><a class=\"btn btn-default\" href=\"https:\/\/marcali.plebania.hu\/?p=2059\"> Read More<span class=\"screen-reader-text\">  Read More<\/span><\/a><\/p>\n","protected":false},"author":2,"featured_media":0,"comment_status":"closed","ping_status":"open","sticky":false,"template":"","format":"standard","meta":{"footnotes":""},"categories":[1],"tags":[],"class_list":["post-2059","post","type-post","status-publish","format-standard","hentry","category-egyeb"],"_links":{"self":[{"href":"https:\/\/marcali.plebania.hu\/index.php?rest_route=\/wp\/v2\/posts\/2059","targetHints":{"allow":["GET"]}}],"collection":[{"href":"https:\/\/marcali.plebania.hu\/index.php?rest_route=\/wp\/v2\/posts"}],"about":[{"href":"https:\/\/marcali.plebania.hu\/index.php?rest_route=\/wp\/v2\/types\/post"}],"author":[{"embeddable":true,"href":"https:\/\/marcali.plebania.hu\/index.php?rest_route=\/wp\/v2\/users\/2"}],"replies":[{"embeddable":true,"href":"https:\/\/marcali.plebania.hu\/index.php?rest_route=%2Fwp%2Fv2%2Fcomments&post=2059"}],"version-history":[{"count":1,"href":"https:\/\/marcali.plebania.hu\/index.php?rest_route=\/wp\/v2\/posts\/2059\/revisions"}],"predecessor-version":[{"id":2087,"href":"https:\/\/marcali.plebania.hu\/index.php?rest_route=\/wp\/v2\/posts\/2059\/revisions\/2087"}],"wp:attachment":[{"href":"https:\/\/marcali.plebania.hu\/index.php?rest_route=%2Fwp%2Fv2%2Fmedia&parent=2059"}],"wp:term":[{"taxonomy":"category","embeddable":true,"href":"https:\/\/marcali.plebania.hu\/index.php?rest_route=%2Fwp%2Fv2%2Fcategories&post=2059"},{"taxonomy":"post_tag","embeddable":true,"href":"https:\/\/marcali.plebania.hu\/index.php?rest_route=%2Fwp%2Fv2%2Ftags&post=2059"}],"curies":[{"name":"wp","href":"https:\/\/api.w.org\/{rel}","templated":true}]}}