{"id":208,"date":"2018-01-21T18:37:09","date_gmt":"2018-01-21T18:37:09","guid":{"rendered":"https:\/\/marcali.plebania.hu\/?p=208"},"modified":"2018-04-24T18:37:46","modified_gmt":"2018-04-24T18:37:46","slug":"marcaliban-is-megkezdodott-az-okumenikus-imahet","status":"publish","type":"post","link":"https:\/\/marcali.plebania.hu\/?p=208","title":{"rendered":"Marcaliban is megkezd\u0151d\u00f6tt az \u00f6kumenikus imah\u00e9t"},"content":{"rendered":"<p>2018. janu\u00e1r 21-\u00e9n, vas\u00e1rnap a 9 \u00f3r\u00e1s szentmis\u00e9vel vette kezdet\u00e9t az \u00f6kumenikus imah\u00e9t Marcaliban. A Gy\u00fcm\u00f6lcsolt\u00f3 Boldogasszony pl\u00e9b\u00e1niatemplomban Kiss Iv\u00e1n c. pr\u00e9post, esperes-pl\u00e9b\u00e1nos celebr\u00e1lt \u00fcnnepi istentiszteletet. Fazekas Kriszti\u00e1n reform\u00e1tus lelkip\u00e1sztor, pedig ig\u00e9t hirdetett a katolikus, reform\u00e1tus \u00e9s evang\u00e9likus h\u00edveknek. Az idei \u00e9vben, orsz\u00e1gszerte janu\u00e1r 21-28. k\u00f6z\u00f6tt tartj\u00e1k meg az \u00f6kumenikus imahetet a kereszt\u00e9nyek egys\u00e9g\u00e9\u00e9rt. Ennek anyag\u00e1t a karibi kereszty\u00e9n testv\u00e9rek \u00e1ll\u00edtott\u00e1k \u00f6ssze \u00e9s a: &#8222;Jobbod, Uram, dics\u0151 az er\u0151t\u0151l&#8230;&#8221; \/ &#8222;Uram, a jobbod kit\u0171nik erej\u00e9vel&#8230;&#8221; (2M\u00f3z\/Kiv 15,6) mondatokat v\u00e1lasztott\u00e1k jelmondatul. A marcali istentiszteleten a F\u00e9ny Gyermekei Katolikus Zenekar, Balogh B\u00e1lint orgon\u00e1n \u00e9s J\u00e1ki Zolt\u00e1n heged\u0171n m\u0171k\u00f6d\u00f6tt k\u00f6zre. Az \u00f6kumenikus programsorozat szerd\u00e1n, 17 \u00f3rakor az X-h\u00e1zban k\u00f6z\u00f6s Bibliaolvas\u00e1ssal folytat\u00f3dik; j\u00f6v\u0151 vas\u00e1rnap 17 \u00f3rakor pedig a reform\u00e1tus-evang\u00e9likus templomban istentisztelettel fejez\u0151dik be, ahol Iv\u00e1n atya hirdet ig\u00e9t a gy\u00fclekezetnek. A szervez\u0151k minden j\u00f3akarat\u00fa embert szeretettel h\u00edvnak \u00e9s v\u00e1rnak, akik egy\u00fctt szeretn\u00e9nek im\u00e1dkozni a Krisztush\u00edv\u0151k egys\u00e9g\u00e9\u00e9rt, valamint a kereszt\u00e9ny\/kereszty\u00e9n megmarad\u00e1s\u00e1\u00e9rt, ami vil\u00e1gunkat sajnos napjainkban igencsak fenyegeti.<img loading=\"lazy\" decoding=\"async\" class=\"alignnone size-full wp-image-209\" src=\"https:\/\/marcali.plebania.hu\/wp-content\/uploads\/2018\/04\/80121.jpg\" alt=\"\" width=\"1000\" height=\"667\" srcset=\"https:\/\/marcali.plebania.hu\/wp-content\/uploads\/2018\/04\/80121.jpg 1000w, https:\/\/marcali.plebania.hu\/wp-content\/uploads\/2018\/04\/80121-300x200.jpg 300w, https:\/\/marcali.plebania.hu\/wp-content\/uploads\/2018\/04\/80121-768x512.jpg 768w, https:\/\/marcali.plebania.hu\/wp-content\/uploads\/2018\/04\/80121-405x270.jpg 405w\" sizes=\"auto, (max-width: 1000px) 100vw, 1000px\" \/><\/p>\n","protected":false},"excerpt":{"rendered":"<p>2018. janu\u00e1r 21-\u00e9n, vas\u00e1rnap a 9 \u00f3r\u00e1s szentmis\u00e9vel vette kezdet\u00e9t az \u00f6kumenikus imah\u00e9t Marcaliban. A Gy\u00fcm\u00f6lcsolt\u00f3 Boldogasszony pl\u00e9b\u00e1niatemplomban Kiss Iv\u00e1n c. pr\u00e9post, esperes-pl\u00e9b\u00e1nos celebr\u00e1lt \u00fcnnepi istentiszteletet. Fazekas Kriszti\u00e1n reform\u00e1tus lelkip\u00e1sztor, pedig ig\u00e9t hirdetett a katolikus, reform\u00e1tus \u00e9s evang\u00e9likus h\u00edveknek. Az idei \u00e9vben, orsz\u00e1gszerte janu\u00e1r 21-28. k\u00f6z\u00f6tt tartj\u00e1k meg az \u00f6kumenikus imahetet a kereszt\u00e9nyek egys\u00e9g\u00e9\u00e9rt. Ennek anyag\u00e1t a karibi kereszty\u00e9n testv\u00e9rek \u00e1ll\u00edtott\u00e1k \u00f6ssze \u00e9s a: &#8222;Jobbod, Uram, dics\u0151 az er\u0151t\u0151l&#8230;&#8221; \/ &#8222;Uram, a jobbod kit\u0171nik erej\u00e9vel&#8230;&#8221; (2M\u00f3z\/Kiv 15,6) mondatokat v\u00e1lasztott\u00e1k jelmondatul&#8230;.<\/p>\n<p class=\"read-more\"><a class=\"btn btn-default\" href=\"https:\/\/marcali.plebania.hu\/?p=208\"> Read More<span class=\"screen-reader-text\">  Read More<\/span><\/a><\/p>\n","protected":false},"author":1,"featured_media":0,"comment_status":"closed","ping_status":"open","sticky":false,"template":"","format":"standard","meta":{"footnotes":""},"categories":[4],"tags":[],"class_list":["post-208","post","type-post","status-publish","format-standard","hentry","category-hirek"],"_links":{"self":[{"href":"https:\/\/marcali.plebania.hu\/index.php?rest_route=\/wp\/v2\/posts\/208","targetHints":{"allow":["GET"]}}],"collection":[{"href":"https:\/\/marcali.plebania.hu\/index.php?rest_route=\/wp\/v2\/posts"}],"about":[{"href":"https:\/\/marcali.plebania.hu\/index.php?rest_route=\/wp\/v2\/types\/post"}],"author":[{"embeddable":true,"href":"https:\/\/marcali.plebania.hu\/index.php?rest_route=\/wp\/v2\/users\/1"}],"replies":[{"embeddable":true,"href":"https:\/\/marcali.plebania.hu\/index.php?rest_route=%2Fwp%2Fv2%2Fcomments&post=208"}],"version-history":[{"count":1,"href":"https:\/\/marcali.plebania.hu\/index.php?rest_route=\/wp\/v2\/posts\/208\/revisions"}],"predecessor-version":[{"id":210,"href":"https:\/\/marcali.plebania.hu\/index.php?rest_route=\/wp\/v2\/posts\/208\/revisions\/210"}],"wp:attachment":[{"href":"https:\/\/marcali.plebania.hu\/index.php?rest_route=%2Fwp%2Fv2%2Fmedia&parent=208"}],"wp:term":[{"taxonomy":"category","embeddable":true,"href":"https:\/\/marcali.plebania.hu\/index.php?rest_route=%2Fwp%2Fv2%2Fcategories&post=208"},{"taxonomy":"post_tag","embeddable":true,"href":"https:\/\/marcali.plebania.hu\/index.php?rest_route=%2Fwp%2Fv2%2Ftags&post=208"}],"curies":[{"name":"wp","href":"https:\/\/api.w.org\/{rel}","templated":true}]}}