{"id":2088,"date":"2020-08-24T14:51:56","date_gmt":"2020-08-24T14:51:56","guid":{"rendered":"https:\/\/marcali.plebania.hu\/?p=2088"},"modified":"2020-08-24T14:51:56","modified_gmt":"2020-08-24T14:51:56","slug":"marcaliban-tartotta-zsinatat-a-somogyvari-esperesi-kerulet","status":"publish","type":"post","link":"https:\/\/marcali.plebania.hu\/?p=2088","title":{"rendered":"Marcaliban tartotta zsinat\u00e1t a Somogyv\u00e1ri Esperesi Ker\u00fclet"},"content":{"rendered":"\n<p>2020. augusztus 21-\u00e9n, p\u00e9nteken 15 \u00f3r\u00e1t\u00f3l a Somogyv\u00e1ri Esperesi Ker\u00fclet paps\u00e1ga \u00e9s a pl\u00e9b\u00e1ni\u00e1nk k\u00fcld\u00f6ttei zsinati el\u0151ad\u00e1sra gy\u0171ltek \u00f6ssze Marcaliban, az X-h\u00e1z nagyterm\u00e9ben.<\/p>\n\n\n\n<figure class=\"wp-block-gallery columns-3 is-cropped wp-block-gallery-1 is-layout-flex wp-block-gallery-is-layout-flex\"><ul class=\"blocks-gallery-grid\"><li class=\"blocks-gallery-item\"><figure><img loading=\"lazy\" decoding=\"async\" width=\"1024\" height=\"683\" src=\"https:\/\/marcali.plebania.hu\/wp-content\/uploads\/2020\/08\/02-1-1024x683.jpg\" alt=\"\" data-id=\"2089\" data-link=\"https:\/\/marcali.plebania.hu\/?attachment_id=2089\" class=\"wp-image-2089\" srcset=\"https:\/\/marcali.plebania.hu\/wp-content\/uploads\/2020\/08\/02-1-1024x683.jpg 1024w, https:\/\/marcali.plebania.hu\/wp-content\/uploads\/2020\/08\/02-1-300x200.jpg 300w, https:\/\/marcali.plebania.hu\/wp-content\/uploads\/2020\/08\/02-1-768x512.jpg 768w, https:\/\/marcali.plebania.hu\/wp-content\/uploads\/2020\/08\/02-1-1536x1024.jpg 1536w, https:\/\/marcali.plebania.hu\/wp-content\/uploads\/2020\/08\/02-1-2048x1365.jpg 2048w, https:\/\/marcali.plebania.hu\/wp-content\/uploads\/2020\/08\/02-1-405x270.jpg 405w\" sizes=\"auto, (max-width: 1024px) 100vw, 1024px\" \/><\/figure><\/li><li class=\"blocks-gallery-item\"><figure><img loading=\"lazy\" decoding=\"async\" width=\"1024\" height=\"683\" src=\"https:\/\/marcali.plebania.hu\/wp-content\/uploads\/2020\/08\/03-1-1024x683.jpg\" alt=\"\" data-id=\"2090\" data-link=\"https:\/\/marcali.plebania.hu\/?attachment_id=2090\" class=\"wp-image-2090\" srcset=\"https:\/\/marcali.plebania.hu\/wp-content\/uploads\/2020\/08\/03-1-1024x683.jpg 1024w, https:\/\/marcali.plebania.hu\/wp-content\/uploads\/2020\/08\/03-1-300x200.jpg 300w, https:\/\/marcali.plebania.hu\/wp-content\/uploads\/2020\/08\/03-1-768x512.jpg 768w, https:\/\/marcali.plebania.hu\/wp-content\/uploads\/2020\/08\/03-1-1536x1024.jpg 1536w, https:\/\/marcali.plebania.hu\/wp-content\/uploads\/2020\/08\/03-1-2048x1365.jpg 2048w, https:\/\/marcali.plebania.hu\/wp-content\/uploads\/2020\/08\/03-1-405x270.jpg 405w\" sizes=\"auto, (max-width: 1024px) 100vw, 1024px\" \/><\/figure><\/li><li class=\"blocks-gallery-item\"><figure><img loading=\"lazy\" decoding=\"async\" width=\"1024\" height=\"683\" src=\"https:\/\/marcali.plebania.hu\/wp-content\/uploads\/2020\/08\/04-2-1024x683.jpg\" alt=\"\" data-id=\"2091\" data-link=\"https:\/\/marcali.plebania.hu\/?attachment_id=2091\" class=\"wp-image-2091\" srcset=\"https:\/\/marcali.plebania.hu\/wp-content\/uploads\/2020\/08\/04-2-1024x683.jpg 1024w, https:\/\/marcali.plebania.hu\/wp-content\/uploads\/2020\/08\/04-2-300x200.jpg 300w, https:\/\/marcali.plebania.hu\/wp-content\/uploads\/2020\/08\/04-2-768x512.jpg 768w, https:\/\/marcali.plebania.hu\/wp-content\/uploads\/2020\/08\/04-2-1536x1024.jpg 1536w, https:\/\/marcali.plebania.hu\/wp-content\/uploads\/2020\/08\/04-2-2048x1365.jpg 2048w, https:\/\/marcali.plebania.hu\/wp-content\/uploads\/2020\/08\/04-2-405x270.jpg 405w\" sizes=\"auto, (max-width: 1024px) 100vw, 1024px\" \/><\/figure><\/li><li class=\"blocks-gallery-item\"><figure><img loading=\"lazy\" decoding=\"async\" width=\"1024\" height=\"683\" src=\"https:\/\/marcali.plebania.hu\/wp-content\/uploads\/2020\/08\/01-3-1024x683.jpg\" alt=\"\" data-id=\"2092\" data-full-url=\"https:\/\/marcali.plebania.hu\/wp-content\/uploads\/2020\/08\/01-3-scaled.jpg\" data-link=\"https:\/\/marcali.plebania.hu\/?attachment_id=2092\" class=\"wp-image-2092\" srcset=\"https:\/\/marcali.plebania.hu\/wp-content\/uploads\/2020\/08\/01-3-1024x683.jpg 1024w, https:\/\/marcali.plebania.hu\/wp-content\/uploads\/2020\/08\/01-3-300x200.jpg 300w, https:\/\/marcali.plebania.hu\/wp-content\/uploads\/2020\/08\/01-3-768x512.jpg 768w, https:\/\/marcali.plebania.hu\/wp-content\/uploads\/2020\/08\/01-3-1536x1024.jpg 1536w, https:\/\/marcali.plebania.hu\/wp-content\/uploads\/2020\/08\/01-3-2048x1365.jpg 2048w, https:\/\/marcali.plebania.hu\/wp-content\/uploads\/2020\/08\/01-3-405x270.jpg 405w\" sizes=\"auto, (max-width: 1024px) 100vw, 1024px\" \/><\/figure><\/li><\/ul><\/figure>\n\n\n\n<p>A\nzsinatot Varga L\u00e1szl\u00f3 megy\u00e9sp\u00fcsp\u00f6k 2018-ban, a Kaposv\u00e1ri Egyh\u00e1zmegye megalap\u00edt\u00e1s\u00e1nak 25. \u00e9vfordul\u00f3ja alkalm\u00e1b\u00f3l hirdette\nmeg. A c\u00e9lja az<strong>,<\/strong> hogy vonz\u00f3v\u00e1 tegye a Katolikus Egyh\u00e1zat mindenki el\u0151tt.\nSzent VI. P\u00e1l p\u00e1pa szerint az egyh\u00e1z az evangeliz\u00e1ci\u00f3\u00e9rt van, ez pedig csak\naz\u00e1ltal val\u00f3sulhat meg, ha sorsk\u00f6z\u00f6ss\u00e9get v\u00e1llal azokkal, akikhez a k\u00fcldet\u00e9s sz\u00f3l.\nEz\u00e9rt lett a zsinat mott\u00f3ja \u00e9s log\u00f3ja: \u201ek\u00f6z\u00f6ss\u00e9gben,\nvonz\u00e1sban, egys\u00e9gben\u201d.<\/p>\n\n\n\n<p>A zsinati bizotts\u00e1gok \u00e1ltal el\u0151terjesztett\nt\u00e9m\u00e1kban munkadokumentumok is k\u00e9sz\u00fcltek, melyek m\u00e1r az egyh\u00e1zmegye honlapj\u00e1n is\nhozz\u00e1f\u00e9rhet\u0151k. A zsinati szekci\u00f3k az al\u00e1bbi t\u00e9mak\u00f6r\u00f6ket foglalj\u00e1k\nmagukba: Papi \u00e9let \u00e9s szolg\u00e1lat, Pl\u00e9b\u00e1ni\u00e1k\n\u00e9s szakpasztor\u00e1ci\u00f3k, Ifj\u00fas\u00e1gpasztor\u00e1ci\u00f3, Egyh\u00e1zi szeretetszolg\u00e1lat, Evangeliz\u00e1ci\u00f3, Csal\u00e1dpasztor\u00e1ci\u00f3, Egyh\u00e1z tan\u00edt\u00f3\ntev\u00e9kenys\u00e9ge, Egyh\u00e1z megszentel\u0151 tev\u00e9kenys\u00e9ge, Egy\u00fcttm\u0171k\u00f6d\u00e9s a megszentelt \u00e9let\nint\u00e9zm\u00e9nyeivel, Egyh\u00e1zmegyei szervezet; Anyagi javak.<\/p>\n\n\n\n<p>A c\u00e9l az, hogy paps\u00e1g olyan dial\u00f3gust\nfolytasson, egy\u00fcttm\u0171k\u00f6dve a vil\u00e1gi h\u00edvekkel, ahol mindenki szabadon \u00e9s \u0151szint\u00e9n\nkifejtheti v\u00e9lem\u00e9ny\u00e9t \u00e9s nem elm\u00e9letben, hanem a mindennapi gyakorlatban\n\u00fajulhat meg az egyh\u00e1zmegye.<\/p>\n\n\n\n<p>A megjelent papokat \u00e9s vil\u00e1gi h\u00edveket Kiss Iv\u00e1n c. pr\u00e9post, ker\u00fcleti esperes, Marcali pl\u00e9b\u00e1nos k\u00f6sz\u00f6nt\u00f6tte. Majd \u00e1tadta a sz\u00f3t Tomanek P\u00e9ter, p\u00fcsp\u00f6ki irodaigazgat\u00f3nak, aki ismertette a napirendi pontokat \u00e9s besz\u00e9lt a zsinat jelent\u0151s\u00e9g\u00e9r\u0151l, legf\u0151bb c\u00e9lkit\u0171z\u00e9seir\u0151l, valamint levezette a programot.<\/p>\n\n\n\n<figure class=\"wp-block-gallery columns-3 is-cropped wp-block-gallery-2 is-layout-flex wp-block-gallery-is-layout-flex\"><ul class=\"blocks-gallery-grid\"><li class=\"blocks-gallery-item\"><figure><img loading=\"lazy\" decoding=\"async\" width=\"1024\" height=\"683\" src=\"https:\/\/marcali.plebania.hu\/wp-content\/uploads\/2020\/08\/05-1024x683.jpg\" alt=\"\" data-id=\"2093\" data-full-url=\"https:\/\/marcali.plebania.hu\/wp-content\/uploads\/2020\/08\/05-scaled.jpg\" data-link=\"https:\/\/marcali.plebania.hu\/?attachment_id=2093\" class=\"wp-image-2093\" srcset=\"https:\/\/marcali.plebania.hu\/wp-content\/uploads\/2020\/08\/05-1024x683.jpg 1024w, https:\/\/marcali.plebania.hu\/wp-content\/uploads\/2020\/08\/05-300x200.jpg 300w, https:\/\/marcali.plebania.hu\/wp-content\/uploads\/2020\/08\/05-768x512.jpg 768w, https:\/\/marcali.plebania.hu\/wp-content\/uploads\/2020\/08\/05-1536x1024.jpg 1536w, https:\/\/marcali.plebania.hu\/wp-content\/uploads\/2020\/08\/05-2048x1365.jpg 2048w, https:\/\/marcali.plebania.hu\/wp-content\/uploads\/2020\/08\/05-405x270.jpg 405w\" sizes=\"auto, (max-width: 1024px) 100vw, 1024px\" \/><\/figure><\/li><li class=\"blocks-gallery-item\"><figure><img loading=\"lazy\" decoding=\"async\" width=\"1024\" height=\"683\" src=\"https:\/\/marcali.plebania.hu\/wp-content\/uploads\/2020\/08\/06-1-1024x683.jpg\" alt=\"\" data-id=\"2094\" data-full-url=\"https:\/\/marcali.plebania.hu\/wp-content\/uploads\/2020\/08\/06-1-scaled.jpg\" data-link=\"https:\/\/marcali.plebania.hu\/?attachment_id=2094\" class=\"wp-image-2094\" srcset=\"https:\/\/marcali.plebania.hu\/wp-content\/uploads\/2020\/08\/06-1-1024x683.jpg 1024w, https:\/\/marcali.plebania.hu\/wp-content\/uploads\/2020\/08\/06-1-300x200.jpg 300w, https:\/\/marcali.plebania.hu\/wp-content\/uploads\/2020\/08\/06-1-768x512.jpg 768w, https:\/\/marcali.plebania.hu\/wp-content\/uploads\/2020\/08\/06-1-1536x1024.jpg 1536w, https:\/\/marcali.plebania.hu\/wp-content\/uploads\/2020\/08\/06-1-2048x1365.jpg 2048w, https:\/\/marcali.plebania.hu\/wp-content\/uploads\/2020\/08\/06-1-405x270.jpg 405w\" sizes=\"auto, (max-width: 1024px) 100vw, 1024px\" \/><\/figure><\/li><li class=\"blocks-gallery-item\"><figure><img loading=\"lazy\" decoding=\"async\" width=\"1024\" height=\"683\" src=\"https:\/\/marcali.plebania.hu\/wp-content\/uploads\/2020\/08\/07-2-1024x683.jpg\" alt=\"\" data-id=\"2095\" data-full-url=\"https:\/\/marcali.plebania.hu\/wp-content\/uploads\/2020\/08\/07-2-scaled.jpg\" data-link=\"https:\/\/marcali.plebania.hu\/?attachment_id=2095\" class=\"wp-image-2095\" srcset=\"https:\/\/marcali.plebania.hu\/wp-content\/uploads\/2020\/08\/07-2-1024x683.jpg 1024w, https:\/\/marcali.plebania.hu\/wp-content\/uploads\/2020\/08\/07-2-300x200.jpg 300w, https:\/\/marcali.plebania.hu\/wp-content\/uploads\/2020\/08\/07-2-768x512.jpg 768w, https:\/\/marcali.plebania.hu\/wp-content\/uploads\/2020\/08\/07-2-1536x1024.jpg 1536w, https:\/\/marcali.plebania.hu\/wp-content\/uploads\/2020\/08\/07-2-2048x1365.jpg 2048w, https:\/\/marcali.plebania.hu\/wp-content\/uploads\/2020\/08\/07-2-405x270.jpg 405w\" sizes=\"auto, (max-width: 1024px) 100vw, 1024px\" \/><\/figure><\/li><li class=\"blocks-gallery-item\"><figure><img loading=\"lazy\" decoding=\"async\" width=\"1024\" height=\"683\" src=\"https:\/\/marcali.plebania.hu\/wp-content\/uploads\/2020\/08\/08-1-1024x683.jpg\" alt=\"\" data-id=\"2096\" data-full-url=\"https:\/\/marcali.plebania.hu\/wp-content\/uploads\/2020\/08\/08-1-scaled.jpg\" data-link=\"https:\/\/marcali.plebania.hu\/?attachment_id=2096\" class=\"wp-image-2096\" srcset=\"https:\/\/marcali.plebania.hu\/wp-content\/uploads\/2020\/08\/08-1-1024x683.jpg 1024w, https:\/\/marcali.plebania.hu\/wp-content\/uploads\/2020\/08\/08-1-300x200.jpg 300w, https:\/\/marcali.plebania.hu\/wp-content\/uploads\/2020\/08\/08-1-768x512.jpg 768w, https:\/\/marcali.plebania.hu\/wp-content\/uploads\/2020\/08\/08-1-1536x1024.jpg 1536w, https:\/\/marcali.plebania.hu\/wp-content\/uploads\/2020\/08\/08-1-2048x1365.jpg 2048w, https:\/\/marcali.plebania.hu\/wp-content\/uploads\/2020\/08\/08-1-405x270.jpg 405w\" sizes=\"auto, (max-width: 1024px) 100vw, 1024px\" \/><\/figure><\/li><\/ul><\/figure>\n\n\n\n<p>Ezut\u00e1n B\u00e1rczi Mikl\u00f3s zsinati megb\u00edzott vet\u00edtett\nk\u00e9pes el\u0151ad\u00e1s keret\u00e9ben az egyh\u00e1z szerep\u00e9r\u0151l, meg\u00fajul\u00e1s\u00e1r\u00f3l besz\u00e9lt.\nKifejtette, hogy m\u00e1r II. J\u00e1nos P\u00e1l p\u00e1pa is felismerte a m\u00e9dia szerep\u00e9t, amely a\nkereszt\u00e9ny \u00fczenet, a tan\u00edt\u00e1s terjeszt\u00e9s\u00e9nek egyik eszk\u00f6ze lehet. Ferenc p\u00e1pa\n2013-ban pedig apostoli buzd\u00edt\u00e1st tett k\u00f6zz\u00e9 az egyh\u00e1z meg\u00fajul\u00e1s\u00e1nak\nfontoss\u00e1g\u00e1r\u00f3l. A pl\u00e9b\u00e1niai kis k\u00f6z\u00f6ss\u00e9geket arra inspir\u00e1lta, hogy ind\u00edtsanak el\nhat\u00e1rozott helyzetfelm\u00e9r\u0151, tisztul\u00e1si \u00e9s reformfolyamatokat. Felsz\u00f3l\u00edtott\nmindenkit, hogy legyen b\u00e1tor \u00e9s kreat\u00edv a saj\u00e1t k\u00f6z\u00f6ss\u00e9ge, c\u00e9lkit\u0171z\u00e9sei,\nstrukt\u00far\u00e1ja, st\u00edlusa \u00e9s evangeliz\u00e1l\u00f3 m\u00f3dszere \u00fajragondol\u00e1s\u00e1nak feladat\u00e1ban. A\np\u00e1pa b\u00edztatja a h\u00edv\u0151k \u00e9s nemh\u00edv\u0151k k\u00f6zti p\u00e1rbesz\u00e9d elind\u00edt\u00e1s\u00e1t az erk\u00f6lcs, a\nm\u0171v\u00e9szet \u00e9s a tudom\u00e1ny alapvet\u0151 t\u00e9m\u00e1ir\u00f3l, valamint a transzcendencia\nk\u00e9rd\u00e9s\u00e9r\u0151l. Mind mondja: \u201eEz is a b\u00e9ke \u00fatja megsebzett vil\u00e1gunk sz\u00e1m\u00e1ra\u201d.\n\u00d6sszess\u00e9g\u00e9ben teh\u00e1t a lelkis\u00e9g \u00e9s a p\u00e1rbesz\u00e9d szigete gy\u00f3gy\u00edt\u00f3 er\u0151forr\u00e1s lehet\na beteg vil\u00e1g sz\u00e1m\u00e1ra.<\/p>\n\n\n\n<p>Ferenc p\u00e1pa szerint Eur\u00f3pa seg\u00edts\u00e9gre\nszorul, meg kell menteni. P\u00e1rbesz\u00e9dre van sz\u00fcks\u00e9g. Ezt az ir\u00e1nyvonalat\nk\u00e9pviseli Varga L\u00e1szl\u00f3 kaposv\u00e1ri megy\u00e9sp\u00fcsp\u00f6k is, aki lelkigyakorlat\u00e1ban\n(Szellemi harc 2.0) napjaink \u00e9get\u0151 k\u00e9rd\u00e9seivel is foglalkozik.<\/p>\n\n\n\n<p>Az id\u0151k jeleinek m\u00e9rlegel\u00e9s\u00e9vel a L\u00e9lekre\nfigyel\u00e9skor \u00faj jeleket kell l\u00e9trehozni. Mivel a pl\u00e9b\u00e1nia nem az els\u0151dleges \u00f6sszej\u00f6veteli\n\u00e9s t\u00e1rsadalmi k\u00f6zpont, mint ahogy a kor\u00e1bbi id\u0151kben, ez\u00e9rt \u00faj k\u00eds\u00e9r\u00e9si \u00e9s\nk\u00f6zels\u00e9gi form\u00e1kat kell megtal\u00e1lni. Az ilyen feladatot nem tehernek, hanem\nink\u00e1bb kih\u00edv\u00e1snak kell tekinteni, amelyet lelkesed\u00e9ssel kell felv\u00e1llalni.<\/p>\n\n\n\n<p>A strukt\u00far\u00e1k \u00e1talak\u00edt\u00e1sa, amelyet az egyh\u00e1znak v\u00e1llalnia kell, a mentalit\u00e1s jelent\u0151s megv\u00e1ltoztat\u00e1s\u00e1t \u00e9s a bels\u0151 meg\u00fajul\u00e1st ig\u00e9nyli, k\u00fcl\u00f6n\u00f6sen azok k\u00f6z\u00f6tt, akikre a lelkip\u00e1sztori vezet\u00e9s h\u00e1rul. Annak \u00e9rdek\u00e9ben, hogy h\u0171 maradjon a Krisztus \u00e1ltali megb\u00edzat\u00e1s\u00e1hoz, a lelk\u00e9szeknek, k\u00fcl\u00f6n\u00f6sen a pl\u00e9b\u00e1niai papoknak, akik \u201enagyon k\u00fcl\u00f6nleges m\u00f3don a p\u00fcsp\u00f6k munkat\u00e1rsai\u201d, hat\u00e1rozottan meg kell \u00e9rtenie a lelkip\u00e1sztori akci\u00f3 misszi\u00f3s reformjainak sz\u00fcks\u00e9gess\u00e9g\u00e9t.<\/p>\n\n\n\n<figure class=\"wp-block-gallery columns-3 is-cropped wp-block-gallery-3 is-layout-flex wp-block-gallery-is-layout-flex\"><ul class=\"blocks-gallery-grid\"><li class=\"blocks-gallery-item\"><figure><img loading=\"lazy\" decoding=\"async\" width=\"1024\" height=\"683\" src=\"https:\/\/marcali.plebania.hu\/wp-content\/uploads\/2020\/08\/14-1-1024x683.jpg\" alt=\"\" data-id=\"2097\" data-full-url=\"https:\/\/marcali.plebania.hu\/wp-content\/uploads\/2020\/08\/14-1-scaled.jpg\" data-link=\"https:\/\/marcali.plebania.hu\/?attachment_id=2097\" class=\"wp-image-2097\" srcset=\"https:\/\/marcali.plebania.hu\/wp-content\/uploads\/2020\/08\/14-1-1024x683.jpg 1024w, https:\/\/marcali.plebania.hu\/wp-content\/uploads\/2020\/08\/14-1-300x200.jpg 300w, https:\/\/marcali.plebania.hu\/wp-content\/uploads\/2020\/08\/14-1-768x512.jpg 768w, https:\/\/marcali.plebania.hu\/wp-content\/uploads\/2020\/08\/14-1-1536x1024.jpg 1536w, https:\/\/marcali.plebania.hu\/wp-content\/uploads\/2020\/08\/14-1-2048x1365.jpg 2048w, https:\/\/marcali.plebania.hu\/wp-content\/uploads\/2020\/08\/14-1-405x270.jpg 405w\" sizes=\"auto, (max-width: 1024px) 100vw, 1024px\" \/><\/figure><\/li><li class=\"blocks-gallery-item\"><figure><img loading=\"lazy\" decoding=\"async\" width=\"1024\" height=\"683\" src=\"https:\/\/marcali.plebania.hu\/wp-content\/uploads\/2020\/08\/15-1-1024x683.jpg\" alt=\"\" data-id=\"2098\" data-full-url=\"https:\/\/marcali.plebania.hu\/wp-content\/uploads\/2020\/08\/15-1-scaled.jpg\" data-link=\"https:\/\/marcali.plebania.hu\/?attachment_id=2098\" class=\"wp-image-2098\" srcset=\"https:\/\/marcali.plebania.hu\/wp-content\/uploads\/2020\/08\/15-1-1024x683.jpg 1024w, https:\/\/marcali.plebania.hu\/wp-content\/uploads\/2020\/08\/15-1-300x200.jpg 300w, https:\/\/marcali.plebania.hu\/wp-content\/uploads\/2020\/08\/15-1-768x512.jpg 768w, https:\/\/marcali.plebania.hu\/wp-content\/uploads\/2020\/08\/15-1-1536x1024.jpg 1536w, https:\/\/marcali.plebania.hu\/wp-content\/uploads\/2020\/08\/15-1-2048x1365.jpg 2048w, https:\/\/marcali.plebania.hu\/wp-content\/uploads\/2020\/08\/15-1-405x270.jpg 405w\" sizes=\"auto, (max-width: 1024px) 100vw, 1024px\" \/><\/figure><\/li><li class=\"blocks-gallery-item\"><figure><img loading=\"lazy\" decoding=\"async\" width=\"1024\" height=\"683\" src=\"https:\/\/marcali.plebania.hu\/wp-content\/uploads\/2020\/08\/16-1-1024x683.jpg\" alt=\"\" data-id=\"2099\" data-full-url=\"https:\/\/marcali.plebania.hu\/wp-content\/uploads\/2020\/08\/16-1-scaled.jpg\" data-link=\"https:\/\/marcali.plebania.hu\/?attachment_id=2099\" class=\"wp-image-2099\" srcset=\"https:\/\/marcali.plebania.hu\/wp-content\/uploads\/2020\/08\/16-1-1024x683.jpg 1024w, https:\/\/marcali.plebania.hu\/wp-content\/uploads\/2020\/08\/16-1-300x200.jpg 300w, https:\/\/marcali.plebania.hu\/wp-content\/uploads\/2020\/08\/16-1-768x512.jpg 768w, https:\/\/marcali.plebania.hu\/wp-content\/uploads\/2020\/08\/16-1-1536x1024.jpg 1536w, https:\/\/marcali.plebania.hu\/wp-content\/uploads\/2020\/08\/16-1-2048x1365.jpg 2048w, https:\/\/marcali.plebania.hu\/wp-content\/uploads\/2020\/08\/16-1-405x270.jpg 405w\" sizes=\"auto, (max-width: 1024px) 100vw, 1024px\" \/><\/figure><\/li><li class=\"blocks-gallery-item\"><figure><img loading=\"lazy\" decoding=\"async\" width=\"1024\" height=\"683\" src=\"https:\/\/marcali.plebania.hu\/wp-content\/uploads\/2020\/08\/17-2-1024x683.jpg\" alt=\"\" data-id=\"2100\" data-full-url=\"https:\/\/marcali.plebania.hu\/wp-content\/uploads\/2020\/08\/17-2-scaled.jpg\" data-link=\"https:\/\/marcali.plebania.hu\/?attachment_id=2100\" class=\"wp-image-2100\" srcset=\"https:\/\/marcali.plebania.hu\/wp-content\/uploads\/2020\/08\/17-2-1024x683.jpg 1024w, https:\/\/marcali.plebania.hu\/wp-content\/uploads\/2020\/08\/17-2-300x200.jpg 300w, https:\/\/marcali.plebania.hu\/wp-content\/uploads\/2020\/08\/17-2-768x512.jpg 768w, https:\/\/marcali.plebania.hu\/wp-content\/uploads\/2020\/08\/17-2-1536x1024.jpg 1536w, https:\/\/marcali.plebania.hu\/wp-content\/uploads\/2020\/08\/17-2-2048x1365.jpg 2048w, https:\/\/marcali.plebania.hu\/wp-content\/uploads\/2020\/08\/17-2-405x270.jpg 405w\" sizes=\"auto, (max-width: 1024px) 100vw, 1024px\" \/><\/figure><\/li><\/ul><\/figure>\n\n\n\n<p>Majd B\u00e1rczi Mikl\u00f3s r\u00e1t\u00e9rt a Kaposv\u00e1ri Egyh\u00e1zmegye zsinati tev\u00e9kenys\u00e9g\u00e9re. Jelmondata: \u201eA zsinat k\u00f6z\u00f6s \u00fatkeres\u00e9s, ahol sz\u00fcks\u00e9g\u00fcnk van R\u00e1d is, hogy egy\u00fctt keress\u00fck meg a v\u00e1laszokat.\u201d F\u0151bb jelszavai pedig a: \u201evonz\u00e1sban, k\u00f6z\u00f6ss\u00e9gben, egys\u00e9gben\u201d, melyek a k\u00f6z\u00f6s c\u00e9lt fejezik ki. Sz\u00e1mos t\u00e9m\u00e1r\u00f3l lehet besz\u00e9lget\u00e9seket folytatni, melyekhez k\u00fcl\u00f6nf\u00e9le zsinati szekci\u00f3k is alakultak az egyh\u00e1zmegy\u00e9ben, hogy \u00fatmutat\u00e1sokkal, munkadokumentumokkal seg\u00edts\u00e9k a p\u00e1rbesz\u00e9det. De \u00f6n\u00e1ll\u00f3 honlapot is terveznek l\u00e9trehozni ennek \u00e9rdek\u00e9ben. A zsinat l\u00e9nyegi gondolatai \u00f6sszess\u00e9g\u00e9ben: \u201eAz egyh\u00e1z \u00e9rted van, a vil\u00e1g\u00e9rt van\u201d; \u201eTegy\u00fck fel egy\u00fctt k\u00e9rd\u00e9seinket!\u201d; \u201eTegy\u00fck egyh\u00e1zunkat vonz\u00f3v\u00e1, az egys\u00e9g \u00e9s a k\u00f6z\u00f6ss\u00e9g l\u00e1that\u00f3 \u00e9p\u00edtm\u00e9ny\u00e9v\u00e9!\u201d.<\/p>\n\n\n\n<figure class=\"wp-block-gallery columns-3 is-cropped wp-block-gallery-4 is-layout-flex wp-block-gallery-is-layout-flex\"><ul class=\"blocks-gallery-grid\"><li class=\"blocks-gallery-item\"><figure><img loading=\"lazy\" decoding=\"async\" width=\"1024\" height=\"683\" src=\"https:\/\/marcali.plebania.hu\/wp-content\/uploads\/2020\/08\/19-2-1024x683.jpg\" alt=\"\" data-id=\"2101\" data-link=\"https:\/\/marcali.plebania.hu\/?attachment_id=2101\" class=\"wp-image-2101\" srcset=\"https:\/\/marcali.plebania.hu\/wp-content\/uploads\/2020\/08\/19-2-1024x683.jpg 1024w, https:\/\/marcali.plebania.hu\/wp-content\/uploads\/2020\/08\/19-2-300x200.jpg 300w, https:\/\/marcali.plebania.hu\/wp-content\/uploads\/2020\/08\/19-2-768x512.jpg 768w, https:\/\/marcali.plebania.hu\/wp-content\/uploads\/2020\/08\/19-2-1536x1024.jpg 1536w, https:\/\/marcali.plebania.hu\/wp-content\/uploads\/2020\/08\/19-2-2048x1365.jpg 2048w, https:\/\/marcali.plebania.hu\/wp-content\/uploads\/2020\/08\/19-2-405x270.jpg 405w\" sizes=\"auto, (max-width: 1024px) 100vw, 1024px\" \/><\/figure><\/li><li class=\"blocks-gallery-item\"><figure><img loading=\"lazy\" decoding=\"async\" width=\"1024\" height=\"683\" src=\"https:\/\/marcali.plebania.hu\/wp-content\/uploads\/2020\/08\/21-1024x683.jpg\" alt=\"\" data-id=\"2103\" data-link=\"https:\/\/marcali.plebania.hu\/?attachment_id=2103\" class=\"wp-image-2103\" srcset=\"https:\/\/marcali.plebania.hu\/wp-content\/uploads\/2020\/08\/21-1024x683.jpg 1024w, https:\/\/marcali.plebania.hu\/wp-content\/uploads\/2020\/08\/21-300x200.jpg 300w, https:\/\/marcali.plebania.hu\/wp-content\/uploads\/2020\/08\/21-768x512.jpg 768w, https:\/\/marcali.plebania.hu\/wp-content\/uploads\/2020\/08\/21-1536x1024.jpg 1536w, https:\/\/marcali.plebania.hu\/wp-content\/uploads\/2020\/08\/21-2048x1365.jpg 2048w, https:\/\/marcali.plebania.hu\/wp-content\/uploads\/2020\/08\/21-405x270.jpg 405w\" sizes=\"auto, (max-width: 1024px) 100vw, 1024px\" \/><\/figure><\/li><li class=\"blocks-gallery-item\"><figure><img loading=\"lazy\" decoding=\"async\" width=\"1024\" height=\"683\" src=\"https:\/\/marcali.plebania.hu\/wp-content\/uploads\/2020\/08\/22-1-1024x683.jpg\" alt=\"\" data-id=\"2104\" data-link=\"https:\/\/marcali.plebania.hu\/?attachment_id=2104\" class=\"wp-image-2104\" srcset=\"https:\/\/marcali.plebania.hu\/wp-content\/uploads\/2020\/08\/22-1-1024x683.jpg 1024w, https:\/\/marcali.plebania.hu\/wp-content\/uploads\/2020\/08\/22-1-300x200.jpg 300w, https:\/\/marcali.plebania.hu\/wp-content\/uploads\/2020\/08\/22-1-768x512.jpg 768w, https:\/\/marcali.plebania.hu\/wp-content\/uploads\/2020\/08\/22-1-1536x1024.jpg 1536w, https:\/\/marcali.plebania.hu\/wp-content\/uploads\/2020\/08\/22-1-2048x1365.jpg 2048w, https:\/\/marcali.plebania.hu\/wp-content\/uploads\/2020\/08\/22-1-405x270.jpg 405w\" sizes=\"auto, (max-width: 1024px) 100vw, 1024px\" \/><\/figure><\/li><li class=\"blocks-gallery-item\"><figure><img loading=\"lazy\" decoding=\"async\" width=\"1024\" height=\"683\" src=\"https:\/\/marcali.plebania.hu\/wp-content\/uploads\/2020\/08\/13-1-1024x683.jpg\" alt=\"\" data-id=\"2105\" data-full-url=\"https:\/\/marcali.plebania.hu\/wp-content\/uploads\/2020\/08\/13-1-scaled.jpg\" data-link=\"https:\/\/marcali.plebania.hu\/?attachment_id=2105\" class=\"wp-image-2105\" srcset=\"https:\/\/marcali.plebania.hu\/wp-content\/uploads\/2020\/08\/13-1-1024x683.jpg 1024w, https:\/\/marcali.plebania.hu\/wp-content\/uploads\/2020\/08\/13-1-300x200.jpg 300w, https:\/\/marcali.plebania.hu\/wp-content\/uploads\/2020\/08\/13-1-768x512.jpg 768w, https:\/\/marcali.plebania.hu\/wp-content\/uploads\/2020\/08\/13-1-1536x1024.jpg 1536w, https:\/\/marcali.plebania.hu\/wp-content\/uploads\/2020\/08\/13-1-2048x1365.jpg 2048w, https:\/\/marcali.plebania.hu\/wp-content\/uploads\/2020\/08\/13-1-405x270.jpg 405w\" sizes=\"auto, (max-width: 1024px) 100vw, 1024px\" \/><\/figure><\/li><\/ul><\/figure>\n\n\n\n<p>Az el\u0151ad\u00e1s ut\u00e1n, a t\u00e9m\u00e1t\nillet\u0151en egy \u00e9l\u00e9nk kerekasztal besz\u00e9lget\u00e9s zajlott, ahol mindenki hozz\u00e1sz\u00f3lhatott,\nilletve k\u00e9rd\u00e9seket tehetett fel, vagy \u00f6tleteket vethetett fel eddigi tapasztalatair\u00f3l.\nDe megfogalmaz\u00f3dott, hogy j\u00f3 lenne, ha ebbe a munk\u00e1ba nemcsak a paps\u00e1g, hanem a h\u00edvek is akt\u00edvan bekapcsol\u00f3dn\u00e1nak \u00e9s tov\u00e1bbra\nis v\u00e1rj\u00e1k (sz\u00f3ban \u00e9s \u00edr\u00e1sban) a v\u00e9lem\u00e9nyeket, javaslatokat ezekhez a zsinati k\u00e9rd\u00e9sekhez.\nA Kaposv\u00e1ri Egyh\u00e1zmegye zsinati el\u0151ad\u00e1sai esperesi\nker\u00fcletenk\u00e9nt a j\u00f6v\u0151ben m\u00e1s helysz\u00edneken tov\u00e1bb folytat\u00f3dnak.<\/p>\n","protected":false},"excerpt":{"rendered":"<p>2020. augusztus 21-\u00e9n, p\u00e9nteken 15 \u00f3r\u00e1t\u00f3l a Somogyv\u00e1ri Esperesi Ker\u00fclet paps\u00e1ga \u00e9s a pl\u00e9b\u00e1ni\u00e1nk k\u00fcld\u00f6ttei zsinati el\u0151ad\u00e1sra gy\u0171ltek \u00f6ssze Marcaliban, az X-h\u00e1z nagyterm\u00e9ben. A zsinatot Varga L\u00e1szl\u00f3 megy\u00e9sp\u00fcsp\u00f6k 2018-ban, a Kaposv\u00e1ri Egyh\u00e1zmegye megalap\u00edt\u00e1s\u00e1nak 25. \u00e9vfordul\u00f3ja alkalm\u00e1b\u00f3l hirdette meg. A c\u00e9lja az, hogy vonz\u00f3v\u00e1 tegye a Katolikus Egyh\u00e1zat mindenki el\u0151tt. Szent VI. P\u00e1l p\u00e1pa szerint az egyh\u00e1z az evangeliz\u00e1ci\u00f3\u00e9rt van, ez pedig csak az\u00e1ltal val\u00f3sulhat meg, ha sorsk\u00f6z\u00f6ss\u00e9get v\u00e1llal azokkal, akikhez a k\u00fcldet\u00e9s sz\u00f3l. Ez\u00e9rt lett a zsinat mott\u00f3ja \u00e9s log\u00f3ja:&#8230;<\/p>\n<p class=\"read-more\"><a class=\"btn btn-default\" href=\"https:\/\/marcali.plebania.hu\/?p=2088\"> Read More<span class=\"screen-reader-text\">  Read More<\/span><\/a><\/p>\n","protected":false},"author":2,"featured_media":0,"comment_status":"closed","ping_status":"open","sticky":false,"template":"","format":"standard","meta":{"footnotes":""},"categories":[1],"tags":[],"class_list":["post-2088","post","type-post","status-publish","format-standard","hentry","category-egyeb"],"_links":{"self":[{"href":"https:\/\/marcali.plebania.hu\/index.php?rest_route=\/wp\/v2\/posts\/2088","targetHints":{"allow":["GET"]}}],"collection":[{"href":"https:\/\/marcali.plebania.hu\/index.php?rest_route=\/wp\/v2\/posts"}],"about":[{"href":"https:\/\/marcali.plebania.hu\/index.php?rest_route=\/wp\/v2\/types\/post"}],"author":[{"embeddable":true,"href":"https:\/\/marcali.plebania.hu\/index.php?rest_route=\/wp\/v2\/users\/2"}],"replies":[{"embeddable":true,"href":"https:\/\/marcali.plebania.hu\/index.php?rest_route=%2Fwp%2Fv2%2Fcomments&post=2088"}],"version-history":[{"count":1,"href":"https:\/\/marcali.plebania.hu\/index.php?rest_route=\/wp\/v2\/posts\/2088\/revisions"}],"predecessor-version":[{"id":2106,"href":"https:\/\/marcali.plebania.hu\/index.php?rest_route=\/wp\/v2\/posts\/2088\/revisions\/2106"}],"wp:attachment":[{"href":"https:\/\/marcali.plebania.hu\/index.php?rest_route=%2Fwp%2Fv2%2Fmedia&parent=2088"}],"wp:term":[{"taxonomy":"category","embeddable":true,"href":"https:\/\/marcali.plebania.hu\/index.php?rest_route=%2Fwp%2Fv2%2Fcategories&post=2088"},{"taxonomy":"post_tag","embeddable":true,"href":"https:\/\/marcali.plebania.hu\/index.php?rest_route=%2Fwp%2Fv2%2Ftags&post=2088"}],"curies":[{"name":"wp","href":"https:\/\/api.w.org\/{rel}","templated":true}]}}