{"id":2107,"date":"2020-08-26T15:05:49","date_gmt":"2020-08-26T15:05:49","guid":{"rendered":"https:\/\/marcali.plebania.hu\/?p=2107"},"modified":"2020-08-26T15:05:49","modified_gmt":"2020-08-26T15:05:49","slug":"meister-eva-trianoni-harangok-kesz-eloadas-az-x-hazban","status":"publish","type":"post","link":"https:\/\/marcali.plebania.hu\/?p=2107","title":{"rendered":"Meister \u00c9va: Trianoni harangok \u2013 K\u00c9SZ el\u0151ad\u00e1s az X-h\u00e1zban"},"content":{"rendered":"\n<p>2020. augusztus 25-\u00e9n, kedden 16.30 \u00f3r\u00e1t\u00f3l a Kereszt\u00e9ny \u00c9rtelmis\u00e9giek Sz\u00f6vets\u00e9ge (K\u00c9SZ) Marcali Csoportja megh\u00edv\u00e1s\u00e1ra Meister \u00c9va sz\u00ednm\u0171v\u00e9szn\u0151 tartott el\u0151ad\u00e1st Trianoni harangok c\u00edmmel az X-h\u00e1z nagyterm\u00e9ben. A rendezv\u00e9ny alapj\u00e1t ugyanis az adja, hogy az idei esztend\u0151ben j\u00fanius 4-\u00e9n volt a b\u00e9kedikt\u00e1tum al\u00e1\u00edr\u00e1s\u00e1nak 100. \u00e9vfordul\u00f3ja. Tov\u00e1bb\u00e1 az orsz\u00e1ggy\u0171l\u00e9s a 2020. \u00e9vet a nemzeti \u00f6sszetartoz\u00e1s \u00e9v\u00e9nek nyilv\u00e1n\u00edtotta. A parlament hat\u00e1rozat\u00e1ban t\u00e1mogatja \u00e9s szorgalmazza az anyaorsz\u00e1gban, a K\u00e1rp\u00e1t-medenc\u00e9ben \u00e9s a nagyvil\u00e1gban \u00e9l\u0151 magyars\u00e1g k\u00f6r\u00e9ben olyan rendezv\u00e9nyek, megeml\u00e9kez\u00e9sek megtart\u00e1s\u00e1t, amelyek er\u0151s\u00edtik a magyars\u00e1g orsz\u00e1ghat\u00e1rok feletti \u00f6sszetartoz\u00e1s\u00e1nak tudat\u00e1t, \u00f6nazonoss\u00e1ga kifejez\u00e9s\u00e9t \u00e9s v\u00e9delm\u00e9t. A centen\u00e1riumi megeml\u00e9kez\u00e9sekre a K\u00c9SZ orsz\u00e1gos szervezete m\u00e1r eddig is kiemelt figyelmet ford\u00edtott. Ezekhez a t\u00f6rekv\u00e9sekhez csatlakozott a Marcali Csoport is a mostani el\u0151ad\u00e1ssal.<\/p>\n\n\n\n<figure class=\"wp-block-gallery columns-3 is-cropped wp-block-gallery-1 is-layout-flex wp-block-gallery-is-layout-flex\"><ul class=\"blocks-gallery-grid\"><li class=\"blocks-gallery-item\"><figure><img loading=\"lazy\" decoding=\"async\" width=\"1024\" height=\"683\" src=\"https:\/\/marcali.plebania.hu\/wp-content\/uploads\/2020\/08\/04-3-1024x683.jpg\" alt=\"\" data-id=\"2108\" data-link=\"https:\/\/marcali.plebania.hu\/?attachment_id=2108\" class=\"wp-image-2108\" srcset=\"https:\/\/marcali.plebania.hu\/wp-content\/uploads\/2020\/08\/04-3-1024x683.jpg 1024w, https:\/\/marcali.plebania.hu\/wp-content\/uploads\/2020\/08\/04-3-300x200.jpg 300w, https:\/\/marcali.plebania.hu\/wp-content\/uploads\/2020\/08\/04-3-768x512.jpg 768w, https:\/\/marcali.plebania.hu\/wp-content\/uploads\/2020\/08\/04-3-1536x1024.jpg 1536w, https:\/\/marcali.plebania.hu\/wp-content\/uploads\/2020\/08\/04-3-2048x1365.jpg 2048w, https:\/\/marcali.plebania.hu\/wp-content\/uploads\/2020\/08\/04-3-405x270.jpg 405w\" sizes=\"auto, (max-width: 1024px) 100vw, 1024px\" \/><\/figure><\/li><li class=\"blocks-gallery-item\"><figure><img loading=\"lazy\" decoding=\"async\" width=\"1024\" height=\"683\" src=\"https:\/\/marcali.plebania.hu\/wp-content\/uploads\/2020\/08\/05-1-1024x683.jpg\" alt=\"\" data-id=\"2109\" data-link=\"https:\/\/marcali.plebania.hu\/?attachment_id=2109\" class=\"wp-image-2109\" srcset=\"https:\/\/marcali.plebania.hu\/wp-content\/uploads\/2020\/08\/05-1-1024x683.jpg 1024w, https:\/\/marcali.plebania.hu\/wp-content\/uploads\/2020\/08\/05-1-300x200.jpg 300w, https:\/\/marcali.plebania.hu\/wp-content\/uploads\/2020\/08\/05-1-768x512.jpg 768w, https:\/\/marcali.plebania.hu\/wp-content\/uploads\/2020\/08\/05-1-1536x1024.jpg 1536w, https:\/\/marcali.plebania.hu\/wp-content\/uploads\/2020\/08\/05-1-2048x1365.jpg 2048w, https:\/\/marcali.plebania.hu\/wp-content\/uploads\/2020\/08\/05-1-405x270.jpg 405w\" sizes=\"auto, (max-width: 1024px) 100vw, 1024px\" \/><\/figure><\/li><li class=\"blocks-gallery-item\"><figure><img loading=\"lazy\" decoding=\"async\" width=\"1024\" height=\"683\" src=\"https:\/\/marcali.plebania.hu\/wp-content\/uploads\/2020\/08\/06-2-1024x683.jpg\" alt=\"\" data-id=\"2110\" data-link=\"https:\/\/marcali.plebania.hu\/?attachment_id=2110\" class=\"wp-image-2110\" srcset=\"https:\/\/marcali.plebania.hu\/wp-content\/uploads\/2020\/08\/06-2-1024x683.jpg 1024w, https:\/\/marcali.plebania.hu\/wp-content\/uploads\/2020\/08\/06-2-300x200.jpg 300w, https:\/\/marcali.plebania.hu\/wp-content\/uploads\/2020\/08\/06-2-768x512.jpg 768w, https:\/\/marcali.plebania.hu\/wp-content\/uploads\/2020\/08\/06-2-1536x1024.jpg 1536w, https:\/\/marcali.plebania.hu\/wp-content\/uploads\/2020\/08\/06-2-2048x1365.jpg 2048w, https:\/\/marcali.plebania.hu\/wp-content\/uploads\/2020\/08\/06-2-405x270.jpg 405w\" sizes=\"auto, (max-width: 1024px) 100vw, 1024px\" \/><\/figure><\/li><li class=\"blocks-gallery-item\"><figure><img loading=\"lazy\" decoding=\"async\" width=\"1024\" height=\"683\" src=\"https:\/\/marcali.plebania.hu\/wp-content\/uploads\/2020\/08\/01-4-1024x683.jpg\" alt=\"\" data-id=\"2111\" data-full-url=\"https:\/\/marcali.plebania.hu\/wp-content\/uploads\/2020\/08\/01-4-scaled.jpg\" data-link=\"https:\/\/marcali.plebania.hu\/?attachment_id=2111\" class=\"wp-image-2111\" srcset=\"https:\/\/marcali.plebania.hu\/wp-content\/uploads\/2020\/08\/01-4-1024x683.jpg 1024w, https:\/\/marcali.plebania.hu\/wp-content\/uploads\/2020\/08\/01-4-300x200.jpg 300w, https:\/\/marcali.plebania.hu\/wp-content\/uploads\/2020\/08\/01-4-768x512.jpg 768w, https:\/\/marcali.plebania.hu\/wp-content\/uploads\/2020\/08\/01-4-1536x1024.jpg 1536w, https:\/\/marcali.plebania.hu\/wp-content\/uploads\/2020\/08\/01-4-2048x1365.jpg 2048w, https:\/\/marcali.plebania.hu\/wp-content\/uploads\/2020\/08\/01-4-405x270.jpg 405w\" sizes=\"auto, (max-width: 1024px) 100vw, 1024px\" \/><\/figure><\/li><\/ul><\/figure>\n\n\n\n<p>A nagy sz\u00e1mban megjelent \u00e9rdekl\u0151d\u0151ket Kiss K\u00e1lm\u00e1n eln\u00f6k k\u00f6sz\u00f6nt\u00f6tte. A bevezet\u0151 gondolatok k\u00f6z\u00f6tt elhangzott, hogy a trianoni eml\u00e9km\u0171sor a koronav\u00edrus-j\u00e1rv\u00e1ny miatt szenvedett cs\u00fasz\u00e1st \u00e9s hosszas el\u0151k\u00e9sz\u00fcletek, egyeztet\u00e9sek ut\u00e1n val\u00f3sult meg. Trianon t\u00e9mak\u00f6r\u00e9ben az\u00e9rt a dikt\u00e1tum kifejez\u00e9s a megfelel\u0151 sz\u00f3, mert az igazs\u00e1gtalan d\u00f6nt\u00e9sr\u0151l a gy\u0151ztes hatalmak a magyarok v\u00e9lem\u00e9ny\u00e9t meg sem k\u00e9rdezt\u00e9k. Kiv\u00e9telt csak Apponyi Albert gr\u00f3f besz\u00e9de k\u00e9pezett, de sajnos ez is hat\u00e1stalan maradt.<\/p>\n\n\n\n<p>Majd ezut\u00e1n Kozma Kriszti\u00e1n Kazinczy-d\u00edjas versmond\u00f3 olvasta fel Meister \u00c9va sz\u00ednm\u0171v\u00e9szn\u0151 \u00e9letrajz\u00e1t, hitvall\u00e1s\u00e1t, valamint ismertette a bemutat\u00e1sra ker\u00fcl\u0151 alkot\u00e1st.<\/p>\n\n\n\n<figure class=\"wp-block-gallery columns-3 is-cropped wp-block-gallery-2 is-layout-flex wp-block-gallery-is-layout-flex\"><ul class=\"blocks-gallery-grid\"><li class=\"blocks-gallery-item\"><figure><img loading=\"lazy\" decoding=\"async\" width=\"1024\" height=\"683\" src=\"https:\/\/marcali.plebania.hu\/wp-content\/uploads\/2020\/08\/02-2-1024x683.jpg\" alt=\"\" data-id=\"2112\" data-link=\"https:\/\/marcali.plebania.hu\/?attachment_id=2112\" class=\"wp-image-2112\" srcset=\"https:\/\/marcali.plebania.hu\/wp-content\/uploads\/2020\/08\/02-2-1024x683.jpg 1024w, https:\/\/marcali.plebania.hu\/wp-content\/uploads\/2020\/08\/02-2-300x200.jpg 300w, https:\/\/marcali.plebania.hu\/wp-content\/uploads\/2020\/08\/02-2-768x512.jpg 768w, https:\/\/marcali.plebania.hu\/wp-content\/uploads\/2020\/08\/02-2-1536x1024.jpg 1536w, https:\/\/marcali.plebania.hu\/wp-content\/uploads\/2020\/08\/02-2-2048x1365.jpg 2048w, https:\/\/marcali.plebania.hu\/wp-content\/uploads\/2020\/08\/02-2-405x270.jpg 405w\" sizes=\"auto, (max-width: 1024px) 100vw, 1024px\" \/><\/figure><\/li><li class=\"blocks-gallery-item\"><figure><img loading=\"lazy\" decoding=\"async\" width=\"1024\" height=\"683\" src=\"https:\/\/marcali.plebania.hu\/wp-content\/uploads\/2020\/08\/03-2-1024x683.jpg\" alt=\"\" data-id=\"2113\" data-link=\"https:\/\/marcali.plebania.hu\/?attachment_id=2113\" class=\"wp-image-2113\" srcset=\"https:\/\/marcali.plebania.hu\/wp-content\/uploads\/2020\/08\/03-2-1024x683.jpg 1024w, https:\/\/marcali.plebania.hu\/wp-content\/uploads\/2020\/08\/03-2-300x200.jpg 300w, https:\/\/marcali.plebania.hu\/wp-content\/uploads\/2020\/08\/03-2-768x512.jpg 768w, https:\/\/marcali.plebania.hu\/wp-content\/uploads\/2020\/08\/03-2-1536x1024.jpg 1536w, https:\/\/marcali.plebania.hu\/wp-content\/uploads\/2020\/08\/03-2-2048x1365.jpg 2048w, https:\/\/marcali.plebania.hu\/wp-content\/uploads\/2020\/08\/03-2-405x270.jpg 405w\" sizes=\"auto, (max-width: 1024px) 100vw, 1024px\" \/><\/figure><\/li><li class=\"blocks-gallery-item\"><figure><img loading=\"lazy\" decoding=\"async\" width=\"1024\" height=\"683\" src=\"https:\/\/marcali.plebania.hu\/wp-content\/uploads\/2020\/08\/07-3-1024x683.jpg\" alt=\"\" data-id=\"2114\" data-link=\"https:\/\/marcali.plebania.hu\/?attachment_id=2114\" class=\"wp-image-2114\" srcset=\"https:\/\/marcali.plebania.hu\/wp-content\/uploads\/2020\/08\/07-3-1024x683.jpg 1024w, https:\/\/marcali.plebania.hu\/wp-content\/uploads\/2020\/08\/07-3-300x200.jpg 300w, https:\/\/marcali.plebania.hu\/wp-content\/uploads\/2020\/08\/07-3-768x512.jpg 768w, https:\/\/marcali.plebania.hu\/wp-content\/uploads\/2020\/08\/07-3-1536x1024.jpg 1536w, https:\/\/marcali.plebania.hu\/wp-content\/uploads\/2020\/08\/07-3-2048x1365.jpg 2048w, https:\/\/marcali.plebania.hu\/wp-content\/uploads\/2020\/08\/07-3-405x270.jpg 405w\" sizes=\"auto, (max-width: 1024px) 100vw, 1024px\" \/><\/figure><\/li><li class=\"blocks-gallery-item\"><figure><img loading=\"lazy\" decoding=\"async\" width=\"1024\" height=\"683\" src=\"https:\/\/marcali.plebania.hu\/wp-content\/uploads\/2020\/08\/10-1-1024x683.jpg\" alt=\"\" data-id=\"2115\" data-full-url=\"https:\/\/marcali.plebania.hu\/wp-content\/uploads\/2020\/08\/10-1-scaled.jpg\" data-link=\"https:\/\/marcali.plebania.hu\/?attachment_id=2115\" class=\"wp-image-2115\" srcset=\"https:\/\/marcali.plebania.hu\/wp-content\/uploads\/2020\/08\/10-1-1024x683.jpg 1024w, https:\/\/marcali.plebania.hu\/wp-content\/uploads\/2020\/08\/10-1-300x200.jpg 300w, https:\/\/marcali.plebania.hu\/wp-content\/uploads\/2020\/08\/10-1-768x512.jpg 768w, https:\/\/marcali.plebania.hu\/wp-content\/uploads\/2020\/08\/10-1-1536x1024.jpg 1536w, https:\/\/marcali.plebania.hu\/wp-content\/uploads\/2020\/08\/10-1-2048x1365.jpg 2048w, https:\/\/marcali.plebania.hu\/wp-content\/uploads\/2020\/08\/10-1-405x270.jpg 405w\" sizes=\"auto, (max-width: 1024px) 100vw, 1024px\" \/><\/figure><\/li><\/ul><\/figure>\n\n\n\n<p>A sz\u00ednm\u0171v\u00e9szn\u0151 az erd\u00e9lyi Olth\u00e9v\u00edzen\nsz\u00fcletett. \u00c9desapja egy d\u00e9l-erd\u00e9lyi, elmagyarosodott sz\u00e1sz \u00e9s egy magyar\nkisiparos csal\u00e1db\u00f3l sz\u00e1rmazik, orvos volt. T\u0151le \u00f6r\u00f6k\u00f6lte az emberek ir\u00e1nti\n\u00f3ri\u00e1si emp\u00e1ti\u00e1j\u00e1t, szeretet\u00e9t. \u00c9desanyja primor sz\u00e9kely csal\u00e1d \u2013 a\nMarosv\u00e1s\u00e1rhelyen kiv\u00e9gzett Sz\u00e9kely V\u00e9rtan\u00fa, G\u00e1lffy Mih\u00e1ly lesz\u00e1rmazottja.\nPedag\u00f3gus volt. T\u0151le a sz\u00e9kely virtust, a sz\u00f3kimond\u00e1s\u00e1t \u00e9s konoks\u00e1g\u00e1t \u00f6r\u00f6k\u00f6lte.<\/p>\n\n\n\n<p>Meister\n\u00c9va sz\u00ednm\u0171v\u00e9szn\u0151 a Marosv\u00e1s\u00e1rhelyi Nemzeti Sz\u00ednh\u00e1znak t\u00edz \u00e9vig volt sokat\nfoglalkoztatott tagja, \u00e9s a k\u00f6z\u00f6ns\u00e9g \u00e1ltal kedvelt m\u0171v\u00e9sze. 1987-ben Magyarorsz\u00e1gra\nmenek\u00fclt. Az\u00f3ta szabadfoglalkoz\u00e1s\u00fa sz\u00ednm\u0171v\u00e9szk\u00e9nt dolgozik, int\u00e9zm\u00e9ny \u00e9s\nt\u00e1mogatotts\u00e1g n\u00e9lk\u00fcl. A hite viszi, nem a l\u00e1ba. A nemzet napsz\u00e1mosak\u00e9nt 40 \u00e9ve\nal\u00e1zattal \u00e9s misszi\u00f3s lobog\u00e1ssal szolg\u00e1lja n\u00e9p\u00e9t \u00e9s kult\u00far\u00e1j\u00e1t, hogy amennyire\ncsak lehet\u0151s\u00e9ge van, enyh\u00edtsen lelk\u00fcnk trianoni f\u00e1jdalm\u00e1n.<\/p>\n\n\n\n<p>\u00d6n\u00e1ll\u00f3\nestjeivel, amelyek er\u0151teljes nemzeti \u00f6ntudattal vannak \u00e1titatva, sok helyen\nmegfordult a K\u00e1rp\u00e1t-medenc\u00e9ben, a\nlegkisebb falut\u00f3l, hova nem j\u00e1r sz\u00ednh\u00e1z,\na nagyh\u00edr\u0171 te\u00e1trumok k\u00f6z\u00f6ns\u00e9g\u00e9ig, majd a hat\u00e1rainkon t\u00fal \u00e9l\u0151 magyar\nk\u00f6z\u00f6ss\u00e9gekn\u00e9l: Ausztria, N\u00e9metorsz\u00e1g \u00e9s\nSv\u00e9dorsz\u00e1g v\u00e1rosaiban.<\/p>\n\n\n\n<p>Meister\n\u00c9va Magor \u00e9s Bogl\u00e1rka \u00e9desanyja, akiket Isten aj\u00e1nd\u00e9kainak tart.<\/p>\n\n\n\n<p>2015. szeptember\u00e9ben megkapta: A Magyar M\u0171v\u00e9szet\u00e9rt Ex Libris-d\u00edjat, 2019-ben a: Magyar Kult\u00fara Lovagja lett. Ezek a d\u00edjak erk\u00f6lcsi elismer\u00e9sek, \u00e9s azoknak j\u00e1rnak, akik \u00e9letm\u0171v\u00fckkel szolg\u00e1lt\u00e1k a magyars\u00e1got, legjobb tud\u00e1suk szerint.<\/p>\n\n\n\n<figure class=\"wp-block-gallery columns-3 is-cropped wp-block-gallery-3 is-layout-flex wp-block-gallery-is-layout-flex\"><ul class=\"blocks-gallery-grid\"><li class=\"blocks-gallery-item\"><figure><img loading=\"lazy\" decoding=\"async\" width=\"1024\" height=\"683\" src=\"https:\/\/marcali.plebania.hu\/wp-content\/uploads\/2020\/08\/13-2-1024x683.jpg\" alt=\"\" data-id=\"2116\" data-link=\"https:\/\/marcali.plebania.hu\/?attachment_id=2116\" class=\"wp-image-2116\" srcset=\"https:\/\/marcali.plebania.hu\/wp-content\/uploads\/2020\/08\/13-2-1024x683.jpg 1024w, https:\/\/marcali.plebania.hu\/wp-content\/uploads\/2020\/08\/13-2-300x200.jpg 300w, https:\/\/marcali.plebania.hu\/wp-content\/uploads\/2020\/08\/13-2-768x512.jpg 768w, https:\/\/marcali.plebania.hu\/wp-content\/uploads\/2020\/08\/13-2-1536x1024.jpg 1536w, https:\/\/marcali.plebania.hu\/wp-content\/uploads\/2020\/08\/13-2-2048x1365.jpg 2048w, https:\/\/marcali.plebania.hu\/wp-content\/uploads\/2020\/08\/13-2-405x270.jpg 405w\" sizes=\"auto, (max-width: 1024px) 100vw, 1024px\" \/><\/figure><\/li><li class=\"blocks-gallery-item\"><figure><img loading=\"lazy\" decoding=\"async\" width=\"1024\" height=\"683\" src=\"https:\/\/marcali.plebania.hu\/wp-content\/uploads\/2020\/08\/16-2-1024x683.jpg\" alt=\"\" data-id=\"2118\" data-link=\"https:\/\/marcali.plebania.hu\/?attachment_id=2118\" class=\"wp-image-2118\" srcset=\"https:\/\/marcali.plebania.hu\/wp-content\/uploads\/2020\/08\/16-2-1024x683.jpg 1024w, https:\/\/marcali.plebania.hu\/wp-content\/uploads\/2020\/08\/16-2-300x200.jpg 300w, https:\/\/marcali.plebania.hu\/wp-content\/uploads\/2020\/08\/16-2-768x512.jpg 768w, https:\/\/marcali.plebania.hu\/wp-content\/uploads\/2020\/08\/16-2-1536x1024.jpg 1536w, https:\/\/marcali.plebania.hu\/wp-content\/uploads\/2020\/08\/16-2-2048x1365.jpg 2048w, https:\/\/marcali.plebania.hu\/wp-content\/uploads\/2020\/08\/16-2-405x270.jpg 405w\" sizes=\"auto, (max-width: 1024px) 100vw, 1024px\" \/><\/figure><\/li><li class=\"blocks-gallery-item\"><figure><img loading=\"lazy\" decoding=\"async\" width=\"1024\" height=\"683\" src=\"https:\/\/marcali.plebania.hu\/wp-content\/uploads\/2020\/08\/17-3-1024x683.jpg\" alt=\"\" data-id=\"2119\" data-link=\"https:\/\/marcali.plebania.hu\/?attachment_id=2119\" class=\"wp-image-2119\" srcset=\"https:\/\/marcali.plebania.hu\/wp-content\/uploads\/2020\/08\/17-3-1024x683.jpg 1024w, https:\/\/marcali.plebania.hu\/wp-content\/uploads\/2020\/08\/17-3-300x200.jpg 300w, https:\/\/marcali.plebania.hu\/wp-content\/uploads\/2020\/08\/17-3-768x512.jpg 768w, https:\/\/marcali.plebania.hu\/wp-content\/uploads\/2020\/08\/17-3-1536x1024.jpg 1536w, https:\/\/marcali.plebania.hu\/wp-content\/uploads\/2020\/08\/17-3-2048x1365.jpg 2048w, https:\/\/marcali.plebania.hu\/wp-content\/uploads\/2020\/08\/17-3-405x270.jpg 405w\" sizes=\"auto, (max-width: 1024px) 100vw, 1024px\" \/><\/figure><\/li><li class=\"blocks-gallery-item\"><figure><img loading=\"lazy\" decoding=\"async\" width=\"1024\" height=\"683\" src=\"https:\/\/marcali.plebania.hu\/wp-content\/uploads\/2020\/08\/15-3-1024x683.jpg\" alt=\"\" data-id=\"2120\" data-full-url=\"https:\/\/marcali.plebania.hu\/wp-content\/uploads\/2020\/08\/15-3-scaled.jpg\" data-link=\"https:\/\/marcali.plebania.hu\/?attachment_id=2120\" class=\"wp-image-2120\" srcset=\"https:\/\/marcali.plebania.hu\/wp-content\/uploads\/2020\/08\/15-3-1024x683.jpg 1024w, https:\/\/marcali.plebania.hu\/wp-content\/uploads\/2020\/08\/15-3-300x200.jpg 300w, https:\/\/marcali.plebania.hu\/wp-content\/uploads\/2020\/08\/15-3-768x512.jpg 768w, https:\/\/marcali.plebania.hu\/wp-content\/uploads\/2020\/08\/15-3-1536x1024.jpg 1536w, https:\/\/marcali.plebania.hu\/wp-content\/uploads\/2020\/08\/15-3-2048x1365.jpg 2048w, https:\/\/marcali.plebania.hu\/wp-content\/uploads\/2020\/08\/15-3-405x270.jpg 405w\" sizes=\"auto, (max-width: 1024px) 100vw, 1024px\" \/><\/figure><\/li><\/ul><\/figure>\n\n\n\n<p>A\nmostani el\u0151ad\u00e1s a trianoni \u00e9let\u00e9rz\u00e9sr\u0151l, az egy\u00e9ni \u00e9s k\u00f6z\u00f6ss\u00e9gi trag\u00e9di\u00e1r\u00f3l\nsz\u00f3l, \u00e9s a rem\u00e9nyr\u0151l, hogy a nemzet \u00e9s a magyar Haza volt, van \u00e9s lesz, \u00f6r\u00f6kk\u00f6n\n\u00f6r\u00f6kk\u00e9, \u201em\u00e9g ha leszakad az \u00c9g is\u201d. A \u201eTrianoni harangok\u201d a m\u0171v\u00e9szn\u0151 egyik\nismert \u00edr\u00e1sa, melyet 2010-ben \u00edrt, \u00c9desapja hal\u00e1l\u00e1ra, \u00e9s amely egy\nsepsiszentgy\u00f6rgyi \u00edr\u00f3, Kisgy\u00f6rgy Zolt\u00e1n k\u00f6nyv\u00e9ben, majd t\u00f6bb foly\u00f3iratban \u00e9s az\ninternetes online-os sajt\u00f3ban is megjelent.<\/p>\n\n\n\n<p>Az eml\u00e9kesten a k\u00f6vetkez\u0151 k\u00f6lt\u0151k, \u00edr\u00f3k, zen\u00e9szek m\u0171vei hangzottak el: Sztrebka Erika (Szk\u00edtia zenekar),\u00a0 Mih\u00e1lyi Moln\u00e1r L\u00e1szl\u00f3, Meister \u00c9va, Dsida Jen\u0151, Petr\u00e1s J\u00e1nos (K\u00e1rp\u00e1tia zenekar), Wass Albert, Farkas \u00c1rp\u00e1d,\u00a0 Rem\u00e9nyik S\u00e1ndor,\u00a0 Saj\u00f3 S\u00e1ndor, M\u00e1rtonffy Mikl\u00f3s, Sz\u0151cs G\u00e9za, B\u00e1nfi Ferenc (J\u00e1szmagyarok egy\u00fcttes), Hervay Gizella \u00e9s Ady Endre m\u0171vei.<\/p>\n\n\n\n<figure class=\"wp-block-gallery columns-3 is-cropped wp-block-gallery-4 is-layout-flex wp-block-gallery-is-layout-flex\"><ul class=\"blocks-gallery-grid\"><li class=\"blocks-gallery-item\"><figure><img loading=\"lazy\" decoding=\"async\" width=\"1024\" height=\"683\" src=\"https:\/\/marcali.plebania.hu\/wp-content\/uploads\/2020\/08\/21-1-1024x683.jpg\" alt=\"\" data-id=\"2121\" data-link=\"https:\/\/marcali.plebania.hu\/?attachment_id=2121\" class=\"wp-image-2121\" srcset=\"https:\/\/marcali.plebania.hu\/wp-content\/uploads\/2020\/08\/21-1-1024x683.jpg 1024w, https:\/\/marcali.plebania.hu\/wp-content\/uploads\/2020\/08\/21-1-300x200.jpg 300w, https:\/\/marcali.plebania.hu\/wp-content\/uploads\/2020\/08\/21-1-768x512.jpg 768w, https:\/\/marcali.plebania.hu\/wp-content\/uploads\/2020\/08\/21-1-1536x1024.jpg 1536w, https:\/\/marcali.plebania.hu\/wp-content\/uploads\/2020\/08\/21-1-2048x1365.jpg 2048w, https:\/\/marcali.plebania.hu\/wp-content\/uploads\/2020\/08\/21-1-405x270.jpg 405w\" sizes=\"auto, (max-width: 1024px) 100vw, 1024px\" \/><\/figure><\/li><li class=\"blocks-gallery-item\"><figure><img loading=\"lazy\" decoding=\"async\" width=\"1024\" height=\"683\" src=\"https:\/\/marcali.plebania.hu\/wp-content\/uploads\/2020\/08\/22-2-1024x683.jpg\" alt=\"\" data-id=\"2122\" data-link=\"https:\/\/marcali.plebania.hu\/?attachment_id=2122\" class=\"wp-image-2122\" srcset=\"https:\/\/marcali.plebania.hu\/wp-content\/uploads\/2020\/08\/22-2-1024x683.jpg 1024w, https:\/\/marcali.plebania.hu\/wp-content\/uploads\/2020\/08\/22-2-300x200.jpg 300w, https:\/\/marcali.plebania.hu\/wp-content\/uploads\/2020\/08\/22-2-768x512.jpg 768w, https:\/\/marcali.plebania.hu\/wp-content\/uploads\/2020\/08\/22-2-1536x1024.jpg 1536w, https:\/\/marcali.plebania.hu\/wp-content\/uploads\/2020\/08\/22-2-2048x1365.jpg 2048w, https:\/\/marcali.plebania.hu\/wp-content\/uploads\/2020\/08\/22-2-405x270.jpg 405w\" sizes=\"auto, (max-width: 1024px) 100vw, 1024px\" \/><\/figure><\/li><li class=\"blocks-gallery-item\"><figure><img loading=\"lazy\" decoding=\"async\" width=\"1024\" height=\"683\" src=\"https:\/\/marcali.plebania.hu\/wp-content\/uploads\/2020\/08\/14-2-1024x683.jpg\" alt=\"\" data-id=\"2123\" data-link=\"https:\/\/marcali.plebania.hu\/?attachment_id=2123\" class=\"wp-image-2123\" srcset=\"https:\/\/marcali.plebania.hu\/wp-content\/uploads\/2020\/08\/14-2-1024x683.jpg 1024w, https:\/\/marcali.plebania.hu\/wp-content\/uploads\/2020\/08\/14-2-300x200.jpg 300w, https:\/\/marcali.plebania.hu\/wp-content\/uploads\/2020\/08\/14-2-768x512.jpg 768w, https:\/\/marcali.plebania.hu\/wp-content\/uploads\/2020\/08\/14-2-1536x1024.jpg 1536w, https:\/\/marcali.plebania.hu\/wp-content\/uploads\/2020\/08\/14-2-2048x1365.jpg 2048w, https:\/\/marcali.plebania.hu\/wp-content\/uploads\/2020\/08\/14-2-405x270.jpg 405w\" sizes=\"auto, (max-width: 1024px) 100vw, 1024px\" \/><\/figure><\/li><li class=\"blocks-gallery-item\"><figure><img loading=\"lazy\" decoding=\"async\" width=\"1024\" height=\"683\" src=\"https:\/\/marcali.plebania.hu\/wp-content\/uploads\/2020\/08\/23-2-1024x683.jpg\" alt=\"\" data-id=\"2124\" data-full-url=\"https:\/\/marcali.plebania.hu\/wp-content\/uploads\/2020\/08\/23-2-scaled.jpg\" data-link=\"https:\/\/marcali.plebania.hu\/?attachment_id=2124\" class=\"wp-image-2124\" srcset=\"https:\/\/marcali.plebania.hu\/wp-content\/uploads\/2020\/08\/23-2-1024x683.jpg 1024w, https:\/\/marcali.plebania.hu\/wp-content\/uploads\/2020\/08\/23-2-300x200.jpg 300w, https:\/\/marcali.plebania.hu\/wp-content\/uploads\/2020\/08\/23-2-768x512.jpg 768w, https:\/\/marcali.plebania.hu\/wp-content\/uploads\/2020\/08\/23-2-1536x1024.jpg 1536w, https:\/\/marcali.plebania.hu\/wp-content\/uploads\/2020\/08\/23-2-2048x1365.jpg 2048w, https:\/\/marcali.plebania.hu\/wp-content\/uploads\/2020\/08\/23-2-405x270.jpg 405w\" sizes=\"auto, (max-width: 1024px) 100vw, 1024px\" \/><\/figure><\/li><\/ul><\/figure>\n\n\n\n<p>Az el\u0151ad\u00e1s v\u00e9g\u00e9n a k\u00f6z\u00f6ns\u00e9g vastapssal\njutalmazta Meister \u00c9va sz\u00ednm\u0171v\u00e9szn\u0151 m\u0171sor\u00e1t, mik\u00f6zben a K\u00c9SZ Marcali Csoport\neln\u00f6ke pedig egy csokor vir\u00e1ggal \u00e9s Marcalir\u00f3l megjelent helyt\u00f6rt\u00e9neti\nkiadv\u00e1nyokkal k\u00f6sz\u00f6nte meg a sz\u00ednvonalas eml\u00e9kestet. A rendezv\u00e9nyt megtisztelte\njelenl\u00e9t\u00e9vel Kiss Iv\u00e1n, c. pr\u00e9post, esperes-pl\u00e9b\u00e1nos; Huszti G\u00e1bor, a Somogy\nMegyei K\u00f6zgy\u0171l\u00e9s aleln\u00f6ke; dr. M\u00e9sz\u00e1ros G\u00e9za \u00e9s Moln\u00e1r \u00c1gnes \u00f6nkorm\u00e1nyzati\nk\u00e9pvisel\u0151k; valamint Szaka Zsolt, a Marcali \u00e9s K\u00f6rny\u00e9ke Hagyom\u00e1ny\u0151rz\u0151 Ipartest\u00fclet\neln\u00f6ke.<\/p>\n\n\n\n<p>A K\u00c9SZ Marcali\nCsoportj\u00e1nak trianoni eml\u00e9km\u0171sor\u00e1t a Nemzeti Egy\u00fcttm\u0171k\u00f6d\u00e9si Alap (NEA), a\nMinisztereln\u00f6ks\u00e9g \u00e9s a Bethlen G\u00e1bor Alapkezel\u0151 Zrt. t\u00e1mogatta.<\/p>\n","protected":false},"excerpt":{"rendered":"<p>2020. augusztus 25-\u00e9n, kedden 16.30 \u00f3r\u00e1t\u00f3l a Kereszt\u00e9ny \u00c9rtelmis\u00e9giek Sz\u00f6vets\u00e9ge (K\u00c9SZ) Marcali Csoportja megh\u00edv\u00e1s\u00e1ra Meister \u00c9va sz\u00ednm\u0171v\u00e9szn\u0151 tartott el\u0151ad\u00e1st Trianoni harangok c\u00edmmel az X-h\u00e1z nagyterm\u00e9ben. A rendezv\u00e9ny alapj\u00e1t ugyanis az adja, hogy az idei esztend\u0151ben j\u00fanius 4-\u00e9n volt a b\u00e9kedikt\u00e1tum al\u00e1\u00edr\u00e1s\u00e1nak 100. \u00e9vfordul\u00f3ja. Tov\u00e1bb\u00e1 az orsz\u00e1ggy\u0171l\u00e9s a 2020. \u00e9vet a nemzeti \u00f6sszetartoz\u00e1s \u00e9v\u00e9nek nyilv\u00e1n\u00edtotta. A parlament hat\u00e1rozat\u00e1ban t\u00e1mogatja \u00e9s szorgalmazza az anyaorsz\u00e1gban, a K\u00e1rp\u00e1t-medenc\u00e9ben \u00e9s a nagyvil\u00e1gban \u00e9l\u0151 magyars\u00e1g k\u00f6r\u00e9ben olyan rendezv\u00e9nyek, megeml\u00e9kez\u00e9sek megtart\u00e1s\u00e1t, amelyek er\u0151s\u00edtik a magyars\u00e1g orsz\u00e1ghat\u00e1rok feletti&#8230;<\/p>\n<p class=\"read-more\"><a class=\"btn btn-default\" href=\"https:\/\/marcali.plebania.hu\/?p=2107\"> Read More<span class=\"screen-reader-text\">  Read More<\/span><\/a><\/p>\n","protected":false},"author":2,"featured_media":0,"comment_status":"closed","ping_status":"open","sticky":false,"template":"","format":"standard","meta":{"footnotes":""},"categories":[1],"tags":[],"class_list":["post-2107","post","type-post","status-publish","format-standard","hentry","category-egyeb"],"_links":{"self":[{"href":"https:\/\/marcali.plebania.hu\/index.php?rest_route=\/wp\/v2\/posts\/2107","targetHints":{"allow":["GET"]}}],"collection":[{"href":"https:\/\/marcali.plebania.hu\/index.php?rest_route=\/wp\/v2\/posts"}],"about":[{"href":"https:\/\/marcali.plebania.hu\/index.php?rest_route=\/wp\/v2\/types\/post"}],"author":[{"embeddable":true,"href":"https:\/\/marcali.plebania.hu\/index.php?rest_route=\/wp\/v2\/users\/2"}],"replies":[{"embeddable":true,"href":"https:\/\/marcali.plebania.hu\/index.php?rest_route=%2Fwp%2Fv2%2Fcomments&post=2107"}],"version-history":[{"count":1,"href":"https:\/\/marcali.plebania.hu\/index.php?rest_route=\/wp\/v2\/posts\/2107\/revisions"}],"predecessor-version":[{"id":2125,"href":"https:\/\/marcali.plebania.hu\/index.php?rest_route=\/wp\/v2\/posts\/2107\/revisions\/2125"}],"wp:attachment":[{"href":"https:\/\/marcali.plebania.hu\/index.php?rest_route=%2Fwp%2Fv2%2Fmedia&parent=2107"}],"wp:term":[{"taxonomy":"category","embeddable":true,"href":"https:\/\/marcali.plebania.hu\/index.php?rest_route=%2Fwp%2Fv2%2Fcategories&post=2107"},{"taxonomy":"post_tag","embeddable":true,"href":"https:\/\/marcali.plebania.hu\/index.php?rest_route=%2Fwp%2Fv2%2Ftags&post=2107"}],"curies":[{"name":"wp","href":"https:\/\/api.w.org\/{rel}","templated":true}]}}