{"id":2126,"date":"2020-08-28T08:00:09","date_gmt":"2020-08-28T08:00:09","guid":{"rendered":"https:\/\/marcali.plebania.hu\/?p=2126"},"modified":"2020-08-28T08:00:09","modified_gmt":"2020-08-28T08:00:09","slug":"hirdetesek-2020-08-30","status":"publish","type":"post","link":"https:\/\/marcali.plebania.hu\/?p=2126","title":{"rendered":"Hirdet\u00e9sek, 2020. 08. 30."},"content":{"rendered":"\n<ol class=\"wp-block-list\"><li>Ma\nvan az \u00e9vk\u00f6zi 22. vas\u00e1rnap.<\/li><li>A\nj\u00f6v\u0151 h\u00e9ten els\u0151 p\u00e9ntek, d\u00e9lel\u0151tt a h\u00e1zi betegek \u00e1ldoztat\u00e1sa \u00e9s az id\u0151sek\notthon\u00e1ban l\u00e1togat\u00e1s, d\u00e9lut\u00e1n 17 \u00f3r\u00e1t\u00f3l a templom kertben gy\u00f3ntat\u00e1s, 17.30-kor\nszents\u00e9gim\u00e1d\u00e1s, 18 \u00f3rakor szentmise.<\/li><li>Szeptember\n1-vel megkezd\u0151dik Marcali iskol\u00e1iban is a hitoktat\u00e1s. A hittan\u00f3r\u00e1kat az\noszt\u00e1lyf\u0151n\u00f6k\u00f6k hirdetik a gyermekeknek. A hittank\u00f6nyveket az els\u0151 hittan\u00f3r\u00e1n\nkapj\u00e1k meg a hitoktat\u00f3kt\u00f3l a hittanosok. Tan\u00e9vnyit\u00f3 szentmise szeptember 13-\u00e1n\n9 \u00f3rakor a pl\u00e9b\u00e1niatemplomban, 18 \u00f3rakor a B. Gizella templomban.<\/li><li>Ha\na j\u00e1rv\u00e1nyhelyzet megengedi, akkor els\u0151\u00e1ldoz\u00e1st \u00e9s b\u00e9rm\u00e1l\u00e1st is tervez\u00fcnk az\n\u0151szre. Az els\u0151\u00e1ldoz\u00e1st okt\u00f3ber 18-\u00e1n tartan\u00e1nk a 4. oszt\u00e1lyosoknak 10 \u00f3rakor a\npl\u00e9b\u00e1niatemplomban. Erre k\u00fcl\u00f6n felk\u00e9sz\u00edt\u00e9s lesz az els\u0151\u00e1ldoz\u00e1sra\njelentkezetteknek.<\/li><li>Az\nels\u0151\u00e1ldoz\u00e1sra k\u00e9sz\u00fcl\u0151 gyermekek sz\u00fcleinek sz\u00fcl\u0151i \u00e9rtekezletet tartunk\nszeptember 9-\u00e9n, szerd\u00e1n 17 \u00f3rakor az X-h\u00e1z nagyterm\u00e9ben. K\u00e9rj\u00fck a kedves\nsz\u00fcl\u0151ket, hogy az \u00fcgy fontoss\u00e1ga miatt szem\u00e9lyesen jelenjenek meg.<\/li><\/ol>\n","protected":false},"excerpt":{"rendered":"<p>Ma van az \u00e9vk\u00f6zi 22. vas\u00e1rnap. A j\u00f6v\u0151 h\u00e9ten els\u0151 p\u00e9ntek, d\u00e9lel\u0151tt a h\u00e1zi betegek \u00e1ldoztat\u00e1sa \u00e9s az id\u0151sek otthon\u00e1ban l\u00e1togat\u00e1s, d\u00e9lut\u00e1n 17 \u00f3r\u00e1t\u00f3l a templom kertben gy\u00f3ntat\u00e1s, 17.30-kor szents\u00e9gim\u00e1d\u00e1s, 18 \u00f3rakor szentmise. Szeptember 1-vel megkezd\u0151dik Marcali iskol\u00e1iban is a hitoktat\u00e1s. A hittan\u00f3r\u00e1kat az oszt\u00e1lyf\u0151n\u00f6k\u00f6k hirdetik a gyermekeknek. A hittank\u00f6nyveket az els\u0151 hittan\u00f3r\u00e1n kapj\u00e1k meg a hitoktat\u00f3kt\u00f3l a hittanosok. Tan\u00e9vnyit\u00f3 szentmise szeptember 13-\u00e1n 9 \u00f3rakor a pl\u00e9b\u00e1niatemplomban, 18 \u00f3rakor a B. Gizella templomban. Ha a j\u00e1rv\u00e1nyhelyzet megengedi, akkor els\u0151\u00e1ldoz\u00e1st \u00e9s&#8230;<\/p>\n<p class=\"read-more\"><a class=\"btn btn-default\" href=\"https:\/\/marcali.plebania.hu\/?p=2126\"> Read More<span class=\"screen-reader-text\">  Read More<\/span><\/a><\/p>\n","protected":false},"author":2,"featured_media":0,"comment_status":"closed","ping_status":"open","sticky":false,"template":"","format":"standard","meta":{"footnotes":""},"categories":[1],"tags":[],"class_list":["post-2126","post","type-post","status-publish","format-standard","hentry","category-egyeb"],"_links":{"self":[{"href":"https:\/\/marcali.plebania.hu\/index.php?rest_route=\/wp\/v2\/posts\/2126","targetHints":{"allow":["GET"]}}],"collection":[{"href":"https:\/\/marcali.plebania.hu\/index.php?rest_route=\/wp\/v2\/posts"}],"about":[{"href":"https:\/\/marcali.plebania.hu\/index.php?rest_route=\/wp\/v2\/types\/post"}],"author":[{"embeddable":true,"href":"https:\/\/marcali.plebania.hu\/index.php?rest_route=\/wp\/v2\/users\/2"}],"replies":[{"embeddable":true,"href":"https:\/\/marcali.plebania.hu\/index.php?rest_route=%2Fwp%2Fv2%2Fcomments&post=2126"}],"version-history":[{"count":1,"href":"https:\/\/marcali.plebania.hu\/index.php?rest_route=\/wp\/v2\/posts\/2126\/revisions"}],"predecessor-version":[{"id":2127,"href":"https:\/\/marcali.plebania.hu\/index.php?rest_route=\/wp\/v2\/posts\/2126\/revisions\/2127"}],"wp:attachment":[{"href":"https:\/\/marcali.plebania.hu\/index.php?rest_route=%2Fwp%2Fv2%2Fmedia&parent=2126"}],"wp:term":[{"taxonomy":"category","embeddable":true,"href":"https:\/\/marcali.plebania.hu\/index.php?rest_route=%2Fwp%2Fv2%2Fcategories&post=2126"},{"taxonomy":"post_tag","embeddable":true,"href":"https:\/\/marcali.plebania.hu\/index.php?rest_route=%2Fwp%2Fv2%2Ftags&post=2126"}],"curies":[{"name":"wp","href":"https:\/\/api.w.org\/{rel}","templated":true}]}}