{"id":2129,"date":"2020-09-04T08:39:20","date_gmt":"2020-09-04T08:39:20","guid":{"rendered":"https:\/\/marcali.plebania.hu\/?p=2129"},"modified":"2020-09-04T08:39:20","modified_gmt":"2020-09-04T08:39:20","slug":"hirdetesek-2020-09-06","status":"publish","type":"post","link":"https:\/\/marcali.plebania.hu\/?p=2129","title":{"rendered":"Hirdet\u00e9sek, 2020. 09. 06."},"content":{"rendered":"\n<ol class=\"wp-block-list\"><li>Ma\nvan az \u00e9vk\u00f6zi 23. vas\u00e1rnap.<\/li><li>Kedden\nKisboldogasszony \u00fcnnepe, este 18 \u00f3rakor lesz a szentmise.<\/li><li>Szerd\u00e1n 17 \u00f3rakor az X-h\u00e1z\nnagyterm\u00e9ben az els\u0151\u00e1ldoz\u00e1sra k\u00e9sz\u00fcl\u0151 gyermekek sz\u00fcleinek sz\u00fcl\u0151i \u00e9rtekezletet\ntartunk. K\u00e9rj\u00fck a kedves sz\u00fcl\u0151ket, hogy az \u00fcgy fontoss\u00e1ga miatt szem\u00e9lyesen\njelenjenek meg.<\/li><li>P\u00e9nteken,\n17.30-kor szents\u00e9gim\u00e1d\u00e1s, 18 \u00f3rakor szentmise.<\/li><li>Szombaton\nM\u00e1ria neve napj\u00e1n este 18 \u00f3rakor lesz a szentmise.<\/li><li>J\u00f6v\u0151\nvas\u00e1rnap tan\u00e9vnyit\u00f3 szentmise lesz 9 \u00f3rakor a pl\u00e9b\u00e1niatemplomban, 18 \u00f3rakor a\nB. Gizella templomban.<\/li><li>Ugyancsak\nj\u00f6v\u0151 vas\u00e1rnap gy\u0171jt\u00e9s lesz a Szentf\u00f6ld jav\u00e1ra.<\/li><\/ol>\n","protected":false},"excerpt":{"rendered":"<p>Ma van az \u00e9vk\u00f6zi 23. vas\u00e1rnap. Kedden Kisboldogasszony \u00fcnnepe, este 18 \u00f3rakor lesz a szentmise. Szerd\u00e1n 17 \u00f3rakor az X-h\u00e1z nagyterm\u00e9ben az els\u0151\u00e1ldoz\u00e1sra k\u00e9sz\u00fcl\u0151 gyermekek sz\u00fcleinek sz\u00fcl\u0151i \u00e9rtekezletet tartunk. K\u00e9rj\u00fck a kedves sz\u00fcl\u0151ket, hogy az \u00fcgy fontoss\u00e1ga miatt szem\u00e9lyesen jelenjenek meg. P\u00e9nteken, 17.30-kor szents\u00e9gim\u00e1d\u00e1s, 18 \u00f3rakor szentmise. Szombaton M\u00e1ria neve napj\u00e1n este 18 \u00f3rakor lesz a szentmise. J\u00f6v\u0151 vas\u00e1rnap tan\u00e9vnyit\u00f3 szentmise lesz 9 \u00f3rakor a pl\u00e9b\u00e1niatemplomban, 18 \u00f3rakor a B. Gizella templomban. Ugyancsak j\u00f6v\u0151 vas\u00e1rnap gy\u0171jt\u00e9s lesz a Szentf\u00f6ld jav\u00e1ra.<\/p>\n","protected":false},"author":2,"featured_media":0,"comment_status":"closed","ping_status":"open","sticky":false,"template":"","format":"standard","meta":{"footnotes":""},"categories":[1],"tags":[],"class_list":["post-2129","post","type-post","status-publish","format-standard","hentry","category-egyeb"],"_links":{"self":[{"href":"https:\/\/marcali.plebania.hu\/index.php?rest_route=\/wp\/v2\/posts\/2129","targetHints":{"allow":["GET"]}}],"collection":[{"href":"https:\/\/marcali.plebania.hu\/index.php?rest_route=\/wp\/v2\/posts"}],"about":[{"href":"https:\/\/marcali.plebania.hu\/index.php?rest_route=\/wp\/v2\/types\/post"}],"author":[{"embeddable":true,"href":"https:\/\/marcali.plebania.hu\/index.php?rest_route=\/wp\/v2\/users\/2"}],"replies":[{"embeddable":true,"href":"https:\/\/marcali.plebania.hu\/index.php?rest_route=%2Fwp%2Fv2%2Fcomments&post=2129"}],"version-history":[{"count":1,"href":"https:\/\/marcali.plebania.hu\/index.php?rest_route=\/wp\/v2\/posts\/2129\/revisions"}],"predecessor-version":[{"id":2130,"href":"https:\/\/marcali.plebania.hu\/index.php?rest_route=\/wp\/v2\/posts\/2129\/revisions\/2130"}],"wp:attachment":[{"href":"https:\/\/marcali.plebania.hu\/index.php?rest_route=%2Fwp%2Fv2%2Fmedia&parent=2129"}],"wp:term":[{"taxonomy":"category","embeddable":true,"href":"https:\/\/marcali.plebania.hu\/index.php?rest_route=%2Fwp%2Fv2%2Fcategories&post=2129"},{"taxonomy":"post_tag","embeddable":true,"href":"https:\/\/marcali.plebania.hu\/index.php?rest_route=%2Fwp%2Fv2%2Ftags&post=2129"}],"curies":[{"name":"wp","href":"https:\/\/api.w.org\/{rel}","templated":true}]}}