{"id":2131,"date":"2020-09-11T07:45:28","date_gmt":"2020-09-11T07:45:28","guid":{"rendered":"https:\/\/marcali.plebania.hu\/?p=2131"},"modified":"2020-09-11T07:45:28","modified_gmt":"2020-09-11T07:45:28","slug":"hirdetesek-2020-09-13","status":"publish","type":"post","link":"https:\/\/marcali.plebania.hu\/?p=2131","title":{"rendered":"Hirdet\u00e9sek, 2020. 09. 13."},"content":{"rendered":"\n<ol class=\"wp-block-list\"><li>Ma\nvan az \u00e9vk\u00f6zi 24. vas\u00e1rnap, gy\u0171jt\u00e9s a szentf\u00f6ldi kereszt\u00e9nyek jav\u00e1ra.<\/li><li>Kedden\na F\u00e1jdalmas Sz\u0171z Anya eml\u00e9knapja, 18 \u00f3rakor szentmise.<\/li><li>P\u00e9nteken,\n17.30-kor szents\u00e9gim\u00e1d\u00e1s, 18 \u00f3rakor szentmise.<\/li><li>Az\nelm\u00falt h\u00e9ten, az els\u0151\u00e1ldoz\u00f3k sz\u00fcleivel tal\u00e1lkoztunk, ahol d\u00f6nt\u00e9s sz\u00fcletett az\nels\u0151\u00e1ldoz\u00e1sra val\u00f3 felk\u00e9sz\u00edt\u00e9sr\u0151l. A felk\u00e9sz\u00edt\u00e9s els\u0151 id\u0151pontja most szombaton\nl6 \u00f3rakor az X-h\u00e1zban felk\u00e9sz\u00edt\u0151 \u00f3ra, 18 \u00f3rakor a pl\u00e9b\u00e1niatemplomban komment\u00e1lt\nszentmise.<\/li><li>A\nk\u00e9zfert\u0151tlen\u00edt\u0151, amit a h\u00edvek is haszn\u00e1lhatnak, beszerz\u00e9se folyamatban van. A\nmaszk\u2013haszn\u00e1lat a szentmis\u00e9ken nem k\u00f6telez\u0151, de aj\u00e1nlott.<\/li><\/ol>\n","protected":false},"excerpt":{"rendered":"<p>Ma van az \u00e9vk\u00f6zi 24. vas\u00e1rnap, gy\u0171jt\u00e9s a szentf\u00f6ldi kereszt\u00e9nyek jav\u00e1ra. Kedden a F\u00e1jdalmas Sz\u0171z Anya eml\u00e9knapja, 18 \u00f3rakor szentmise. P\u00e9nteken, 17.30-kor szents\u00e9gim\u00e1d\u00e1s, 18 \u00f3rakor szentmise. Az elm\u00falt h\u00e9ten, az els\u0151\u00e1ldoz\u00f3k sz\u00fcleivel tal\u00e1lkoztunk, ahol d\u00f6nt\u00e9s sz\u00fcletett az els\u0151\u00e1ldoz\u00e1sra val\u00f3 felk\u00e9sz\u00edt\u00e9sr\u0151l. A felk\u00e9sz\u00edt\u00e9s els\u0151 id\u0151pontja most szombaton l6 \u00f3rakor az X-h\u00e1zban felk\u00e9sz\u00edt\u0151 \u00f3ra, 18 \u00f3rakor a pl\u00e9b\u00e1niatemplomban komment\u00e1lt szentmise. A k\u00e9zfert\u0151tlen\u00edt\u0151, amit a h\u00edvek is haszn\u00e1lhatnak, beszerz\u00e9se folyamatban van. A maszk\u2013haszn\u00e1lat a szentmis\u00e9ken nem k\u00f6telez\u0151, de aj\u00e1nlott.<\/p>\n","protected":false},"author":2,"featured_media":0,"comment_status":"closed","ping_status":"open","sticky":false,"template":"","format":"standard","meta":{"footnotes":""},"categories":[1],"tags":[],"class_list":["post-2131","post","type-post","status-publish","format-standard","hentry","category-egyeb"],"_links":{"self":[{"href":"https:\/\/marcali.plebania.hu\/index.php?rest_route=\/wp\/v2\/posts\/2131","targetHints":{"allow":["GET"]}}],"collection":[{"href":"https:\/\/marcali.plebania.hu\/index.php?rest_route=\/wp\/v2\/posts"}],"about":[{"href":"https:\/\/marcali.plebania.hu\/index.php?rest_route=\/wp\/v2\/types\/post"}],"author":[{"embeddable":true,"href":"https:\/\/marcali.plebania.hu\/index.php?rest_route=\/wp\/v2\/users\/2"}],"replies":[{"embeddable":true,"href":"https:\/\/marcali.plebania.hu\/index.php?rest_route=%2Fwp%2Fv2%2Fcomments&post=2131"}],"version-history":[{"count":1,"href":"https:\/\/marcali.plebania.hu\/index.php?rest_route=\/wp\/v2\/posts\/2131\/revisions"}],"predecessor-version":[{"id":2132,"href":"https:\/\/marcali.plebania.hu\/index.php?rest_route=\/wp\/v2\/posts\/2131\/revisions\/2132"}],"wp:attachment":[{"href":"https:\/\/marcali.plebania.hu\/index.php?rest_route=%2Fwp%2Fv2%2Fmedia&parent=2131"}],"wp:term":[{"taxonomy":"category","embeddable":true,"href":"https:\/\/marcali.plebania.hu\/index.php?rest_route=%2Fwp%2Fv2%2Fcategories&post=2131"},{"taxonomy":"post_tag","embeddable":true,"href":"https:\/\/marcali.plebania.hu\/index.php?rest_route=%2Fwp%2Fv2%2Ftags&post=2131"}],"curies":[{"name":"wp","href":"https:\/\/api.w.org\/{rel}","templated":true}]}}