{"id":2134,"date":"2020-09-14T13:07:21","date_gmt":"2020-09-14T13:07:21","guid":{"rendered":"https:\/\/marcali.plebania.hu\/?p=2134"},"modified":"2020-09-14T13:07:21","modified_gmt":"2020-09-14T13:07:21","slug":"tanevkezdo-szentmisek-a-koronavirus-jarvany-arnyekaban","status":"publish","type":"post","link":"https:\/\/marcali.plebania.hu\/?p=2134","title":{"rendered":"Tan\u00e9vkezd\u0151 szentmis\u00e9k a koronav\u00edrus-j\u00e1rv\u00e1ny \u00e1rny\u00e9k\u00e1ban"},"content":{"rendered":"\n<p>2020. szeptember 13-\u00e1n vas\u00e1rnap k\u00e9t tan\u00e9vkezd\u0151 szentmis\u00e9t (latinul: Veni Sancte-t) is tartottak Marcaliban: 9 \u00f3rakor a pl\u00e9b\u00e1niatemplomban, 18 \u00f3rakor pedig a Boldog Gizella templomban. Az istentiszteleteket Kiss Iv\u00e1n c. pr\u00e9post, esperes-pl\u00e9b\u00e1nos mutatta be a \u2013 koronav\u00edrus-j\u00e1rv\u00e1ny ellen\u00e9re \u2013 nagy sz\u00e1mban megjelent hittanos di\u00e1kok, sz\u00fcleik \u00e9s nagysz\u00fcleik, valamint a h\u00edvek el\u0151tt.<\/p>\n\n\n\n<figure class=\"wp-block-gallery columns-3 is-cropped wp-block-gallery-1 is-layout-flex wp-block-gallery-is-layout-flex\"><ul class=\"blocks-gallery-grid\"><li class=\"blocks-gallery-item\"><figure><img loading=\"lazy\" decoding=\"async\" width=\"1024\" height=\"683\" src=\"https:\/\/marcali.plebania.hu\/wp-content\/uploads\/2020\/09\/02-1024x683.jpg\" alt=\"\" data-id=\"2135\" data-link=\"https:\/\/marcali.plebania.hu\/?attachment_id=2135\" class=\"wp-image-2135\" srcset=\"https:\/\/marcali.plebania.hu\/wp-content\/uploads\/2020\/09\/02-1024x683.jpg 1024w, https:\/\/marcali.plebania.hu\/wp-content\/uploads\/2020\/09\/02-300x200.jpg 300w, https:\/\/marcali.plebania.hu\/wp-content\/uploads\/2020\/09\/02-768x512.jpg 768w, https:\/\/marcali.plebania.hu\/wp-content\/uploads\/2020\/09\/02-1536x1024.jpg 1536w, https:\/\/marcali.plebania.hu\/wp-content\/uploads\/2020\/09\/02-2048x1365.jpg 2048w, https:\/\/marcali.plebania.hu\/wp-content\/uploads\/2020\/09\/02-405x270.jpg 405w\" sizes=\"auto, (max-width: 1024px) 100vw, 1024px\" \/><\/figure><\/li><li class=\"blocks-gallery-item\"><figure><img loading=\"lazy\" decoding=\"async\" width=\"1024\" height=\"683\" src=\"https:\/\/marcali.plebania.hu\/wp-content\/uploads\/2020\/09\/11-1024x683.jpg\" alt=\"\" data-id=\"2136\" data-link=\"https:\/\/marcali.plebania.hu\/?attachment_id=2136\" class=\"wp-image-2136\" srcset=\"https:\/\/marcali.plebania.hu\/wp-content\/uploads\/2020\/09\/11-1024x683.jpg 1024w, https:\/\/marcali.plebania.hu\/wp-content\/uploads\/2020\/09\/11-300x200.jpg 300w, https:\/\/marcali.plebania.hu\/wp-content\/uploads\/2020\/09\/11-768x512.jpg 768w, https:\/\/marcali.plebania.hu\/wp-content\/uploads\/2020\/09\/11-1536x1024.jpg 1536w, https:\/\/marcali.plebania.hu\/wp-content\/uploads\/2020\/09\/11-2048x1365.jpg 2048w, https:\/\/marcali.plebania.hu\/wp-content\/uploads\/2020\/09\/11-405x270.jpg 405w\" sizes=\"auto, (max-width: 1024px) 100vw, 1024px\" \/><\/figure><\/li><li class=\"blocks-gallery-item\"><figure><img loading=\"lazy\" decoding=\"async\" width=\"1024\" height=\"683\" src=\"https:\/\/marcali.plebania.hu\/wp-content\/uploads\/2020\/09\/04-1024x683.jpg\" alt=\"\" data-id=\"2137\" data-link=\"https:\/\/marcali.plebania.hu\/?attachment_id=2137\" class=\"wp-image-2137\" srcset=\"https:\/\/marcali.plebania.hu\/wp-content\/uploads\/2020\/09\/04-1024x683.jpg 1024w, https:\/\/marcali.plebania.hu\/wp-content\/uploads\/2020\/09\/04-300x200.jpg 300w, https:\/\/marcali.plebania.hu\/wp-content\/uploads\/2020\/09\/04-768x512.jpg 768w, https:\/\/marcali.plebania.hu\/wp-content\/uploads\/2020\/09\/04-1536x1024.jpg 1536w, https:\/\/marcali.plebania.hu\/wp-content\/uploads\/2020\/09\/04-2048x1365.jpg 2048w, https:\/\/marcali.plebania.hu\/wp-content\/uploads\/2020\/09\/04-405x270.jpg 405w\" sizes=\"auto, (max-width: 1024px) 100vw, 1024px\" \/><\/figure><\/li><li class=\"blocks-gallery-item\"><figure><img loading=\"lazy\" decoding=\"async\" width=\"1024\" height=\"683\" src=\"https:\/\/marcali.plebania.hu\/wp-content\/uploads\/2020\/09\/03-1024x683.jpg\" alt=\"\" data-id=\"2138\" data-full-url=\"https:\/\/marcali.plebania.hu\/wp-content\/uploads\/2020\/09\/03-scaled.jpg\" data-link=\"https:\/\/marcali.plebania.hu\/?attachment_id=2138\" class=\"wp-image-2138\" srcset=\"https:\/\/marcali.plebania.hu\/wp-content\/uploads\/2020\/09\/03-1024x683.jpg 1024w, https:\/\/marcali.plebania.hu\/wp-content\/uploads\/2020\/09\/03-300x200.jpg 300w, https:\/\/marcali.plebania.hu\/wp-content\/uploads\/2020\/09\/03-768x512.jpg 768w, https:\/\/marcali.plebania.hu\/wp-content\/uploads\/2020\/09\/03-1536x1024.jpg 1536w, https:\/\/marcali.plebania.hu\/wp-content\/uploads\/2020\/09\/03-2048x1365.jpg 2048w, https:\/\/marcali.plebania.hu\/wp-content\/uploads\/2020\/09\/03-405x270.jpg 405w\" sizes=\"auto, (max-width: 1024px) 100vw, 1024px\" \/><\/figure><\/li><\/ul><\/figure>\n\n\n\n<p>A pl\u00e9b\u00e1niatemplomban egy\u00fctt im\u00e1dkoztak \u00e9s k\u00e9rt\u00e9k a Szentl\u00e9lek \u00e9s Sz\u0171z M\u00e1ria k\u00f6zbenj\u00e1r\u00e1s\u00e1t erre az \u00faj tan\u00e9vre, a hittanos di\u00e1kokra \u00e9s tan\u00e1raikra egyar\u00e1nt, hogy t\u00fcrelemmel viseltessenek egym\u00e1s ir\u00e1nt a k\u00fcl\u00f6nb\u00f6z\u0151 gener\u00e1ci\u00f3k. A szentmis\u00e9n egy im\u00e1val k\u00f6zrem\u0171k\u00f6d\u00f6tt T\u00f3th Eszter \u00c1gnes gimnazista. Majd Kozma Kriszti\u00e1n, Kazinczy-d\u00edjas versmond\u00f3 pedig a megbocs\u00e1t\u00e1sr\u00f3l olvasott fel egy sz\u00e9p t\u00f6rt\u00e9netet. Rajtuk k\u00edv\u00fcl Balogh B\u00e1lint k\u00e1ntor \u00e9s a F\u00e9ny Gyermekei Zenekar emelte a tan\u00e9vkezd\u0151 szentmise \u00fcnnep\u00e9lyes hangulat\u00e1t. Az istentisztelet v\u00e9g\u00e9n a gyermekek Iv\u00e1n aty\u00e1t\u00f3l \u00e9s a hitoktat\u00f3kt\u00f3l egy kis b\u00fazaszemekb\u0151l \u00e1ll\u00f3 tasakot kaptak, hogy azokat el\u00fcltess\u00e9k, valamint gondoskodjanak r\u00f3luk, \u00e9s a kis n\u00f6v\u00e9nyekhez hasonl\u00f3an \u0151k is n\u00f6vekedjenek a hit \u00e9s a tud\u00e1s elsaj\u00e1t\u00edt\u00e1s\u00e1ban.<\/p>\n\n\n\n<figure class=\"wp-block-gallery columns-3 is-cropped wp-block-gallery-2 is-layout-flex wp-block-gallery-is-layout-flex\"><ul class=\"blocks-gallery-grid\"><li class=\"blocks-gallery-item\"><figure><img loading=\"lazy\" decoding=\"async\" width=\"1024\" height=\"683\" src=\"https:\/\/marcali.plebania.hu\/wp-content\/uploads\/2020\/09\/12-1024x683.jpg\" alt=\"\" data-id=\"2139\" data-link=\"https:\/\/marcali.plebania.hu\/?attachment_id=2139\" class=\"wp-image-2139\" srcset=\"https:\/\/marcali.plebania.hu\/wp-content\/uploads\/2020\/09\/12-1024x683.jpg 1024w, https:\/\/marcali.plebania.hu\/wp-content\/uploads\/2020\/09\/12-300x200.jpg 300w, https:\/\/marcali.plebania.hu\/wp-content\/uploads\/2020\/09\/12-768x512.jpg 768w, https:\/\/marcali.plebania.hu\/wp-content\/uploads\/2020\/09\/12-1536x1024.jpg 1536w, https:\/\/marcali.plebania.hu\/wp-content\/uploads\/2020\/09\/12-2048x1365.jpg 2048w, https:\/\/marcali.plebania.hu\/wp-content\/uploads\/2020\/09\/12-405x270.jpg 405w\" sizes=\"auto, (max-width: 1024px) 100vw, 1024px\" \/><\/figure><\/li><li class=\"blocks-gallery-item\"><figure><img loading=\"lazy\" decoding=\"async\" width=\"1024\" height=\"683\" src=\"https:\/\/marcali.plebania.hu\/wp-content\/uploads\/2020\/09\/13-1024x683.jpg\" alt=\"\" data-id=\"2140\" data-link=\"https:\/\/marcali.plebania.hu\/?attachment_id=2140\" class=\"wp-image-2140\" srcset=\"https:\/\/marcali.plebania.hu\/wp-content\/uploads\/2020\/09\/13-1024x683.jpg 1024w, https:\/\/marcali.plebania.hu\/wp-content\/uploads\/2020\/09\/13-300x200.jpg 300w, https:\/\/marcali.plebania.hu\/wp-content\/uploads\/2020\/09\/13-768x512.jpg 768w, https:\/\/marcali.plebania.hu\/wp-content\/uploads\/2020\/09\/13-1536x1024.jpg 1536w, https:\/\/marcali.plebania.hu\/wp-content\/uploads\/2020\/09\/13-2048x1365.jpg 2048w, https:\/\/marcali.plebania.hu\/wp-content\/uploads\/2020\/09\/13-405x270.jpg 405w\" sizes=\"auto, (max-width: 1024px) 100vw, 1024px\" \/><\/figure><\/li><li class=\"blocks-gallery-item\"><figure><img loading=\"lazy\" decoding=\"async\" width=\"1024\" height=\"683\" src=\"https:\/\/marcali.plebania.hu\/wp-content\/uploads\/2020\/09\/15-1024x683.jpg\" alt=\"\" data-id=\"2141\" data-full-url=\"https:\/\/marcali.plebania.hu\/wp-content\/uploads\/2020\/09\/15-scaled.jpg\" data-link=\"https:\/\/marcali.plebania.hu\/?attachment_id=2141\" class=\"wp-image-2141\" srcset=\"https:\/\/marcali.plebania.hu\/wp-content\/uploads\/2020\/09\/15-1024x683.jpg 1024w, https:\/\/marcali.plebania.hu\/wp-content\/uploads\/2020\/09\/15-300x200.jpg 300w, https:\/\/marcali.plebania.hu\/wp-content\/uploads\/2020\/09\/15-768x512.jpg 768w, https:\/\/marcali.plebania.hu\/wp-content\/uploads\/2020\/09\/15-1536x1024.jpg 1536w, https:\/\/marcali.plebania.hu\/wp-content\/uploads\/2020\/09\/15-2048x1365.jpg 2048w, https:\/\/marcali.plebania.hu\/wp-content\/uploads\/2020\/09\/15-405x270.jpg 405w\" sizes=\"auto, (max-width: 1024px) 100vw, 1024px\" \/><\/figure><\/li><li class=\"blocks-gallery-item\"><figure><img loading=\"lazy\" decoding=\"async\" width=\"1024\" height=\"683\" src=\"https:\/\/marcali.plebania.hu\/wp-content\/uploads\/2020\/09\/16-1024x683.jpg\" alt=\"\" data-id=\"2142\" data-full-url=\"https:\/\/marcali.plebania.hu\/wp-content\/uploads\/2020\/09\/16-scaled.jpg\" data-link=\"https:\/\/marcali.plebania.hu\/?attachment_id=2142\" class=\"wp-image-2142\" srcset=\"https:\/\/marcali.plebania.hu\/wp-content\/uploads\/2020\/09\/16-1024x683.jpg 1024w, https:\/\/marcali.plebania.hu\/wp-content\/uploads\/2020\/09\/16-300x200.jpg 300w, https:\/\/marcali.plebania.hu\/wp-content\/uploads\/2020\/09\/16-768x512.jpg 768w, https:\/\/marcali.plebania.hu\/wp-content\/uploads\/2020\/09\/16-1536x1024.jpg 1536w, https:\/\/marcali.plebania.hu\/wp-content\/uploads\/2020\/09\/16-2048x1365.jpg 2048w, https:\/\/marcali.plebania.hu\/wp-content\/uploads\/2020\/09\/16-405x270.jpg 405w\" sizes=\"auto, (max-width: 1024px) 100vw, 1024px\" \/><\/figure><\/li><\/ul><\/figure>\n\n\n\n<p>Marcali iskol\u00e1iban az idei tan\u00e9vben is szeptember 1-\u00e9n kezd\u0151d\u00f6tt meg a hit- \u00e9s erk\u00f6lcstan oktat\u00e1s. A r\u00e9gi-\u00faj hitoktat\u00f3k: Bojtorn\u00e9 Kir\u00e1ly M\u00e1rta, dr. Gyulain\u00e9 Domj\u00e1n Zsuzsanna, Fazekas Mikl\u00f3s J\u00f3zsef \u00e9s Tombor Erzs\u00e9bet, akik a szentmise v\u00e9g\u00e9n vett\u00e9k \u00e1t a Varga L\u00e1szl\u00f3 kaposv\u00e1ri p\u00fcsp\u00f6kt\u0151l kapott megb\u00edz\u00f3level\u00fcket.<\/p>\n\n\n\n<figure class=\"wp-block-gallery columns-3 is-cropped wp-block-gallery-3 is-layout-flex wp-block-gallery-is-layout-flex\"><ul class=\"blocks-gallery-grid\"><li class=\"blocks-gallery-item\"><figure><img loading=\"lazy\" decoding=\"async\" width=\"1024\" height=\"683\" src=\"https:\/\/marcali.plebania.hu\/wp-content\/uploads\/2020\/09\/23-1024x683.jpg\" alt=\"\" data-id=\"2143\" data-link=\"https:\/\/marcali.plebania.hu\/?attachment_id=2143\" class=\"wp-image-2143\" srcset=\"https:\/\/marcali.plebania.hu\/wp-content\/uploads\/2020\/09\/23-1024x683.jpg 1024w, https:\/\/marcali.plebania.hu\/wp-content\/uploads\/2020\/09\/23-300x200.jpg 300w, https:\/\/marcali.plebania.hu\/wp-content\/uploads\/2020\/09\/23-768x512.jpg 768w, https:\/\/marcali.plebania.hu\/wp-content\/uploads\/2020\/09\/23-1536x1024.jpg 1536w, https:\/\/marcali.plebania.hu\/wp-content\/uploads\/2020\/09\/23-2048x1365.jpg 2048w, https:\/\/marcali.plebania.hu\/wp-content\/uploads\/2020\/09\/23-405x270.jpg 405w\" sizes=\"auto, (max-width: 1024px) 100vw, 1024px\" \/><\/figure><\/li><li class=\"blocks-gallery-item\"><figure><img loading=\"lazy\" decoding=\"async\" width=\"1024\" height=\"683\" src=\"https:\/\/marcali.plebania.hu\/wp-content\/uploads\/2020\/09\/26-1024x683.jpg\" alt=\"\" data-id=\"2144\" data-link=\"https:\/\/marcali.plebania.hu\/?attachment_id=2144\" class=\"wp-image-2144\" srcset=\"https:\/\/marcali.plebania.hu\/wp-content\/uploads\/2020\/09\/26-1024x683.jpg 1024w, https:\/\/marcali.plebania.hu\/wp-content\/uploads\/2020\/09\/26-300x200.jpg 300w, https:\/\/marcali.plebania.hu\/wp-content\/uploads\/2020\/09\/26-768x512.jpg 768w, https:\/\/marcali.plebania.hu\/wp-content\/uploads\/2020\/09\/26-1536x1024.jpg 1536w, https:\/\/marcali.plebania.hu\/wp-content\/uploads\/2020\/09\/26-2048x1365.jpg 2048w, https:\/\/marcali.plebania.hu\/wp-content\/uploads\/2020\/09\/26-405x270.jpg 405w\" sizes=\"auto, (max-width: 1024px) 100vw, 1024px\" \/><\/figure><\/li><li class=\"blocks-gallery-item\"><figure><img loading=\"lazy\" decoding=\"async\" width=\"1024\" height=\"683\" src=\"https:\/\/marcali.plebania.hu\/wp-content\/uploads\/2020\/09\/31-1024x683.jpg\" alt=\"\" data-id=\"2145\" data-link=\"https:\/\/marcali.plebania.hu\/?attachment_id=2145\" class=\"wp-image-2145\" srcset=\"https:\/\/marcali.plebania.hu\/wp-content\/uploads\/2020\/09\/31-1024x683.jpg 1024w, https:\/\/marcali.plebania.hu\/wp-content\/uploads\/2020\/09\/31-300x200.jpg 300w, https:\/\/marcali.plebania.hu\/wp-content\/uploads\/2020\/09\/31-768x512.jpg 768w, https:\/\/marcali.plebania.hu\/wp-content\/uploads\/2020\/09\/31-1536x1024.jpg 1536w, https:\/\/marcali.plebania.hu\/wp-content\/uploads\/2020\/09\/31-2048x1365.jpg 2048w, https:\/\/marcali.plebania.hu\/wp-content\/uploads\/2020\/09\/31-405x270.jpg 405w\" sizes=\"auto, (max-width: 1024px) 100vw, 1024px\" \/><\/figure><\/li><li class=\"blocks-gallery-item\"><figure><img loading=\"lazy\" decoding=\"async\" width=\"1024\" height=\"683\" src=\"https:\/\/marcali.plebania.hu\/wp-content\/uploads\/2020\/09\/39-1024x683.jpg\" alt=\"\" data-id=\"2146\" data-full-url=\"https:\/\/marcali.plebania.hu\/wp-content\/uploads\/2020\/09\/39-scaled.jpg\" data-link=\"https:\/\/marcali.plebania.hu\/?attachment_id=2146\" class=\"wp-image-2146\" srcset=\"https:\/\/marcali.plebania.hu\/wp-content\/uploads\/2020\/09\/39-1024x683.jpg 1024w, https:\/\/marcali.plebania.hu\/wp-content\/uploads\/2020\/09\/39-300x200.jpg 300w, https:\/\/marcali.plebania.hu\/wp-content\/uploads\/2020\/09\/39-768x512.jpg 768w, https:\/\/marcali.plebania.hu\/wp-content\/uploads\/2020\/09\/39-1536x1024.jpg 1536w, https:\/\/marcali.plebania.hu\/wp-content\/uploads\/2020\/09\/39-2048x1365.jpg 2048w, https:\/\/marcali.plebania.hu\/wp-content\/uploads\/2020\/09\/39-405x270.jpg 405w\" sizes=\"auto, (max-width: 1024px) 100vw, 1024px\" \/><\/figure><\/li><\/ul><\/figure>\n","protected":false},"excerpt":{"rendered":"<p>2020. szeptember 13-\u00e1n vas\u00e1rnap k\u00e9t tan\u00e9vkezd\u0151 szentmis\u00e9t (latinul: Veni Sancte-t) is tartottak Marcaliban: 9 \u00f3rakor a pl\u00e9b\u00e1niatemplomban, 18 \u00f3rakor pedig a Boldog Gizella templomban. Az istentiszteleteket Kiss Iv\u00e1n c. pr\u00e9post, esperes-pl\u00e9b\u00e1nos mutatta be a \u2013 koronav\u00edrus-j\u00e1rv\u00e1ny ellen\u00e9re \u2013 nagy sz\u00e1mban megjelent hittanos di\u00e1kok, sz\u00fcleik \u00e9s nagysz\u00fcleik, valamint a h\u00edvek el\u0151tt. A pl\u00e9b\u00e1niatemplomban egy\u00fctt im\u00e1dkoztak \u00e9s k\u00e9rt\u00e9k a Szentl\u00e9lek \u00e9s Sz\u0171z M\u00e1ria k\u00f6zbenj\u00e1r\u00e1s\u00e1t erre az \u00faj tan\u00e9vre, a hittanos di\u00e1kokra \u00e9s tan\u00e1raikra egyar\u00e1nt, hogy t\u00fcrelemmel viseltessenek egym\u00e1s ir\u00e1nt a k\u00fcl\u00f6nb\u00f6z\u0151 gener\u00e1ci\u00f3k&#8230;.<\/p>\n<p class=\"read-more\"><a class=\"btn btn-default\" href=\"https:\/\/marcali.plebania.hu\/?p=2134\"> Read More<span class=\"screen-reader-text\">  Read More<\/span><\/a><\/p>\n","protected":false},"author":2,"featured_media":0,"comment_status":"closed","ping_status":"open","sticky":false,"template":"","format":"standard","meta":{"footnotes":""},"categories":[1],"tags":[],"class_list":["post-2134","post","type-post","status-publish","format-standard","hentry","category-egyeb"],"_links":{"self":[{"href":"https:\/\/marcali.plebania.hu\/index.php?rest_route=\/wp\/v2\/posts\/2134","targetHints":{"allow":["GET"]}}],"collection":[{"href":"https:\/\/marcali.plebania.hu\/index.php?rest_route=\/wp\/v2\/posts"}],"about":[{"href":"https:\/\/marcali.plebania.hu\/index.php?rest_route=\/wp\/v2\/types\/post"}],"author":[{"embeddable":true,"href":"https:\/\/marcali.plebania.hu\/index.php?rest_route=\/wp\/v2\/users\/2"}],"replies":[{"embeddable":true,"href":"https:\/\/marcali.plebania.hu\/index.php?rest_route=%2Fwp%2Fv2%2Fcomments&post=2134"}],"version-history":[{"count":1,"href":"https:\/\/marcali.plebania.hu\/index.php?rest_route=\/wp\/v2\/posts\/2134\/revisions"}],"predecessor-version":[{"id":2147,"href":"https:\/\/marcali.plebania.hu\/index.php?rest_route=\/wp\/v2\/posts\/2134\/revisions\/2147"}],"wp:attachment":[{"href":"https:\/\/marcali.plebania.hu\/index.php?rest_route=%2Fwp%2Fv2%2Fmedia&parent=2134"}],"wp:term":[{"taxonomy":"category","embeddable":true,"href":"https:\/\/marcali.plebania.hu\/index.php?rest_route=%2Fwp%2Fv2%2Fcategories&post=2134"},{"taxonomy":"post_tag","embeddable":true,"href":"https:\/\/marcali.plebania.hu\/index.php?rest_route=%2Fwp%2Fv2%2Ftags&post=2134"}],"curies":[{"name":"wp","href":"https:\/\/api.w.org\/{rel}","templated":true}]}}