{"id":214,"date":"2018-04-27T07:03:16","date_gmt":"2018-04-27T07:03:16","guid":{"rendered":"https:\/\/marcali.plebania.hu\/?p=214"},"modified":"2018-04-27T07:03:16","modified_gmt":"2018-04-27T07:03:16","slug":"hirdetesek-2018-04-29","status":"publish","type":"post","link":"https:\/\/marcali.plebania.hu\/?p=214","title":{"rendered":"Hirdet\u00e9sek, 2018. 04. 29."},"content":{"rendered":"<ol>\n<li>Ma van H\u00fasv\u00e9t 5. vas\u00e1rnapja.<\/li>\n<li>A h\u00e9ten, kedden, m\u00e1jus 1-\u00e9n megkezd\u0151dnek a m\u00e1jusi lit\u00e1ni\u00e1k. Minden h\u00e9tk\u00f6znap 18.45-kor a pl\u00e9b\u00e1niatemplomban, 19 \u00f3rakor szentmise.<\/li>\n<li>Szerd\u00e1n 18 \u00f3rakor az X-h\u00e1z nagyterm\u00e9ben a M\u00e1ria Bisztricai zar\u00e1ndoklat megbesz\u00e9l\u00e9se lesz. Ott lesz lehet\u0151s\u00e9g csoportos biztos\u00edt\u00e1s megk\u00f6t\u00e9s\u00e9re.<\/li>\n<li>A h\u00e9ten els\u0151 p\u00e9ntek, d\u00e9lel\u0151tt a h\u00e1zi betegek gy\u00f3ntat\u00e1sa, d\u00e9lut\u00e1n 18 \u00f3r\u00e1t\u00f3l gy\u00f3n\u00e1si lehet\u0151s\u00e9g, 18.30-kor szents\u00e9gim\u00e1d\u00e1s, 19 \u00f3rakor szentmise.<\/li>\n<li>J\u00f6v\u0151 vas\u00e1rnapany\u00e1k napi megeml\u00e9kez\u00e9st tarunk a szentmis\u00e9ken.<\/li>\n<li>Az Egyh\u00e1zk\u00f6zs\u00e9g K\u00e9pvisel\u0151 Test\u00fclete \u00fagy d\u00f6nt\u00f6tt, hogy megrendeli a pl\u00e9b\u00e1niatemplom padl\u00f3zat\u00e1nak cser\u00e9j\u00e9hez sz\u00fcks\u00e9ges gr\u00e1nitot att\u00f3l a v\u00e1llalkoz\u00f3t\u00f3l, akivel eddig t\u00e1rgyaltunk. Mivel a teljes \u00f6sszeg nem \u00e1ll a rendelkez\u00e9s\u00fcnkre, k\u00e9r\u00e9s\u00fcnk az, hogy aki a h\u00edveink k\u00f6z\u00fcl hozz\u00e1 tud j\u00e1rulni b\u00e1rmekkora \u00f6sszeggel, sz\u00edvesen fogadjuk adom\u00e1ny\u00e1t.<\/li>\n<\/ol>\n","protected":false},"excerpt":{"rendered":"<p>Ma van H\u00fasv\u00e9t 5. vas\u00e1rnapja. A h\u00e9ten, kedden, m\u00e1jus 1-\u00e9n megkezd\u0151dnek a m\u00e1jusi lit\u00e1ni\u00e1k. Minden h\u00e9tk\u00f6znap 18.45-kor a pl\u00e9b\u00e1niatemplomban, 19 \u00f3rakor szentmise. Szerd\u00e1n 18 \u00f3rakor az X-h\u00e1z nagyterm\u00e9ben a M\u00e1ria Bisztricai zar\u00e1ndoklat megbesz\u00e9l\u00e9se lesz. Ott lesz lehet\u0151s\u00e9g csoportos biztos\u00edt\u00e1s megk\u00f6t\u00e9s\u00e9re. A h\u00e9ten els\u0151 p\u00e9ntek, d\u00e9lel\u0151tt a h\u00e1zi betegek gy\u00f3ntat\u00e1sa, d\u00e9lut\u00e1n 18 \u00f3r\u00e1t\u00f3l gy\u00f3n\u00e1si lehet\u0151s\u00e9g, 18.30-kor szents\u00e9gim\u00e1d\u00e1s, 19 \u00f3rakor szentmise. J\u00f6v\u0151 vas\u00e1rnapany\u00e1k napi megeml\u00e9kez\u00e9st tarunk a szentmis\u00e9ken. Az Egyh\u00e1zk\u00f6zs\u00e9g K\u00e9pvisel\u0151 Test\u00fclete \u00fagy d\u00f6nt\u00f6tt, hogy megrendeli a pl\u00e9b\u00e1niatemplom padl\u00f3zat\u00e1nak cser\u00e9j\u00e9hez sz\u00fcks\u00e9ges gr\u00e1nitot&#8230;<\/p>\n<p class=\"read-more\"><a class=\"btn btn-default\" href=\"https:\/\/marcali.plebania.hu\/?p=214\"> Read More<span class=\"screen-reader-text\">  Read More<\/span><\/a><\/p>\n","protected":false},"author":2,"featured_media":0,"comment_status":"closed","ping_status":"open","sticky":false,"template":"","format":"standard","meta":{"footnotes":""},"categories":[3],"tags":[],"class_list":["post-214","post","type-post","status-publish","format-standard","hentry","category-hirdetesek"],"_links":{"self":[{"href":"https:\/\/marcali.plebania.hu\/index.php?rest_route=\/wp\/v2\/posts\/214","targetHints":{"allow":["GET"]}}],"collection":[{"href":"https:\/\/marcali.plebania.hu\/index.php?rest_route=\/wp\/v2\/posts"}],"about":[{"href":"https:\/\/marcali.plebania.hu\/index.php?rest_route=\/wp\/v2\/types\/post"}],"author":[{"embeddable":true,"href":"https:\/\/marcali.plebania.hu\/index.php?rest_route=\/wp\/v2\/users\/2"}],"replies":[{"embeddable":true,"href":"https:\/\/marcali.plebania.hu\/index.php?rest_route=%2Fwp%2Fv2%2Fcomments&post=214"}],"version-history":[{"count":1,"href":"https:\/\/marcali.plebania.hu\/index.php?rest_route=\/wp\/v2\/posts\/214\/revisions"}],"predecessor-version":[{"id":215,"href":"https:\/\/marcali.plebania.hu\/index.php?rest_route=\/wp\/v2\/posts\/214\/revisions\/215"}],"wp:attachment":[{"href":"https:\/\/marcali.plebania.hu\/index.php?rest_route=%2Fwp%2Fv2%2Fmedia&parent=214"}],"wp:term":[{"taxonomy":"category","embeddable":true,"href":"https:\/\/marcali.plebania.hu\/index.php?rest_route=%2Fwp%2Fv2%2Fcategories&post=214"},{"taxonomy":"post_tag","embeddable":true,"href":"https:\/\/marcali.plebania.hu\/index.php?rest_route=%2Fwp%2Fv2%2Ftags&post=214"}],"curies":[{"name":"wp","href":"https:\/\/api.w.org\/{rel}","templated":true}]}}