{"id":2148,"date":"2020-09-18T08:31:26","date_gmt":"2020-09-18T08:31:26","guid":{"rendered":"https:\/\/marcali.plebania.hu\/?p=2148"},"modified":"2020-09-18T08:31:26","modified_gmt":"2020-09-18T08:31:26","slug":"hirdetesek-2020-09-20","status":"publish","type":"post","link":"https:\/\/marcali.plebania.hu\/?p=2148","title":{"rendered":"Hirdet\u00e9sek, 2020. 09. 20."},"content":{"rendered":"\n<ol class=\"wp-block-list\"><li>Ma\nvan az \u00e9vk\u00f6zi 25. vas\u00e1rnap.<\/li><li>A\nMagyar Katolikus P\u00fcsp\u00f6ki Konferencia rendelkez\u00e9se szerint a kialakult\nj\u00e1rv\u00e1nyhelyzet miatt a maszk haszn\u00e1lat templomainkban nem lehet\u0151s\u00e9g, hanem\nk\u00f6telez\u0151! Ennek \u00e9rtelm\u00e9ben nemcsak a szentmis\u00e9ken (ez vonatkozik a temet\u00e9si\nszentmis\u00e9kre is), hanem keresztel\u00e9seken, esk\u00fcv\u0151i szertart\u00e1sokon is k\u00f6telez\u0151\nmaszkot haszn\u00e1lni. A templomokban a bej\u00e1ratn\u00e1l k\u00e9zfert\u0151tlen\u00edt\u0151 is \u00e1ll a h\u00edvek\nrendelkez\u00e9s\u00e9re. Egyh\u00e1zi temet\u00e9si szertart\u00e1sokon, mivel a szertart\u00e1s nyitott\nt\u00e9rben t\u00f6rt\u00e9nik, maszk-haszn\u00e1lat nem k\u00f6telez\u0151, de a 1,5 m t\u00e1vols\u00e1gtart\u00e1s igen.<\/li><li>A\nj\u00f6v\u0151 h\u00e9ten, p\u00e9nteken 17.30-kor szents\u00e9gim\u00e1d\u00e1s, 18 \u00f3rakor szentmise.<\/li><li>J\u00f6v\u0151\nvas\u00e1rnap a Szent\u00edr\u00e1s vas\u00e1rnapja, 11 \u00f3rakor egyben term\u00e9nybetakar\u00edt\u00f3 h\u00e1laad\u00f3\nszentmise is lesz az Orb\u00e1n k\u00e1poln\u00e1n\u00e1l, ha a j\u00e1rv\u00e1ny-helyzet \u00fagy engedi.<\/li><li>Az\nels\u0151\u00e1ldoz\u00e1s okt\u00f3ber 18-\u00e1n vas\u00e1rnap 10 \u00f3rakor lesz a pl\u00e9b\u00e1niatemplomban.<\/li><li>A\nb\u00e9rm\u00e1l\u00e1st november 22-\u00e9n Krisztus Kir\u00e1ly vas\u00e1rnapj\u00e1n 11 \u00f3r\u00e1ra tervezz\u00fck.<\/li><\/ol>\n","protected":false},"excerpt":{"rendered":"<p>Ma van az \u00e9vk\u00f6zi 25. vas\u00e1rnap. A Magyar Katolikus P\u00fcsp\u00f6ki Konferencia rendelkez\u00e9se szerint a kialakult j\u00e1rv\u00e1nyhelyzet miatt a maszk haszn\u00e1lat templomainkban nem lehet\u0151s\u00e9g, hanem k\u00f6telez\u0151! Ennek \u00e9rtelm\u00e9ben nemcsak a szentmis\u00e9ken (ez vonatkozik a temet\u00e9si szentmis\u00e9kre is), hanem keresztel\u00e9seken, esk\u00fcv\u0151i szertart\u00e1sokon is k\u00f6telez\u0151 maszkot haszn\u00e1lni. A templomokban a bej\u00e1ratn\u00e1l k\u00e9zfert\u0151tlen\u00edt\u0151 is \u00e1ll a h\u00edvek rendelkez\u00e9s\u00e9re. Egyh\u00e1zi temet\u00e9si szertart\u00e1sokon, mivel a szertart\u00e1s nyitott t\u00e9rben t\u00f6rt\u00e9nik, maszk-haszn\u00e1lat nem k\u00f6telez\u0151, de a 1,5 m t\u00e1vols\u00e1gtart\u00e1s igen. A j\u00f6v\u0151 h\u00e9ten, p\u00e9nteken 17.30-kor szents\u00e9gim\u00e1d\u00e1s, 18 \u00f3rakor&#8230;<\/p>\n<p class=\"read-more\"><a class=\"btn btn-default\" href=\"https:\/\/marcali.plebania.hu\/?p=2148\"> Read More<span class=\"screen-reader-text\">  Read More<\/span><\/a><\/p>\n","protected":false},"author":2,"featured_media":0,"comment_status":"closed","ping_status":"open","sticky":false,"template":"","format":"standard","meta":{"footnotes":""},"categories":[1],"tags":[],"class_list":["post-2148","post","type-post","status-publish","format-standard","hentry","category-egyeb"],"_links":{"self":[{"href":"https:\/\/marcali.plebania.hu\/index.php?rest_route=\/wp\/v2\/posts\/2148","targetHints":{"allow":["GET"]}}],"collection":[{"href":"https:\/\/marcali.plebania.hu\/index.php?rest_route=\/wp\/v2\/posts"}],"about":[{"href":"https:\/\/marcali.plebania.hu\/index.php?rest_route=\/wp\/v2\/types\/post"}],"author":[{"embeddable":true,"href":"https:\/\/marcali.plebania.hu\/index.php?rest_route=\/wp\/v2\/users\/2"}],"replies":[{"embeddable":true,"href":"https:\/\/marcali.plebania.hu\/index.php?rest_route=%2Fwp%2Fv2%2Fcomments&post=2148"}],"version-history":[{"count":1,"href":"https:\/\/marcali.plebania.hu\/index.php?rest_route=\/wp\/v2\/posts\/2148\/revisions"}],"predecessor-version":[{"id":2149,"href":"https:\/\/marcali.plebania.hu\/index.php?rest_route=\/wp\/v2\/posts\/2148\/revisions\/2149"}],"wp:attachment":[{"href":"https:\/\/marcali.plebania.hu\/index.php?rest_route=%2Fwp%2Fv2%2Fmedia&parent=2148"}],"wp:term":[{"taxonomy":"category","embeddable":true,"href":"https:\/\/marcali.plebania.hu\/index.php?rest_route=%2Fwp%2Fv2%2Fcategories&post=2148"},{"taxonomy":"post_tag","embeddable":true,"href":"https:\/\/marcali.plebania.hu\/index.php?rest_route=%2Fwp%2Fv2%2Ftags&post=2148"}],"curies":[{"name":"wp","href":"https:\/\/api.w.org\/{rel}","templated":true}]}}