{"id":2157,"date":"2020-09-25T07:25:34","date_gmt":"2020-09-25T07:25:34","guid":{"rendered":"https:\/\/marcali.plebania.hu\/?p=2157"},"modified":"2020-09-25T07:25:34","modified_gmt":"2020-09-25T07:25:34","slug":"hirdetesek-2020-09-27","status":"publish","type":"post","link":"https:\/\/marcali.plebania.hu\/?p=2157","title":{"rendered":"Hirdet\u00e9sek, 2020. 09. 27."},"content":{"rendered":"\n<ol class=\"wp-block-list\"><li>Ma\nvan az \u00e9vk\u00f6zi 26. vas\u00e1rnap.<\/li><li>Okt\u00f3ber\na R\u00f3zsaf\u00fcz\u00e9r h\u00f3napja, okt\u00f3ber 1-\u00e9n cs\u00fct\u00f6rt\u00f6k\u00f6n 17.30-kor mi is megkezdj\u00fck az\nokt\u00f3beri r\u00f3zsaf\u00fcz\u00e9rt a pl\u00e9b\u00e1niatemplomban. A cs\u00fct\u00f6rt\u00f6ki napokon a\nk\u00f3rh\u00e1zl\u00e1togat\u00f3 csoport vezeti a R\u00f3zsaf\u00fcz\u00e9rt.<\/li><li>A\nj\u00f6v\u0151 h\u00e9ten els\u0151 p\u00e9ntek, 17 \u00f3r\u00e1t\u00f3l gy\u00f3ntat\u00e1s az oldalk\u00e1poln\u00e1ban, 17.30-kor\nr\u00f3zsaf\u00fcz\u00e9r, melyet a R\u00f3zsaf\u00fcz\u00e9r T\u00e1rsulatok vezetnek, 18 \u00f3rakor szentmise.<\/li><li>Szombaton\nels\u0151 szombat, 17 \u00f3rakor els\u0151 szombati \u00e1jtatoss\u00e1g, 17.30-kor r\u00f3zsaf\u00fcz\u00e9r.<\/li><li>Tov\u00e1bbra\nis tartsuk be a j\u00e1rv\u00e1ny\u00fcgyi el\u0151\u00edr\u00e1sokat: a templomi szentmis\u00e9ken \u00e9s\nszertart\u00e1sokon csak sz\u00e1jmaszkban lehet\u00fcnk, bej\u00f6vetelkor haszn\u00e1ljuk a bej\u00e1ratn\u00e1l\nbalra tal\u00e1lhat\u00f3 k\u00e9zfert\u0151tlen\u00edt\u0151 k\u00e9sz\u00fcl\u00e9ket.<\/li><li>A\nj\u00f6v\u0151 vas\u00e1rnap a perselyez\u00e9s a p\u00e9terfill\u00e9r gy\u0171jt\u00e9st szolg\u00e1lja.<\/li><\/ol>\n","protected":false},"excerpt":{"rendered":"<p>Ma van az \u00e9vk\u00f6zi 26. vas\u00e1rnap. Okt\u00f3ber a R\u00f3zsaf\u00fcz\u00e9r h\u00f3napja, okt\u00f3ber 1-\u00e9n cs\u00fct\u00f6rt\u00f6k\u00f6n 17.30-kor mi is megkezdj\u00fck az okt\u00f3beri r\u00f3zsaf\u00fcz\u00e9rt a pl\u00e9b\u00e1niatemplomban. A cs\u00fct\u00f6rt\u00f6ki napokon a k\u00f3rh\u00e1zl\u00e1togat\u00f3 csoport vezeti a R\u00f3zsaf\u00fcz\u00e9rt. A j\u00f6v\u0151 h\u00e9ten els\u0151 p\u00e9ntek, 17 \u00f3r\u00e1t\u00f3l gy\u00f3ntat\u00e1s az oldalk\u00e1poln\u00e1ban, 17.30-kor r\u00f3zsaf\u00fcz\u00e9r, melyet a R\u00f3zsaf\u00fcz\u00e9r T\u00e1rsulatok vezetnek, 18 \u00f3rakor szentmise. Szombaton els\u0151 szombat, 17 \u00f3rakor els\u0151 szombati \u00e1jtatoss\u00e1g, 17.30-kor r\u00f3zsaf\u00fcz\u00e9r. Tov\u00e1bbra is tartsuk be a j\u00e1rv\u00e1ny\u00fcgyi el\u0151\u00edr\u00e1sokat: a templomi szentmis\u00e9ken \u00e9s szertart\u00e1sokon csak sz\u00e1jmaszkban lehet\u00fcnk, bej\u00f6vetelkor haszn\u00e1ljuk a bej\u00e1ratn\u00e1l&#8230;<\/p>\n<p class=\"read-more\"><a class=\"btn btn-default\" href=\"https:\/\/marcali.plebania.hu\/?p=2157\"> Read More<span class=\"screen-reader-text\">  Read More<\/span><\/a><\/p>\n","protected":false},"author":2,"featured_media":0,"comment_status":"closed","ping_status":"open","sticky":false,"template":"","format":"standard","meta":{"footnotes":""},"categories":[1],"tags":[],"class_list":["post-2157","post","type-post","status-publish","format-standard","hentry","category-egyeb"],"_links":{"self":[{"href":"https:\/\/marcali.plebania.hu\/index.php?rest_route=\/wp\/v2\/posts\/2157","targetHints":{"allow":["GET"]}}],"collection":[{"href":"https:\/\/marcali.plebania.hu\/index.php?rest_route=\/wp\/v2\/posts"}],"about":[{"href":"https:\/\/marcali.plebania.hu\/index.php?rest_route=\/wp\/v2\/types\/post"}],"author":[{"embeddable":true,"href":"https:\/\/marcali.plebania.hu\/index.php?rest_route=\/wp\/v2\/users\/2"}],"replies":[{"embeddable":true,"href":"https:\/\/marcali.plebania.hu\/index.php?rest_route=%2Fwp%2Fv2%2Fcomments&post=2157"}],"version-history":[{"count":1,"href":"https:\/\/marcali.plebania.hu\/index.php?rest_route=\/wp\/v2\/posts\/2157\/revisions"}],"predecessor-version":[{"id":2158,"href":"https:\/\/marcali.plebania.hu\/index.php?rest_route=\/wp\/v2\/posts\/2157\/revisions\/2158"}],"wp:attachment":[{"href":"https:\/\/marcali.plebania.hu\/index.php?rest_route=%2Fwp%2Fv2%2Fmedia&parent=2157"}],"wp:term":[{"taxonomy":"category","embeddable":true,"href":"https:\/\/marcali.plebania.hu\/index.php?rest_route=%2Fwp%2Fv2%2Fcategories&post=2157"},{"taxonomy":"post_tag","embeddable":true,"href":"https:\/\/marcali.plebania.hu\/index.php?rest_route=%2Fwp%2Fv2%2Ftags&post=2157"}],"curies":[{"name":"wp","href":"https:\/\/api.w.org\/{rel}","templated":true}]}}