{"id":2159,"date":"2020-09-28T13:36:01","date_gmt":"2020-09-28T13:36:01","guid":{"rendered":"https:\/\/marcali.plebania.hu\/?p=2159"},"modified":"2020-09-28T13:36:01","modified_gmt":"2020-09-28T13:36:01","slug":"termenybetakarito-halaado-szentmiset-tartottak-az-orban-kapolnaban","status":"publish","type":"post","link":"https:\/\/marcali.plebania.hu\/?p=2159","title":{"rendered":"Term\u00e9nybetakar\u00edt\u00f3 h\u00e1laad\u00f3 szentmis\u00e9t tartottak az Orb\u00e1n k\u00e1poln\u00e1ban"},"content":{"rendered":"\n<p>2020. szeptember 27-\u00e9n, vas\u00e1rnap 11 \u00f3rakor a Szent Orb\u00e1n k\u00e1poln\u00e1ban tartott\u00e1k a r\u00e9gi hagyom\u00e1nyokra visszatekint\u0151 Szent Mih\u00e1ly naphoz k\u00f6t\u0151d\u0151 term\u00e9nybetakar\u00edt\u00f3 h\u00e1laad\u00f3 szentmis\u00e9t a koronav\u00edrus-j\u00e1rv\u00e1ny el\u0151\u00edr\u00e1sinak betart\u00e1s\u00e1val. Szerencs\u00e9re az id\u0151j\u00e1r\u00e1s kedvez\u0151 volt ahhoz, hogy szabadt\u00e9rben szervezz\u00e9k meg, hiszen a k\u00e1polna kis befogad\u00f3k\u00e9pess\u00e9g\u0171, \u00edgy a korl\u00e1toz\u00f3 int\u00e9zked\u00e9sek betart\u00e1s\u00e1t nehezen lehetett volna bels\u0151 t\u00e9rben kivitelezni.<\/p>\n\n\n\n<figure class=\"wp-block-gallery columns-3 is-cropped wp-block-gallery-1 is-layout-flex wp-block-gallery-is-layout-flex\"><ul class=\"blocks-gallery-grid\"><li class=\"blocks-gallery-item\"><figure><img loading=\"lazy\" decoding=\"async\" width=\"1024\" height=\"683\" src=\"https:\/\/marcali.plebania.hu\/wp-content\/uploads\/2020\/09\/07-1024x683.jpg\" alt=\"\" data-id=\"2160\" data-link=\"https:\/\/marcali.plebania.hu\/?attachment_id=2160\" class=\"wp-image-2160\" srcset=\"https:\/\/marcali.plebania.hu\/wp-content\/uploads\/2020\/09\/07-1024x683.jpg 1024w, https:\/\/marcali.plebania.hu\/wp-content\/uploads\/2020\/09\/07-300x200.jpg 300w, https:\/\/marcali.plebania.hu\/wp-content\/uploads\/2020\/09\/07-768x512.jpg 768w, https:\/\/marcali.plebania.hu\/wp-content\/uploads\/2020\/09\/07-1536x1024.jpg 1536w, https:\/\/marcali.plebania.hu\/wp-content\/uploads\/2020\/09\/07-2048x1365.jpg 2048w, https:\/\/marcali.plebania.hu\/wp-content\/uploads\/2020\/09\/07-405x270.jpg 405w\" sizes=\"auto, (max-width: 1024px) 100vw, 1024px\" \/><\/figure><\/li><li class=\"blocks-gallery-item\"><figure><img loading=\"lazy\" decoding=\"async\" width=\"1024\" height=\"683\" src=\"https:\/\/marcali.plebania.hu\/wp-content\/uploads\/2020\/09\/08-1024x683.jpg\" alt=\"\" data-id=\"2161\" data-link=\"https:\/\/marcali.plebania.hu\/?attachment_id=2161\" class=\"wp-image-2161\" srcset=\"https:\/\/marcali.plebania.hu\/wp-content\/uploads\/2020\/09\/08-1024x683.jpg 1024w, https:\/\/marcali.plebania.hu\/wp-content\/uploads\/2020\/09\/08-300x200.jpg 300w, https:\/\/marcali.plebania.hu\/wp-content\/uploads\/2020\/09\/08-768x512.jpg 768w, https:\/\/marcali.plebania.hu\/wp-content\/uploads\/2020\/09\/08-1536x1024.jpg 1536w, https:\/\/marcali.plebania.hu\/wp-content\/uploads\/2020\/09\/08-2048x1365.jpg 2048w, https:\/\/marcali.plebania.hu\/wp-content\/uploads\/2020\/09\/08-405x270.jpg 405w\" sizes=\"auto, (max-width: 1024px) 100vw, 1024px\" \/><\/figure><\/li><li class=\"blocks-gallery-item\"><figure><img loading=\"lazy\" decoding=\"async\" width=\"1024\" height=\"683\" src=\"https:\/\/marcali.plebania.hu\/wp-content\/uploads\/2020\/09\/15-1-1024x683.jpg\" alt=\"\" data-id=\"2162\" data-link=\"https:\/\/marcali.plebania.hu\/?attachment_id=2162\" class=\"wp-image-2162\" srcset=\"https:\/\/marcali.plebania.hu\/wp-content\/uploads\/2020\/09\/15-1-1024x683.jpg 1024w, https:\/\/marcali.plebania.hu\/wp-content\/uploads\/2020\/09\/15-1-300x200.jpg 300w, https:\/\/marcali.plebania.hu\/wp-content\/uploads\/2020\/09\/15-1-768x512.jpg 768w, https:\/\/marcali.plebania.hu\/wp-content\/uploads\/2020\/09\/15-1-1536x1024.jpg 1536w, https:\/\/marcali.plebania.hu\/wp-content\/uploads\/2020\/09\/15-1-2048x1365.jpg 2048w, https:\/\/marcali.plebania.hu\/wp-content\/uploads\/2020\/09\/15-1-405x270.jpg 405w\" sizes=\"auto, (max-width: 1024px) 100vw, 1024px\" \/><\/figure><\/li><li class=\"blocks-gallery-item\"><figure><img loading=\"lazy\" decoding=\"async\" width=\"1024\" height=\"683\" src=\"https:\/\/marcali.plebania.hu\/wp-content\/uploads\/2020\/09\/21-1-1024x683.jpg\" alt=\"\" data-id=\"2167\" data-full-url=\"https:\/\/marcali.plebania.hu\/wp-content\/uploads\/2020\/09\/21-1-scaled.jpg\" data-link=\"https:\/\/marcali.plebania.hu\/?attachment_id=2167\" class=\"wp-image-2167\" srcset=\"https:\/\/marcali.plebania.hu\/wp-content\/uploads\/2020\/09\/21-1-1024x683.jpg 1024w, https:\/\/marcali.plebania.hu\/wp-content\/uploads\/2020\/09\/21-1-300x200.jpg 300w, https:\/\/marcali.plebania.hu\/wp-content\/uploads\/2020\/09\/21-1-768x512.jpg 768w, https:\/\/marcali.plebania.hu\/wp-content\/uploads\/2020\/09\/21-1-1536x1024.jpg 1536w, https:\/\/marcali.plebania.hu\/wp-content\/uploads\/2020\/09\/21-1-2048x1365.jpg 2048w, https:\/\/marcali.plebania.hu\/wp-content\/uploads\/2020\/09\/21-1-405x270.jpg 405w\" sizes=\"auto, (max-width: 1024px) 100vw, 1024px\" \/><\/figure><\/li><\/ul><\/figure>\n\n\n\n<p>A hegyi k\u00e1polna bej\u00e1rata el\u00e9 egy s\u00e1trat emeltek a R\u00f3mai Katolikus Egyh\u00e1zk\u00f6zs\u00e9g akt\u00edvabb tagjai, melyet \u00edzl\u00e9sesen feld\u00edsz\u00edtettek az idei \u00e9vben megtermelt z\u00f6lds\u00e9gekkel, gy\u00fcm\u00f6lcs\u00f6kkel \u00e9s vir\u00e1gokkal. Az szentmise keret\u00e9ben Kiss Iv\u00e1n c. pr\u00e9post, esperes-pl\u00e9b\u00e1nos meg\u00e1ldotta a z\u00f6lds\u00e9g- \u00e9s gy\u00fcm\u00f6lcskosarakat, valamint h\u00e1l\u00e1t adott a h\u00edvekkel egy\u00fctt Istennek az idei term\u00e9s\u00e9rt, de im\u00e1dkoztak egy\u00fattal a betakar\u00edt\u00e1st v\u00e9gz\u0151 hegyi-, \u00e9s sz\u0151l\u0151s-gazd\u00e1k\u00e9rt is.<\/p>\n\n\n\n<figure class=\"wp-block-gallery columns-3 is-cropped wp-block-gallery-2 is-layout-flex wp-block-gallery-is-layout-flex\"><ul class=\"blocks-gallery-grid\"><li class=\"blocks-gallery-item\"><figure><img loading=\"lazy\" decoding=\"async\" width=\"1024\" height=\"683\" src=\"https:\/\/marcali.plebania.hu\/wp-content\/uploads\/2020\/09\/18-1024x683.jpg\" alt=\"\" data-id=\"2164\" data-link=\"https:\/\/marcali.plebania.hu\/?attachment_id=2164\" class=\"wp-image-2164\" srcset=\"https:\/\/marcali.plebania.hu\/wp-content\/uploads\/2020\/09\/18-1024x683.jpg 1024w, https:\/\/marcali.plebania.hu\/wp-content\/uploads\/2020\/09\/18-300x200.jpg 300w, https:\/\/marcali.plebania.hu\/wp-content\/uploads\/2020\/09\/18-768x512.jpg 768w, https:\/\/marcali.plebania.hu\/wp-content\/uploads\/2020\/09\/18-1536x1024.jpg 1536w, https:\/\/marcali.plebania.hu\/wp-content\/uploads\/2020\/09\/18-2048x1365.jpg 2048w, https:\/\/marcali.plebania.hu\/wp-content\/uploads\/2020\/09\/18-405x270.jpg 405w\" sizes=\"auto, (max-width: 1024px) 100vw, 1024px\" \/><\/figure><\/li><li class=\"blocks-gallery-item\"><figure><img loading=\"lazy\" decoding=\"async\" width=\"1024\" height=\"683\" src=\"https:\/\/marcali.plebania.hu\/wp-content\/uploads\/2020\/09\/22-1024x683.jpg\" alt=\"\" data-id=\"2166\" data-link=\"https:\/\/marcali.plebania.hu\/?attachment_id=2166\" class=\"wp-image-2166\" srcset=\"https:\/\/marcali.plebania.hu\/wp-content\/uploads\/2020\/09\/22-1024x683.jpg 1024w, https:\/\/marcali.plebania.hu\/wp-content\/uploads\/2020\/09\/22-300x200.jpg 300w, https:\/\/marcali.plebania.hu\/wp-content\/uploads\/2020\/09\/22-768x512.jpg 768w, https:\/\/marcali.plebania.hu\/wp-content\/uploads\/2020\/09\/22-1536x1024.jpg 1536w, https:\/\/marcali.plebania.hu\/wp-content\/uploads\/2020\/09\/22-2048x1365.jpg 2048w, https:\/\/marcali.plebania.hu\/wp-content\/uploads\/2020\/09\/22-405x270.jpg 405w\" sizes=\"auto, (max-width: 1024px) 100vw, 1024px\" \/><\/figure><\/li><li class=\"blocks-gallery-item\"><figure><img loading=\"lazy\" decoding=\"async\" width=\"1024\" height=\"683\" src=\"https:\/\/marcali.plebania.hu\/wp-content\/uploads\/2020\/09\/20-1-1024x683.jpg\" alt=\"\" data-id=\"2168\" data-link=\"https:\/\/marcali.plebania.hu\/?attachment_id=2168\" class=\"wp-image-2168\" srcset=\"https:\/\/marcali.plebania.hu\/wp-content\/uploads\/2020\/09\/20-1-1024x683.jpg 1024w, https:\/\/marcali.plebania.hu\/wp-content\/uploads\/2020\/09\/20-1-300x200.jpg 300w, https:\/\/marcali.plebania.hu\/wp-content\/uploads\/2020\/09\/20-1-768x512.jpg 768w, https:\/\/marcali.plebania.hu\/wp-content\/uploads\/2020\/09\/20-1-1536x1024.jpg 1536w, https:\/\/marcali.plebania.hu\/wp-content\/uploads\/2020\/09\/20-1-2048x1365.jpg 2048w, https:\/\/marcali.plebania.hu\/wp-content\/uploads\/2020\/09\/20-1-405x270.jpg 405w\" sizes=\"auto, (max-width: 1024px) 100vw, 1024px\" \/><\/figure><\/li><li class=\"blocks-gallery-item\"><figure><img loading=\"lazy\" decoding=\"async\" width=\"1024\" height=\"683\" src=\"https:\/\/marcali.plebania.hu\/wp-content\/uploads\/2020\/09\/26-1-1024x683.jpg\" alt=\"\" data-id=\"2170\" data-full-url=\"https:\/\/marcali.plebania.hu\/wp-content\/uploads\/2020\/09\/26-1-scaled.jpg\" data-link=\"https:\/\/marcali.plebania.hu\/?attachment_id=2170\" class=\"wp-image-2170\" srcset=\"https:\/\/marcali.plebania.hu\/wp-content\/uploads\/2020\/09\/26-1-1024x683.jpg 1024w, https:\/\/marcali.plebania.hu\/wp-content\/uploads\/2020\/09\/26-1-300x200.jpg 300w, https:\/\/marcali.plebania.hu\/wp-content\/uploads\/2020\/09\/26-1-768x512.jpg 768w, https:\/\/marcali.plebania.hu\/wp-content\/uploads\/2020\/09\/26-1-1536x1024.jpg 1536w, https:\/\/marcali.plebania.hu\/wp-content\/uploads\/2020\/09\/26-1-2048x1365.jpg 2048w, https:\/\/marcali.plebania.hu\/wp-content\/uploads\/2020\/09\/26-1-405x270.jpg 405w\" sizes=\"auto, (max-width: 1024px) 100vw, 1024px\" \/><\/figure><\/li><\/ul><\/figure>\n\n\n\n<p>Az istentiszteletet k\u00f6vet\u0151en, a k\u00e1polna mellett a Marcali Sz\u00e9passzonyok \u00e9s Fi\u00fak Hagyom\u00e1ny\u0151rz\u0151 Egyes\u00fclet n\u0151i tagjai k\u00fcl\u00f6nf\u00e9le h\u00e1zi k\u00e9sz\u00edt\u00e9s\u0171 s\u00fctem\u00e9nyekkel k\u00edn\u00e1lt\u00e1k a hazafel\u00e9 igyekv\u0151 jelenl\u00e9v\u0151ket.<\/p>\n\n\n\n<figure class=\"wp-block-gallery columns-3 is-cropped wp-block-gallery-3 is-layout-flex wp-block-gallery-is-layout-flex\"><ul class=\"blocks-gallery-grid\"><li class=\"blocks-gallery-item\"><figure><img loading=\"lazy\" decoding=\"async\" width=\"1024\" height=\"683\" src=\"https:\/\/marcali.plebania.hu\/wp-content\/uploads\/2020\/09\/29-1024x683.jpg\" alt=\"\" data-id=\"2171\" data-link=\"https:\/\/marcali.plebania.hu\/?attachment_id=2171\" class=\"wp-image-2171\" srcset=\"https:\/\/marcali.plebania.hu\/wp-content\/uploads\/2020\/09\/29-1024x683.jpg 1024w, https:\/\/marcali.plebania.hu\/wp-content\/uploads\/2020\/09\/29-300x200.jpg 300w, https:\/\/marcali.plebania.hu\/wp-content\/uploads\/2020\/09\/29-768x512.jpg 768w, https:\/\/marcali.plebania.hu\/wp-content\/uploads\/2020\/09\/29-1536x1024.jpg 1536w, https:\/\/marcali.plebania.hu\/wp-content\/uploads\/2020\/09\/29-2048x1365.jpg 2048w, https:\/\/marcali.plebania.hu\/wp-content\/uploads\/2020\/09\/29-405x270.jpg 405w\" sizes=\"auto, (max-width: 1024px) 100vw, 1024px\" \/><\/figure><\/li><li class=\"blocks-gallery-item\"><figure><img loading=\"lazy\" decoding=\"async\" width=\"1024\" height=\"683\" src=\"https:\/\/marcali.plebania.hu\/wp-content\/uploads\/2020\/09\/33-1024x683.jpg\" alt=\"\" data-id=\"2173\" data-link=\"https:\/\/marcali.plebania.hu\/?attachment_id=2173\" class=\"wp-image-2173\" srcset=\"https:\/\/marcali.plebania.hu\/wp-content\/uploads\/2020\/09\/33-1024x683.jpg 1024w, https:\/\/marcali.plebania.hu\/wp-content\/uploads\/2020\/09\/33-300x200.jpg 300w, https:\/\/marcali.plebania.hu\/wp-content\/uploads\/2020\/09\/33-768x512.jpg 768w, https:\/\/marcali.plebania.hu\/wp-content\/uploads\/2020\/09\/33-1536x1024.jpg 1536w, https:\/\/marcali.plebania.hu\/wp-content\/uploads\/2020\/09\/33-2048x1365.jpg 2048w, https:\/\/marcali.plebania.hu\/wp-content\/uploads\/2020\/09\/33-405x270.jpg 405w\" sizes=\"auto, (max-width: 1024px) 100vw, 1024px\" \/><\/figure><\/li><li class=\"blocks-gallery-item\"><figure><img loading=\"lazy\" decoding=\"async\" width=\"1024\" height=\"683\" src=\"https:\/\/marcali.plebania.hu\/wp-content\/uploads\/2020\/09\/30-1-1024x683.jpg\" alt=\"\" data-id=\"2174\" data-link=\"https:\/\/marcali.plebania.hu\/?attachment_id=2174\" class=\"wp-image-2174\" srcset=\"https:\/\/marcali.plebania.hu\/wp-content\/uploads\/2020\/09\/30-1-1024x683.jpg 1024w, https:\/\/marcali.plebania.hu\/wp-content\/uploads\/2020\/09\/30-1-300x200.jpg 300w, https:\/\/marcali.plebania.hu\/wp-content\/uploads\/2020\/09\/30-1-768x512.jpg 768w, https:\/\/marcali.plebania.hu\/wp-content\/uploads\/2020\/09\/30-1-1536x1024.jpg 1536w, https:\/\/marcali.plebania.hu\/wp-content\/uploads\/2020\/09\/30-1-2048x1365.jpg 2048w, https:\/\/marcali.plebania.hu\/wp-content\/uploads\/2020\/09\/30-1-405x270.jpg 405w\" sizes=\"auto, (max-width: 1024px) 100vw, 1024px\" \/><\/figure><\/li><li class=\"blocks-gallery-item\"><figure><img loading=\"lazy\" decoding=\"async\" width=\"1024\" height=\"683\" src=\"https:\/\/marcali.plebania.hu\/wp-content\/uploads\/2020\/09\/36-1024x683.jpg\" alt=\"\" data-id=\"2175\" data-full-url=\"https:\/\/marcali.plebania.hu\/wp-content\/uploads\/2020\/09\/36-scaled.jpg\" data-link=\"https:\/\/marcali.plebania.hu\/?attachment_id=2175\" class=\"wp-image-2175\" srcset=\"https:\/\/marcali.plebania.hu\/wp-content\/uploads\/2020\/09\/36-1024x683.jpg 1024w, https:\/\/marcali.plebania.hu\/wp-content\/uploads\/2020\/09\/36-300x200.jpg 300w, https:\/\/marcali.plebania.hu\/wp-content\/uploads\/2020\/09\/36-768x512.jpg 768w, https:\/\/marcali.plebania.hu\/wp-content\/uploads\/2020\/09\/36-1536x1024.jpg 1536w, https:\/\/marcali.plebania.hu\/wp-content\/uploads\/2020\/09\/36-2048x1365.jpg 2048w, https:\/\/marcali.plebania.hu\/wp-content\/uploads\/2020\/09\/36-405x270.jpg 405w\" sizes=\"auto, (max-width: 1024px) 100vw, 1024px\" \/><\/figure><\/li><\/ul><\/figure>\n","protected":false},"excerpt":{"rendered":"<p>2020. szeptember 27-\u00e9n, vas\u00e1rnap 11 \u00f3rakor a Szent Orb\u00e1n k\u00e1poln\u00e1ban tartott\u00e1k a r\u00e9gi hagyom\u00e1nyokra visszatekint\u0151 Szent Mih\u00e1ly naphoz k\u00f6t\u0151d\u0151 term\u00e9nybetakar\u00edt\u00f3 h\u00e1laad\u00f3 szentmis\u00e9t a koronav\u00edrus-j\u00e1rv\u00e1ny el\u0151\u00edr\u00e1sinak betart\u00e1s\u00e1val. Szerencs\u00e9re az id\u0151j\u00e1r\u00e1s kedvez\u0151 volt ahhoz, hogy szabadt\u00e9rben szervezz\u00e9k meg, hiszen a k\u00e1polna kis befogad\u00f3k\u00e9pess\u00e9g\u0171, \u00edgy a korl\u00e1toz\u00f3 int\u00e9zked\u00e9sek betart\u00e1s\u00e1t nehezen lehetett volna bels\u0151 t\u00e9rben kivitelezni. A hegyi k\u00e1polna bej\u00e1rata el\u00e9 egy s\u00e1trat emeltek a R\u00f3mai Katolikus Egyh\u00e1zk\u00f6zs\u00e9g akt\u00edvabb tagjai, melyet \u00edzl\u00e9sesen feld\u00edsz\u00edtettek az idei \u00e9vben megtermelt z\u00f6lds\u00e9gekkel, gy\u00fcm\u00f6lcs\u00f6kkel \u00e9s vir\u00e1gokkal. Az szentmise keret\u00e9ben&#8230;<\/p>\n<p class=\"read-more\"><a class=\"btn btn-default\" href=\"https:\/\/marcali.plebania.hu\/?p=2159\"> Read More<span class=\"screen-reader-text\">  Read More<\/span><\/a><\/p>\n","protected":false},"author":2,"featured_media":0,"comment_status":"closed","ping_status":"open","sticky":false,"template":"","format":"standard","meta":{"footnotes":""},"categories":[1],"tags":[],"class_list":["post-2159","post","type-post","status-publish","format-standard","hentry","category-egyeb"],"_links":{"self":[{"href":"https:\/\/marcali.plebania.hu\/index.php?rest_route=\/wp\/v2\/posts\/2159","targetHints":{"allow":["GET"]}}],"collection":[{"href":"https:\/\/marcali.plebania.hu\/index.php?rest_route=\/wp\/v2\/posts"}],"about":[{"href":"https:\/\/marcali.plebania.hu\/index.php?rest_route=\/wp\/v2\/types\/post"}],"author":[{"embeddable":true,"href":"https:\/\/marcali.plebania.hu\/index.php?rest_route=\/wp\/v2\/users\/2"}],"replies":[{"embeddable":true,"href":"https:\/\/marcali.plebania.hu\/index.php?rest_route=%2Fwp%2Fv2%2Fcomments&post=2159"}],"version-history":[{"count":1,"href":"https:\/\/marcali.plebania.hu\/index.php?rest_route=\/wp\/v2\/posts\/2159\/revisions"}],"predecessor-version":[{"id":2176,"href":"https:\/\/marcali.plebania.hu\/index.php?rest_route=\/wp\/v2\/posts\/2159\/revisions\/2176"}],"wp:attachment":[{"href":"https:\/\/marcali.plebania.hu\/index.php?rest_route=%2Fwp%2Fv2%2Fmedia&parent=2159"}],"wp:term":[{"taxonomy":"category","embeddable":true,"href":"https:\/\/marcali.plebania.hu\/index.php?rest_route=%2Fwp%2Fv2%2Fcategories&post=2159"},{"taxonomy":"post_tag","embeddable":true,"href":"https:\/\/marcali.plebania.hu\/index.php?rest_route=%2Fwp%2Fv2%2Ftags&post=2159"}],"curies":[{"name":"wp","href":"https:\/\/api.w.org\/{rel}","templated":true}]}}