{"id":217,"date":"2018-05-04T09:53:29","date_gmt":"2018-05-04T09:53:29","guid":{"rendered":"https:\/\/marcali.plebania.hu\/?p=217"},"modified":"2018-05-04T09:53:29","modified_gmt":"2018-05-04T09:53:29","slug":"hirdetesek-2018-05-06","status":"publish","type":"post","link":"https:\/\/marcali.plebania.hu\/?p=217","title":{"rendered":"Hirdet\u00e9sek, 2018. 05. 06."},"content":{"rendered":"<ol>\n<li>Ma van H\u00fasv\u00e9t 6. vas\u00e1rnapja.<\/li>\n<li>A j\u00f6v\u0151 h\u00e9ten, kedd este 17.30 \u00f3r\u00e1t\u00f3l kilencedet v\u00e9gz\u00fcnk az egyh\u00e1zmegyei zar\u00e1ndoklatunk siker\u00e9\u00e9rt, ut\u00e1na M\u00e1ria lit\u00e1nia, majd szentmise.<\/li>\n<li>Kedden 12.30-kor a Miksz\u00e1th iskol\u00e1ban a b\u00e9rm\u00e1lkoz\u00f3k vizsg\u00e1ja.<\/li>\n<li>P\u00e9nteken 16 \u00f3r\u00e1ra v\u00e1rjuk a pl\u00e9b\u00e1niatemplomba a b\u00e9rm\u00e1lkoz\u00f3kat f\u0151pr\u00f3b\u00e1ra \u00e9s szentgy\u00f3n\u00e1sra. 18 \u00f3rakor a b\u00e9rmasz\u00fcl\u0151k \u00e9s b\u00e9rm\u00e1lkoz\u00f3k hozz\u00e1tartoz\u00f3inak gy\u00f3n\u00e1si lehet\u0151s\u00e9g.<\/li>\n<li>P\u00e9nteken 18 \u00f3rakor a Korz\u00f3 mozi term\u00e9ben L\u00e1z\u00e1r Csaba: J\u00e9zus kez\u00e9ben k\u00e9sz a kegyelem c\u00edmmel Arany J\u00e1nos ballad\u00e1r\u00f3l tart el\u0151ad\u00e1st, melyre minden \u00e9rdekl\u0151d\u0151t h\u00edvnak a szervez\u0151k.<\/li>\n<li>Szombaton reggel 6.30-kor indul egyh\u00e1zmegy\u00e9nk zar\u00e1ndoklata Ludbregbe \u00e9s M\u00e1ria Bisztric\u00e1ra. A 2 aut\u00f3busz a H\u0151s\u00f6k ter\u00e9r\u0151l indul. A programban 10 \u00f3rakor Ludbregben p\u00fcsp\u00f6ki szentmise, 14.30-kor M\u00e1ria Bisztric\u00e1n M\u00e1ria-k\u00f6sz\u00f6nt\u0151 \u00e1jtatoss\u00e1g. Kb. este 20 \u00f3r\u00e1ra \u00e9rkez\u00fcnk haza.<\/li>\n<li>J\u00f6v\u0151 vas\u00e1rnap a pl\u00e9b\u00e1niatemplomban 11 \u00f3rakor van p\u00fcsp\u00f6ki szentmise, melyen Varga L\u00e1szl\u00f3 megy\u00e9sp\u00fcsp\u00f6k b\u00e9rm\u00e1l. Este 19 \u00f3rakor a Boldog Gizella templomban lesz szentmise.<\/li>\n<li>Meg\u00e9rkezett a templomunkba a gr\u00e1nit burkol\u00f3anyag. Mint k\u00e9rt\u00fck, aki teheti, az j\u00e1ruljon hozz\u00e1 a lerak\u00e1s k\u00f6lts\u00e9geihez.<\/li>\n<\/ol>\n","protected":false},"excerpt":{"rendered":"<p>Ma van H\u00fasv\u00e9t 6. vas\u00e1rnapja. A j\u00f6v\u0151 h\u00e9ten, kedd este 17.30 \u00f3r\u00e1t\u00f3l kilencedet v\u00e9gz\u00fcnk az egyh\u00e1zmegyei zar\u00e1ndoklatunk siker\u00e9\u00e9rt, ut\u00e1na M\u00e1ria lit\u00e1nia, majd szentmise. Kedden 12.30-kor a Miksz\u00e1th iskol\u00e1ban a b\u00e9rm\u00e1lkoz\u00f3k vizsg\u00e1ja. P\u00e9nteken 16 \u00f3r\u00e1ra v\u00e1rjuk a pl\u00e9b\u00e1niatemplomba a b\u00e9rm\u00e1lkoz\u00f3kat f\u0151pr\u00f3b\u00e1ra \u00e9s szentgy\u00f3n\u00e1sra. 18 \u00f3rakor a b\u00e9rmasz\u00fcl\u0151k \u00e9s b\u00e9rm\u00e1lkoz\u00f3k hozz\u00e1tartoz\u00f3inak gy\u00f3n\u00e1si lehet\u0151s\u00e9g. P\u00e9nteken 18 \u00f3rakor a Korz\u00f3 mozi term\u00e9ben L\u00e1z\u00e1r Csaba: J\u00e9zus kez\u00e9ben k\u00e9sz a kegyelem c\u00edmmel Arany J\u00e1nos ballad\u00e1r\u00f3l tart el\u0151ad\u00e1st, melyre minden \u00e9rdekl\u0151d\u0151t h\u00edvnak a szervez\u0151k. Szombaton reggel 6.30-kor&#8230;<\/p>\n<p class=\"read-more\"><a class=\"btn btn-default\" href=\"https:\/\/marcali.plebania.hu\/?p=217\"> Read More<span class=\"screen-reader-text\">  Read More<\/span><\/a><\/p>\n","protected":false},"author":2,"featured_media":0,"comment_status":"closed","ping_status":"open","sticky":false,"template":"","format":"standard","meta":{"footnotes":""},"categories":[1],"tags":[],"class_list":["post-217","post","type-post","status-publish","format-standard","hentry","category-egyeb"],"_links":{"self":[{"href":"https:\/\/marcali.plebania.hu\/index.php?rest_route=\/wp\/v2\/posts\/217","targetHints":{"allow":["GET"]}}],"collection":[{"href":"https:\/\/marcali.plebania.hu\/index.php?rest_route=\/wp\/v2\/posts"}],"about":[{"href":"https:\/\/marcali.plebania.hu\/index.php?rest_route=\/wp\/v2\/types\/post"}],"author":[{"embeddable":true,"href":"https:\/\/marcali.plebania.hu\/index.php?rest_route=\/wp\/v2\/users\/2"}],"replies":[{"embeddable":true,"href":"https:\/\/marcali.plebania.hu\/index.php?rest_route=%2Fwp%2Fv2%2Fcomments&post=217"}],"version-history":[{"count":2,"href":"https:\/\/marcali.plebania.hu\/index.php?rest_route=\/wp\/v2\/posts\/217\/revisions"}],"predecessor-version":[{"id":219,"href":"https:\/\/marcali.plebania.hu\/index.php?rest_route=\/wp\/v2\/posts\/217\/revisions\/219"}],"wp:attachment":[{"href":"https:\/\/marcali.plebania.hu\/index.php?rest_route=%2Fwp%2Fv2%2Fmedia&parent=217"}],"wp:term":[{"taxonomy":"category","embeddable":true,"href":"https:\/\/marcali.plebania.hu\/index.php?rest_route=%2Fwp%2Fv2%2Fcategories&post=217"},{"taxonomy":"post_tag","embeddable":true,"href":"https:\/\/marcali.plebania.hu\/index.php?rest_route=%2Fwp%2Fv2%2Ftags&post=217"}],"curies":[{"name":"wp","href":"https:\/\/api.w.org\/{rel}","templated":true}]}}