{"id":2178,"date":"2020-10-02T08:57:04","date_gmt":"2020-10-02T08:57:04","guid":{"rendered":"https:\/\/marcali.plebania.hu\/?p=2178"},"modified":"2020-10-02T08:57:04","modified_gmt":"2020-10-02T08:57:04","slug":"hirdetesek-2020-10-04","status":"publish","type":"post","link":"https:\/\/marcali.plebania.hu\/?p=2178","title":{"rendered":"Hirdet\u00e9sek, 2020. 10. 04."},"content":{"rendered":"\n<ol class=\"wp-block-list\"><li>Ma\nvan az \u00e9vk\u00f6zi 27. vas\u00e1rnap. A perselyp\u00e9nz az elmaradt P\u00e9terfill\u00e9r-gy\u0171jt\u00e9s, a Szentatya\njav\u00e1ra.<\/li><li>A\nmai napon m\u00e1r a gombai templomban is lesz 11 \u00f3rakor szentmise. A bels\u0151\nfel\u00faj\u00edt\u00e1s teljesen elk\u00e9sz\u00fclt. K\u00f6sz\u00f6net mindazoknak b\u00e1rmiben is seg\u00edtettek.\n\u00dcnnep\u00e9lyes \u00e1tad\u00e1st a k\u00fcls\u0151 fel\u00faj\u00edt\u00e1s ut\u00e1n tervez\u00fcnk.<\/li><li>A\nh\u00e9ten minden nap r\u00f3zsaf\u00fcz\u00e9r 17.30-kor, h\u00e9tf\u0151n az X-h\u00e1zban. Keddt\u0151l kezdve a\nhirdet\u0151t\u00e1bl\u00e1n kif\u00fcggesztett rend szerint a k\u00f6z\u00f6ss\u00e9gek v\u00e9gzik.<\/li><li>P\u00e9nteken\nd\u00e9lut\u00e1n 14 \u00f3rakor az els\u0151\u00e1ldoz\u00f3k gy\u00f3n\u00e1sa lesz, j\u00f3 id\u0151 eset\u00e9n a templomkertben,\nrossz id\u0151 eset\u00e9n a sekresty\u00e9ben. Az els\u0151\u00e1ldoz\u00e1s okt\u00f3ber 18-\u00e1n, vas\u00e1rnap 10\n\u00f3rakor lesz.<\/li><li>Folyamatban\nvan a II. J\u00e1nos P\u00e1l p\u00e1p\u00e1t \u00e1br\u00e1zol\u00f3 szobor megrendel\u00e9se. K\u00e9t m\u0171v\u00e9szt\u0151l k\u00e9rt\u00fcnk\n\u00e1raj\u00e1nlatot \u00e9s tervezet-mint\u00e1t, ami m\u00e9g nem \u00e9rkezett meg. Az eddig befolyt\nadom\u00e1nyok mintegy 2,5 milli\u00f3 Ft az egyh\u00e1zk\u00f6zs\u00e9g banksz\u00e1ml\u00e1j\u00e1n van, de val\u00f3sz\u00edn\u0171\nnem lesz el\u00e9g egy ig\u00e9nyes, sz\u00e9p szobor elk\u00e9sz\u00edt\u00e9s\u00e9re. Tov\u00e1bbra is v\u00e1rjuk a\nh\u00edvek nagylelk\u0171 t\u00e1mogat\u00e1s\u00e1t.<\/li><li>Tov\u00e1bbra\nis tartsuk be a j\u00e1rv\u00e1ny\u00fcgyi el\u0151\u00edr\u00e1sokat: a templomi szentmis\u00e9ken \u00e9s\nszertart\u00e1sokon csak sz\u00e1jmaszkban lehet\u00fcnk, bej\u00f6vetelkor haszn\u00e1ljuk a bej\u00e1ratn\u00e1l\nbalra tal\u00e1lhat\u00f3 k\u00e9zfert\u0151tlen\u00edt\u0151 k\u00e9sz\u00fcl\u00e9ket.<\/li><\/ol>\n","protected":false},"excerpt":{"rendered":"<p>Ma van az \u00e9vk\u00f6zi 27. vas\u00e1rnap. A perselyp\u00e9nz az elmaradt P\u00e9terfill\u00e9r-gy\u0171jt\u00e9s, a Szentatya jav\u00e1ra. A mai napon m\u00e1r a gombai templomban is lesz 11 \u00f3rakor szentmise. A bels\u0151 fel\u00faj\u00edt\u00e1s teljesen elk\u00e9sz\u00fclt. K\u00f6sz\u00f6net mindazoknak b\u00e1rmiben is seg\u00edtettek. \u00dcnnep\u00e9lyes \u00e1tad\u00e1st a k\u00fcls\u0151 fel\u00faj\u00edt\u00e1s ut\u00e1n tervez\u00fcnk. A h\u00e9ten minden nap r\u00f3zsaf\u00fcz\u00e9r 17.30-kor, h\u00e9tf\u0151n az X-h\u00e1zban. Keddt\u0151l kezdve a hirdet\u0151t\u00e1bl\u00e1n kif\u00fcggesztett rend szerint a k\u00f6z\u00f6ss\u00e9gek v\u00e9gzik. P\u00e9nteken d\u00e9lut\u00e1n 14 \u00f3rakor az els\u0151\u00e1ldoz\u00f3k gy\u00f3n\u00e1sa lesz, j\u00f3 id\u0151 eset\u00e9n a templomkertben, rossz id\u0151 eset\u00e9n a sekresty\u00e9ben&#8230;.<\/p>\n<p class=\"read-more\"><a class=\"btn btn-default\" href=\"https:\/\/marcali.plebania.hu\/?p=2178\"> Read More<span class=\"screen-reader-text\">  Read More<\/span><\/a><\/p>\n","protected":false},"author":2,"featured_media":0,"comment_status":"closed","ping_status":"open","sticky":false,"template":"","format":"standard","meta":{"footnotes":""},"categories":[1],"tags":[],"class_list":["post-2178","post","type-post","status-publish","format-standard","hentry","category-egyeb"],"_links":{"self":[{"href":"https:\/\/marcali.plebania.hu\/index.php?rest_route=\/wp\/v2\/posts\/2178","targetHints":{"allow":["GET"]}}],"collection":[{"href":"https:\/\/marcali.plebania.hu\/index.php?rest_route=\/wp\/v2\/posts"}],"about":[{"href":"https:\/\/marcali.plebania.hu\/index.php?rest_route=\/wp\/v2\/types\/post"}],"author":[{"embeddable":true,"href":"https:\/\/marcali.plebania.hu\/index.php?rest_route=\/wp\/v2\/users\/2"}],"replies":[{"embeddable":true,"href":"https:\/\/marcali.plebania.hu\/index.php?rest_route=%2Fwp%2Fv2%2Fcomments&post=2178"}],"version-history":[{"count":1,"href":"https:\/\/marcali.plebania.hu\/index.php?rest_route=\/wp\/v2\/posts\/2178\/revisions"}],"predecessor-version":[{"id":2179,"href":"https:\/\/marcali.plebania.hu\/index.php?rest_route=\/wp\/v2\/posts\/2178\/revisions\/2179"}],"wp:attachment":[{"href":"https:\/\/marcali.plebania.hu\/index.php?rest_route=%2Fwp%2Fv2%2Fmedia&parent=2178"}],"wp:term":[{"taxonomy":"category","embeddable":true,"href":"https:\/\/marcali.plebania.hu\/index.php?rest_route=%2Fwp%2Fv2%2Fcategories&post=2178"},{"taxonomy":"post_tag","embeddable":true,"href":"https:\/\/marcali.plebania.hu\/index.php?rest_route=%2Fwp%2Fv2%2Ftags&post=2178"}],"curies":[{"name":"wp","href":"https:\/\/api.w.org\/{rel}","templated":true}]}}