{"id":2181,"date":"2020-10-07T09:25:00","date_gmt":"2020-10-07T09:25:00","guid":{"rendered":"https:\/\/marcali.plebania.hu\/?p=2181"},"modified":"2021-01-15T08:47:45","modified_gmt":"2021-01-15T08:47:45","slug":"elso-szentmise-a-belso-felujitast-kovetoen-a-gombai-templomban","status":"publish","type":"post","link":"https:\/\/marcali.plebania.hu\/?p=2181","title":{"rendered":"Els\u0151 szentmise a bels\u0151 fel\u00faj\u00edt\u00e1st k\u00f6vet\u0151en a gombai templomban"},"content":{"rendered":"\n<p>2020. okt\u00f3ber 4-\u00e9n, vas\u00e1rnap 11 \u00f3rakor \u2013 hossz\u00fa id\u0151 ut\u00e1n \u2013 ism\u00e9t istentiszteletre j\u00f6hettek \u00f6ssze a gombai h\u00edvek az Antiochiai Szent Margit templomba, hogy h\u00e1l\u00e1t adjanak Istennek a sz\u00e9pen elk\u00e9sz\u00fclt bels\u0151 fel\u00faj\u00edt\u00e1st k\u00f6vet\u0151en. A szentmis\u00e9t ez\u00fattal is Kiss Iv\u00e1n c. pr\u00e9post, esperes-pl\u00e9b\u00e1nos mutatta be.<\/p>\n\n\n\n<figure class=\"wp-block-gallery columns-3 is-cropped wp-block-gallery-1 is-layout-flex wp-block-gallery-is-layout-flex\"><ul class=\"blocks-gallery-grid\"><li class=\"blocks-gallery-item\"><figure><img loading=\"lazy\" decoding=\"async\" width=\"1024\" height=\"683\" src=\"https:\/\/marcali.plebania.hu\/wp-content\/uploads\/2020\/10\/03-1024x683.jpg\" alt=\"\" data-id=\"2182\" data-link=\"https:\/\/marcali.plebania.hu\/?attachment_id=2182\" class=\"wp-image-2182\" srcset=\"https:\/\/marcali.plebania.hu\/wp-content\/uploads\/2020\/10\/03-1024x683.jpg 1024w, https:\/\/marcali.plebania.hu\/wp-content\/uploads\/2020\/10\/03-300x200.jpg 300w, https:\/\/marcali.plebania.hu\/wp-content\/uploads\/2020\/10\/03-768x512.jpg 768w, https:\/\/marcali.plebania.hu\/wp-content\/uploads\/2020\/10\/03-1536x1024.jpg 1536w, https:\/\/marcali.plebania.hu\/wp-content\/uploads\/2020\/10\/03-2048x1365.jpg 2048w, https:\/\/marcali.plebania.hu\/wp-content\/uploads\/2020\/10\/03-405x270.jpg 405w\" sizes=\"auto, (max-width: 1024px) 100vw, 1024px\" \/><\/figure><\/li><li class=\"blocks-gallery-item\"><figure><img loading=\"lazy\" decoding=\"async\" width=\"1024\" height=\"683\" src=\"https:\/\/marcali.plebania.hu\/wp-content\/uploads\/2020\/10\/04-1024x683.jpg\" alt=\"\" data-id=\"2183\" data-link=\"https:\/\/marcali.plebania.hu\/?attachment_id=2183\" class=\"wp-image-2183\" srcset=\"https:\/\/marcali.plebania.hu\/wp-content\/uploads\/2020\/10\/04-1024x683.jpg 1024w, https:\/\/marcali.plebania.hu\/wp-content\/uploads\/2020\/10\/04-300x200.jpg 300w, https:\/\/marcali.plebania.hu\/wp-content\/uploads\/2020\/10\/04-768x512.jpg 768w, https:\/\/marcali.plebania.hu\/wp-content\/uploads\/2020\/10\/04-1536x1024.jpg 1536w, https:\/\/marcali.plebania.hu\/wp-content\/uploads\/2020\/10\/04-2048x1365.jpg 2048w, https:\/\/marcali.plebania.hu\/wp-content\/uploads\/2020\/10\/04-405x270.jpg 405w\" sizes=\"auto, (max-width: 1024px) 100vw, 1024px\" \/><\/figure><\/li><li class=\"blocks-gallery-item\"><figure><img loading=\"lazy\" decoding=\"async\" width=\"1024\" height=\"683\" src=\"https:\/\/marcali.plebania.hu\/wp-content\/uploads\/2020\/10\/05-1024x683.jpg\" alt=\"\" data-id=\"2184\" data-link=\"https:\/\/marcali.plebania.hu\/?attachment_id=2184\" class=\"wp-image-2184\" srcset=\"https:\/\/marcali.plebania.hu\/wp-content\/uploads\/2020\/10\/05-1024x683.jpg 1024w, https:\/\/marcali.plebania.hu\/wp-content\/uploads\/2020\/10\/05-300x200.jpg 300w, https:\/\/marcali.plebania.hu\/wp-content\/uploads\/2020\/10\/05-768x512.jpg 768w, https:\/\/marcali.plebania.hu\/wp-content\/uploads\/2020\/10\/05-1536x1024.jpg 1536w, https:\/\/marcali.plebania.hu\/wp-content\/uploads\/2020\/10\/05-2048x1365.jpg 2048w, https:\/\/marcali.plebania.hu\/wp-content\/uploads\/2020\/10\/05-405x270.jpg 405w\" sizes=\"auto, (max-width: 1024px) 100vw, 1024px\" \/><\/figure><\/li><li class=\"blocks-gallery-item\"><figure><img loading=\"lazy\" decoding=\"async\" width=\"1024\" height=\"683\" src=\"https:\/\/marcali.plebania.hu\/wp-content\/uploads\/2020\/10\/02-1024x683.jpg\" alt=\"\" data-id=\"2185\" data-full-url=\"https:\/\/marcali.plebania.hu\/wp-content\/uploads\/2020\/10\/02-scaled.jpg\" data-link=\"https:\/\/marcali.plebania.hu\/?attachment_id=2185\" class=\"wp-image-2185\" srcset=\"https:\/\/marcali.plebania.hu\/wp-content\/uploads\/2020\/10\/02-1024x683.jpg 1024w, https:\/\/marcali.plebania.hu\/wp-content\/uploads\/2020\/10\/02-300x200.jpg 300w, https:\/\/marcali.plebania.hu\/wp-content\/uploads\/2020\/10\/02-768x512.jpg 768w, https:\/\/marcali.plebania.hu\/wp-content\/uploads\/2020\/10\/02-1536x1024.jpg 1536w, https:\/\/marcali.plebania.hu\/wp-content\/uploads\/2020\/10\/02-2048x1365.jpg 2048w, https:\/\/marcali.plebania.hu\/wp-content\/uploads\/2020\/10\/02-405x270.jpg 405w\" sizes=\"auto, (max-width: 1024px) 100vw, 1024px\" \/><\/figure><\/li><\/ul><\/figure>\n\n\n\n<p>A bels\u0151 rekonstrukci\u00f3 a Bethlen G\u00e1bor Alapkezel\u0151 EGYH-EOR-19-0434 azonos\u00edt\u00f3 sz\u00e1m\u00fa p\u00e1ly\u00e1zat\u00e1b\u00f3l, Marcali V\u00e1ros \u00d6nkorm\u00e1nyzat\u00e1nak t\u00e1mogat\u00e1s\u00e1b\u00f3l, valamint a h\u00edvek adom\u00e1ny\u00e1b\u00f3l val\u00f3sult meg. Mivel a k\u00f6z\u00e9pkori eredet\u0171 \u00e9p\u00fclet m\u0171eml\u00e9k, ez\u00e9rt els\u0151k\u00e9nt sz\u00fcks\u00e9g volt a m\u0171eml\u00e9ki tudom\u00e1nyos dokument\u00e1ci\u00f3 elk\u00e9sz\u00edt\u00e9s\u00e9re, tov\u00e1bb\u00e1 a sz\u00fcks\u00e9ges hivatalos enged\u00e9lyek beszerz\u00e9s\u00e9re; s csak ezut\u00e1n kezd\u0151dhetett meg az \u00e9rdemi munka. Az els\u0151 \u00fctemben zajl\u00f3 villanyszerel\u00e9si munk\u00e1latok sor\u00e1n a r\u00e9gi, korszer\u0171tlen rendszert cser\u00e9lt\u00e9k ki az elektromos padf\u0171t\u00e9ssel egy\u00fctt. A m\u00e1sodik \u00fctemben a k\u0151m\u0171ves fel\u00faj\u00edt\u00e1s k\u00f6vetkezett a k\u00fclt\u00e9ri vakolat elt\u00e1vol\u00edt\u00e1s\u00e1val, a bels\u0151 padl\u00f3 cser\u00e9j\u00e9vel, falszell\u0151ztet\u0151 kialak\u00edt\u00e1s\u00e1val, melyet kaviccsal t\u00f6lt\u00f6ttek fel a vizes falak p\u00e1r\u00e1tlan\u00edt\u00e1sa miatt, valamint vakolat-jav\u00edt\u00e1ssal. A harmadik \u00fctemben pedig a faljav\u00edt\u00e1ssal \u00e9s fest\u00e9ssel folytat\u00f3dtak a munk\u00e1k a ny\u00edl\u00e1sz\u00e1r\u00f3k, padok, olt\u00e1rok m\u00e1zol\u00e1s\u00e1val. V\u00e9g\u00fcl mindek\u00f6zben siker\u00fclt a harangok villamos hib\u00e1j\u00e1t is kijav\u00edtani. \u00dajratekercselt\u00e9k a harangok tekercseit \u00e9s korszer\u0171s\u00edtett\u00e9k a vezet\u00e9keket, valamint a kapcsol\u00f3t\u00e1bl\u00e1t. Az itt lak\u00f3k nagy \u00f6r\u00f6m\u00e9re vas\u00e1rnap v\u00e9gre, a mostani szentmis\u00e9re h\u00edvva megsz\u00f3laltak a sok\u00e1ig n\u00e9ma harangok.<\/p>\n\n\n\n<figure class=\"wp-block-gallery columns-3 is-cropped wp-block-gallery-2 is-layout-flex wp-block-gallery-is-layout-flex\"><ul class=\"blocks-gallery-grid\"><li class=\"blocks-gallery-item\"><figure><img loading=\"lazy\" decoding=\"async\" width=\"1024\" height=\"683\" src=\"https:\/\/marcali.plebania.hu\/wp-content\/uploads\/2020\/10\/08-1024x683.jpg\" alt=\"\" data-id=\"2186\" data-link=\"https:\/\/marcali.plebania.hu\/?attachment_id=2186\" class=\"wp-image-2186\" srcset=\"https:\/\/marcali.plebania.hu\/wp-content\/uploads\/2020\/10\/08-1024x683.jpg 1024w, https:\/\/marcali.plebania.hu\/wp-content\/uploads\/2020\/10\/08-300x200.jpg 300w, https:\/\/marcali.plebania.hu\/wp-content\/uploads\/2020\/10\/08-768x512.jpg 768w, https:\/\/marcali.plebania.hu\/wp-content\/uploads\/2020\/10\/08-1536x1024.jpg 1536w, https:\/\/marcali.plebania.hu\/wp-content\/uploads\/2020\/10\/08-2048x1365.jpg 2048w, https:\/\/marcali.plebania.hu\/wp-content\/uploads\/2020\/10\/08-405x270.jpg 405w\" sizes=\"auto, (max-width: 1024px) 100vw, 1024px\" \/><\/figure><\/li><li class=\"blocks-gallery-item\"><figure><img loading=\"lazy\" decoding=\"async\" width=\"1024\" height=\"683\" src=\"https:\/\/marcali.plebania.hu\/wp-content\/uploads\/2020\/10\/11-1024x683.jpg\" alt=\"\" data-id=\"2187\" data-link=\"https:\/\/marcali.plebania.hu\/?attachment_id=2187\" class=\"wp-image-2187\" srcset=\"https:\/\/marcali.plebania.hu\/wp-content\/uploads\/2020\/10\/11-1024x683.jpg 1024w, https:\/\/marcali.plebania.hu\/wp-content\/uploads\/2020\/10\/11-300x200.jpg 300w, https:\/\/marcali.plebania.hu\/wp-content\/uploads\/2020\/10\/11-768x512.jpg 768w, https:\/\/marcali.plebania.hu\/wp-content\/uploads\/2020\/10\/11-1536x1024.jpg 1536w, https:\/\/marcali.plebania.hu\/wp-content\/uploads\/2020\/10\/11-2048x1365.jpg 2048w, https:\/\/marcali.plebania.hu\/wp-content\/uploads\/2020\/10\/11-405x270.jpg 405w\" sizes=\"auto, (max-width: 1024px) 100vw, 1024px\" \/><\/figure><\/li><li class=\"blocks-gallery-item\"><figure><img loading=\"lazy\" decoding=\"async\" width=\"1024\" height=\"683\" src=\"https:\/\/marcali.plebania.hu\/wp-content\/uploads\/2020\/10\/22-1024x683.jpg\" alt=\"\" data-id=\"2191\" data-link=\"https:\/\/marcali.plebania.hu\/?attachment_id=2191\" class=\"wp-image-2191\" srcset=\"https:\/\/marcali.plebania.hu\/wp-content\/uploads\/2020\/10\/22-1024x683.jpg 1024w, https:\/\/marcali.plebania.hu\/wp-content\/uploads\/2020\/10\/22-300x200.jpg 300w, https:\/\/marcali.plebania.hu\/wp-content\/uploads\/2020\/10\/22-768x512.jpg 768w, https:\/\/marcali.plebania.hu\/wp-content\/uploads\/2020\/10\/22-1536x1024.jpg 1536w, https:\/\/marcali.plebania.hu\/wp-content\/uploads\/2020\/10\/22-2048x1365.jpg 2048w, https:\/\/marcali.plebania.hu\/wp-content\/uploads\/2020\/10\/22-405x270.jpg 405w\" sizes=\"auto, (max-width: 1024px) 100vw, 1024px\" \/><\/figure><\/li><li class=\"blocks-gallery-item\"><figure><img loading=\"lazy\" decoding=\"async\" width=\"1024\" height=\"683\" src=\"https:\/\/marcali.plebania.hu\/wp-content\/uploads\/2020\/10\/16-1-1024x683.jpg\" alt=\"\" data-id=\"2192\" data-full-url=\"https:\/\/marcali.plebania.hu\/wp-content\/uploads\/2020\/10\/16-1-scaled.jpg\" data-link=\"https:\/\/marcali.plebania.hu\/?attachment_id=2192\" class=\"wp-image-2192\" srcset=\"https:\/\/marcali.plebania.hu\/wp-content\/uploads\/2020\/10\/16-1-1024x683.jpg 1024w, https:\/\/marcali.plebania.hu\/wp-content\/uploads\/2020\/10\/16-1-300x200.jpg 300w, https:\/\/marcali.plebania.hu\/wp-content\/uploads\/2020\/10\/16-1-768x512.jpg 768w, https:\/\/marcali.plebania.hu\/wp-content\/uploads\/2020\/10\/16-1-1536x1024.jpg 1536w, https:\/\/marcali.plebania.hu\/wp-content\/uploads\/2020\/10\/16-1-2048x1365.jpg 2048w, https:\/\/marcali.plebania.hu\/wp-content\/uploads\/2020\/10\/16-1-405x270.jpg 405w\" sizes=\"auto, (max-width: 1024px) 100vw, 1024px\" \/><\/figure><\/li><\/ul><\/figure>\n\n\n\n<p>Iv\u00e1n atya elmondta, hogy a bels\u0151 munk\u00e1latok v\u00e9gre befejez\u0151dtek, de az id\u00e9n m\u00e9g a torony k\u00fcls\u0151 rekonstrukci\u00f3j\u00e1t is szeretn\u00e9k befejezni. A teljes k\u00fcls\u0151 fel\u00faj\u00edt\u00e1sra azonban m\u00e9g v\u00e1rni kell, melyhez \u00fajabb p\u00e1ly\u00e1zatok sz\u00fcks\u00e9gesek, s majd azut\u00e1n a tervek szerint lesz \u2013 a munk\u00e1kban r\u00e9sztvev\u0151k megh\u00edv\u00e1s\u00e1val \u2013 az \u00fcnnepi meg\u00e1ld\u00e1s \u00e9s \u00e1tad\u00e1s.<\/p>\n\n\n\n<figure class=\"wp-block-gallery columns-1 is-cropped wp-block-gallery-3 is-layout-flex wp-block-gallery-is-layout-flex\"><ul class=\"blocks-gallery-grid\"><li class=\"blocks-gallery-item\"><figure><img loading=\"lazy\" decoding=\"async\" width=\"1024\" height=\"683\" src=\"https:\/\/marcali.plebania.hu\/wp-content\/uploads\/2020\/10\/01-1024x683.jpg\" alt=\"\" data-id=\"2190\" data-full-url=\"https:\/\/marcali.plebania.hu\/wp-content\/uploads\/2020\/10\/01-scaled.jpg\" data-link=\"https:\/\/marcali.plebania.hu\/?attachment_id=2190\" class=\"wp-image-2190\" srcset=\"https:\/\/marcali.plebania.hu\/wp-content\/uploads\/2020\/10\/01-1024x683.jpg 1024w, https:\/\/marcali.plebania.hu\/wp-content\/uploads\/2020\/10\/01-300x200.jpg 300w, https:\/\/marcali.plebania.hu\/wp-content\/uploads\/2020\/10\/01-768x512.jpg 768w, https:\/\/marcali.plebania.hu\/wp-content\/uploads\/2020\/10\/01-1536x1024.jpg 1536w, https:\/\/marcali.plebania.hu\/wp-content\/uploads\/2020\/10\/01-2048x1365.jpg 2048w, https:\/\/marcali.plebania.hu\/wp-content\/uploads\/2020\/10\/01-405x270.jpg 405w\" sizes=\"auto, (max-width: 1024px) 100vw, 1024px\" \/><\/figure><\/li><\/ul><\/figure>\n\n\n\n<p>A Marcali-gombai Antiochiai Szent Margit r\u00f3mai katolikus templom fel\u00faj\u00edt\u00e1si munk\u00e1it t\u00e1mogatja a Nemzeti Egy\u00fcttm\u0171k\u00f6d\u00e9si Alap, a Bethlen G\u00e1bor Alapkezel\u0151 \u00e9s a Minisztereln\u00f6ks\u00e9g. K\u00f6sz\u00f6nj\u00fck a t\u00e1mogat\u00e1st!<\/p>\n\n\n\n<figure class=\"wp-block-image size-large\"><img loading=\"lazy\" decoding=\"async\" width=\"1024\" height=\"160\" src=\"https:\/\/marcali.plebania.hu\/wp-content\/uploads\/2021\/01\/logo_mind-1-1024x160.jpg\" alt=\"\" class=\"wp-image-2420\" srcset=\"https:\/\/marcali.plebania.hu\/wp-content\/uploads\/2021\/01\/logo_mind-1-1024x160.jpg 1024w, https:\/\/marcali.plebania.hu\/wp-content\/uploads\/2021\/01\/logo_mind-1-300x47.jpg 300w, https:\/\/marcali.plebania.hu\/wp-content\/uploads\/2021\/01\/logo_mind-1-768x120.jpg 768w, https:\/\/marcali.plebania.hu\/wp-content\/uploads\/2021\/01\/logo_mind-1-1536x241.jpg 1536w, https:\/\/marcali.plebania.hu\/wp-content\/uploads\/2021\/01\/logo_mind-1-604x95.jpg 604w, https:\/\/marcali.plebania.hu\/wp-content\/uploads\/2021\/01\/logo_mind-1.jpg 1577w\" sizes=\"auto, (max-width: 1024px) 100vw, 1024px\" \/><\/figure>\n","protected":false},"excerpt":{"rendered":"<p>2020. okt\u00f3ber 4-\u00e9n, vas\u00e1rnap 11 \u00f3rakor \u2013 hossz\u00fa id\u0151 ut\u00e1n \u2013 ism\u00e9t istentiszteletre j\u00f6hettek \u00f6ssze a gombai h\u00edvek az Antiochiai Szent Margit templomba, hogy h\u00e1l\u00e1t adjanak Istennek a sz\u00e9pen elk\u00e9sz\u00fclt bels\u0151 fel\u00faj\u00edt\u00e1st k\u00f6vet\u0151en. A szentmis\u00e9t ez\u00fattal is Kiss Iv\u00e1n c. pr\u00e9post, esperes-pl\u00e9b\u00e1nos mutatta be. A bels\u0151 rekonstrukci\u00f3 a Bethlen G\u00e1bor Alapkezel\u0151 EGYH-EOR-19-0434 azonos\u00edt\u00f3 sz\u00e1m\u00fa p\u00e1ly\u00e1zat\u00e1b\u00f3l, Marcali V\u00e1ros \u00d6nkorm\u00e1nyzat\u00e1nak t\u00e1mogat\u00e1s\u00e1b\u00f3l, valamint a h\u00edvek adom\u00e1ny\u00e1b\u00f3l val\u00f3sult meg. Mivel a k\u00f6z\u00e9pkori eredet\u0171 \u00e9p\u00fclet m\u0171eml\u00e9k, ez\u00e9rt els\u0151k\u00e9nt sz\u00fcks\u00e9g volt a m\u0171eml\u00e9ki tudom\u00e1nyos dokument\u00e1ci\u00f3 elk\u00e9sz\u00edt\u00e9s\u00e9re,&#8230;<\/p>\n<p class=\"read-more\"><a class=\"btn btn-default\" href=\"https:\/\/marcali.plebania.hu\/?p=2181\"> Read More<span class=\"screen-reader-text\">  Read More<\/span><\/a><\/p>\n","protected":false},"author":2,"featured_media":0,"comment_status":"closed","ping_status":"open","sticky":false,"template":"","format":"standard","meta":{"footnotes":""},"categories":[1],"tags":[],"class_list":["post-2181","post","type-post","status-publish","format-standard","hentry","category-egyeb"],"_links":{"self":[{"href":"https:\/\/marcali.plebania.hu\/index.php?rest_route=\/wp\/v2\/posts\/2181","targetHints":{"allow":["GET"]}}],"collection":[{"href":"https:\/\/marcali.plebania.hu\/index.php?rest_route=\/wp\/v2\/posts"}],"about":[{"href":"https:\/\/marcali.plebania.hu\/index.php?rest_route=\/wp\/v2\/types\/post"}],"author":[{"embeddable":true,"href":"https:\/\/marcali.plebania.hu\/index.php?rest_route=\/wp\/v2\/users\/2"}],"replies":[{"embeddable":true,"href":"https:\/\/marcali.plebania.hu\/index.php?rest_route=%2Fwp%2Fv2%2Fcomments&post=2181"}],"version-history":[{"count":2,"href":"https:\/\/marcali.plebania.hu\/index.php?rest_route=\/wp\/v2\/posts\/2181\/revisions"}],"predecessor-version":[{"id":2421,"href":"https:\/\/marcali.plebania.hu\/index.php?rest_route=\/wp\/v2\/posts\/2181\/revisions\/2421"}],"wp:attachment":[{"href":"https:\/\/marcali.plebania.hu\/index.php?rest_route=%2Fwp%2Fv2%2Fmedia&parent=2181"}],"wp:term":[{"taxonomy":"category","embeddable":true,"href":"https:\/\/marcali.plebania.hu\/index.php?rest_route=%2Fwp%2Fv2%2Fcategories&post=2181"},{"taxonomy":"post_tag","embeddable":true,"href":"https:\/\/marcali.plebania.hu\/index.php?rest_route=%2Fwp%2Fv2%2Ftags&post=2181"}],"curies":[{"name":"wp","href":"https:\/\/api.w.org\/{rel}","templated":true}]}}