{"id":2194,"date":"2020-10-09T08:05:33","date_gmt":"2020-10-09T08:05:33","guid":{"rendered":"https:\/\/marcali.plebania.hu\/?p=2194"},"modified":"2020-10-09T08:05:33","modified_gmt":"2020-10-09T08:05:33","slug":"hirdetesek-2020-10-11","status":"publish","type":"post","link":"https:\/\/marcali.plebania.hu\/?p=2194","title":{"rendered":"Hirdet\u00e9sek, 2020. 10. 11."},"content":{"rendered":"\n<ol class=\"wp-block-list\"><li>Ma\nvan az \u00e9vk\u00f6zi 28. vas\u00e1rnap.<\/li><li>A\nh\u00e9ten keddt\u0151l kezdve minden este 17.30-t\u00f3l r\u00f3zsaf\u00fcz\u00e9r im\u00e1ds\u00e1g a\npl\u00e9b\u00e1niatemplomban. Az im\u00e1t a k\u00f6z\u00f6ss\u00e9gek vezetik a hirdet\u0151t\u00e1bl\u00e1n kif\u00fcggesztett\nrend szerint.<\/li><li>Kedden,\nokt\u00f3ber 13-\u00e1n 17 \u00f3rakor fatimai ima\u00f3ra, melynek keret\u00e9ben elim\u00e1dkozzuk a\nr\u00f3zsaf\u00fcz\u00e9rt is.<\/li><li>P\u00e9nteken\n14 \u00f3rakor a pl\u00e9b\u00e1niatemplomban lesz az els\u0151\u00e1ldoz\u00e1s f\u0151pr\u00f3b\u00e1ja.<\/li><li>J\u00f6v\u0151\nvas\u00e1rnap 10 \u00f3rakor lesz templomunkban az els\u0151\u00e1ldoz\u00e1s. Erre a szentmis\u00e9re csak a\nk\u00f6zvetlen hozz\u00e1tartoz\u00f3k j\u00f6hetnek: sz\u00fcl\u0151k, testv\u00e9r, esetleg nagysz\u00fcl\u0151\n(csal\u00e1donk\u00e9nt 8 f\u0151). A h\u00edveknek rendelkez\u00e9s\u00e9re \u00e1ll szombaton, a vas\u00e1rnap\nel\u0151esti szentmise 18 \u00f3rakor, vas\u00e1rnap 9 \u00f3rakor igeliturgia \u00e9s este 18 \u00f3rakor a\nB. Gizella templomban. Nyomat\u00e9kosan felh\u00edvjuk a figyelmet a j\u00e1rv\u00e1ny\u00fcgyi\nrendelkez\u00e9sekre a bej\u00f6vetelkor a k\u00e9zfert\u0151tlen\u00edt\u00e9sre, maszk haszn\u00e1lata k\u00f6telez\u0151,\n\u00e9s betegen senki ne j\u00f6jj\u00f6n a templomba. Mivel ezen a vas\u00e1rnapon t\u00f6bb\nkeresztel\u00e9s is lesz, k\u00e9rem, hogy csak a k\u00f6zvetlen csal\u00e1dtagok j\u00f6jjenek a\nkeresztel\u0151re, itt is a maszk haszn\u00e1lata k\u00f6telez\u0151. Az els\u0151\u00e1ldoz\u00f3 gyermekeknek\n9.40-kor kell gy\u00fclekezni a pl\u00e9b\u00e1nia udvar\u00e1n.<\/li><\/ol>\n","protected":false},"excerpt":{"rendered":"<p>Ma van az \u00e9vk\u00f6zi 28. vas\u00e1rnap. A h\u00e9ten keddt\u0151l kezdve minden este 17.30-t\u00f3l r\u00f3zsaf\u00fcz\u00e9r im\u00e1ds\u00e1g a pl\u00e9b\u00e1niatemplomban. Az im\u00e1t a k\u00f6z\u00f6ss\u00e9gek vezetik a hirdet\u0151t\u00e1bl\u00e1n kif\u00fcggesztett rend szerint. Kedden, okt\u00f3ber 13-\u00e1n 17 \u00f3rakor fatimai ima\u00f3ra, melynek keret\u00e9ben elim\u00e1dkozzuk a r\u00f3zsaf\u00fcz\u00e9rt is. P\u00e9nteken 14 \u00f3rakor a pl\u00e9b\u00e1niatemplomban lesz az els\u0151\u00e1ldoz\u00e1s f\u0151pr\u00f3b\u00e1ja. J\u00f6v\u0151 vas\u00e1rnap 10 \u00f3rakor lesz templomunkban az els\u0151\u00e1ldoz\u00e1s. Erre a szentmis\u00e9re csak a k\u00f6zvetlen hozz\u00e1tartoz\u00f3k j\u00f6hetnek: sz\u00fcl\u0151k, testv\u00e9r, esetleg nagysz\u00fcl\u0151 (csal\u00e1donk\u00e9nt 8 f\u0151). A h\u00edveknek rendelkez\u00e9s\u00e9re \u00e1ll szombaton, a vas\u00e1rnap el\u0151esti&#8230;<\/p>\n<p class=\"read-more\"><a class=\"btn btn-default\" href=\"https:\/\/marcali.plebania.hu\/?p=2194\"> Read More<span class=\"screen-reader-text\">  Read More<\/span><\/a><\/p>\n","protected":false},"author":2,"featured_media":0,"comment_status":"closed","ping_status":"open","sticky":false,"template":"","format":"standard","meta":{"footnotes":""},"categories":[1],"tags":[],"class_list":["post-2194","post","type-post","status-publish","format-standard","hentry","category-egyeb"],"_links":{"self":[{"href":"https:\/\/marcali.plebania.hu\/index.php?rest_route=\/wp\/v2\/posts\/2194","targetHints":{"allow":["GET"]}}],"collection":[{"href":"https:\/\/marcali.plebania.hu\/index.php?rest_route=\/wp\/v2\/posts"}],"about":[{"href":"https:\/\/marcali.plebania.hu\/index.php?rest_route=\/wp\/v2\/types\/post"}],"author":[{"embeddable":true,"href":"https:\/\/marcali.plebania.hu\/index.php?rest_route=\/wp\/v2\/users\/2"}],"replies":[{"embeddable":true,"href":"https:\/\/marcali.plebania.hu\/index.php?rest_route=%2Fwp%2Fv2%2Fcomments&post=2194"}],"version-history":[{"count":1,"href":"https:\/\/marcali.plebania.hu\/index.php?rest_route=\/wp\/v2\/posts\/2194\/revisions"}],"predecessor-version":[{"id":2195,"href":"https:\/\/marcali.plebania.hu\/index.php?rest_route=\/wp\/v2\/posts\/2194\/revisions\/2195"}],"wp:attachment":[{"href":"https:\/\/marcali.plebania.hu\/index.php?rest_route=%2Fwp%2Fv2%2Fmedia&parent=2194"}],"wp:term":[{"taxonomy":"category","embeddable":true,"href":"https:\/\/marcali.plebania.hu\/index.php?rest_route=%2Fwp%2Fv2%2Fcategories&post=2194"},{"taxonomy":"post_tag","embeddable":true,"href":"https:\/\/marcali.plebania.hu\/index.php?rest_route=%2Fwp%2Fv2%2Ftags&post=2194"}],"curies":[{"name":"wp","href":"https:\/\/api.w.org\/{rel}","templated":true}]}}