{"id":2197,"date":"2020-10-15T07:42:42","date_gmt":"2020-10-15T07:42:42","guid":{"rendered":"https:\/\/marcali.plebania.hu\/?p=2197"},"modified":"2020-10-15T07:42:42","modified_gmt":"2020-10-15T07:42:42","slug":"a-marcali-plebania-jarvanyugyi-rendelkezesei-az-elsoaldozasra-es-keresztelokre","status":"publish","type":"post","link":"https:\/\/marcali.plebania.hu\/?p=2197","title":{"rendered":"A Marcali pl\u00e9b\u00e1nia j\u00e1rv\u00e1ny\u00fcgyi rendelkez\u00e9sei az els\u0151\u00e1ldoz\u00e1sra \u00e9s keresztel\u0151kre"},"content":{"rendered":"\n<figure class=\"wp-block-image size-large\"><img loading=\"lazy\" decoding=\"async\" width=\"960\" height=\"720\" src=\"https:\/\/marcali.plebania.hu\/wp-content\/uploads\/2020\/10\/J\u00e1rv\u00e1ny\u00fcgyi-int\u00e9zked\u00e9sek-els\u0151\u00e1ldoz\u00e1sra.jpg\" alt=\"\" class=\"wp-image-2198\" srcset=\"https:\/\/marcali.plebania.hu\/wp-content\/uploads\/2020\/10\/J\u00e1rv\u00e1ny\u00fcgyi-int\u00e9zked\u00e9sek-els\u0151\u00e1ldoz\u00e1sra.jpg 960w, https:\/\/marcali.plebania.hu\/wp-content\/uploads\/2020\/10\/J\u00e1rv\u00e1ny\u00fcgyi-int\u00e9zked\u00e9sek-els\u0151\u00e1ldoz\u00e1sra-300x225.jpg 300w, https:\/\/marcali.plebania.hu\/wp-content\/uploads\/2020\/10\/J\u00e1rv\u00e1ny\u00fcgyi-int\u00e9zked\u00e9sek-els\u0151\u00e1ldoz\u00e1sra-768x576.jpg 768w, https:\/\/marcali.plebania.hu\/wp-content\/uploads\/2020\/10\/J\u00e1rv\u00e1ny\u00fcgyi-int\u00e9zked\u00e9sek-els\u0151\u00e1ldoz\u00e1sra-360x270.jpg 360w\" sizes=\"auto, (max-width: 960px) 100vw, 960px\" \/><\/figure>\n","protected":false},"excerpt":{"rendered":"","protected":false},"author":2,"featured_media":0,"comment_status":"closed","ping_status":"open","sticky":false,"template":"","format":"standard","meta":{"footnotes":""},"categories":[1],"tags":[],"class_list":["post-2197","post","type-post","status-publish","format-standard","hentry","category-egyeb"],"_links":{"self":[{"href":"https:\/\/marcali.plebania.hu\/index.php?rest_route=\/wp\/v2\/posts\/2197","targetHints":{"allow":["GET"]}}],"collection":[{"href":"https:\/\/marcali.plebania.hu\/index.php?rest_route=\/wp\/v2\/posts"}],"about":[{"href":"https:\/\/marcali.plebania.hu\/index.php?rest_route=\/wp\/v2\/types\/post"}],"author":[{"embeddable":true,"href":"https:\/\/marcali.plebania.hu\/index.php?rest_route=\/wp\/v2\/users\/2"}],"replies":[{"embeddable":true,"href":"https:\/\/marcali.plebania.hu\/index.php?rest_route=%2Fwp%2Fv2%2Fcomments&post=2197"}],"version-history":[{"count":1,"href":"https:\/\/marcali.plebania.hu\/index.php?rest_route=\/wp\/v2\/posts\/2197\/revisions"}],"predecessor-version":[{"id":2199,"href":"https:\/\/marcali.plebania.hu\/index.php?rest_route=\/wp\/v2\/posts\/2197\/revisions\/2199"}],"wp:attachment":[{"href":"https:\/\/marcali.plebania.hu\/index.php?rest_route=%2Fwp%2Fv2%2Fmedia&parent=2197"}],"wp:term":[{"taxonomy":"category","embeddable":true,"href":"https:\/\/marcali.plebania.hu\/index.php?rest_route=%2Fwp%2Fv2%2Fcategories&post=2197"},{"taxonomy":"post_tag","embeddable":true,"href":"https:\/\/marcali.plebania.hu\/index.php?rest_route=%2Fwp%2Fv2%2Ftags&post=2197"}],"curies":[{"name":"wp","href":"https:\/\/api.w.org\/{rel}","templated":true}]}}