{"id":2200,"date":"2020-10-16T07:27:58","date_gmt":"2020-10-16T07:27:58","guid":{"rendered":"https:\/\/marcali.plebania.hu\/?p=2200"},"modified":"2020-10-16T07:27:58","modified_gmt":"2020-10-16T07:27:58","slug":"hirdetesek-2020-10-18","status":"publish","type":"post","link":"https:\/\/marcali.plebania.hu\/?p=2200","title":{"rendered":"Hirdet\u00e9sek, 2020. 10. 18."},"content":{"rendered":"\n<ol class=\"wp-block-list\"><li>Ma van az \u00e9vk\u00f6zi 29. vas\u00e1rnap. A perselyp\u00e9nz a misszi\u00f3k jav\u00e1t szolg\u00e1lja.<\/li><li>A j\u00f6v\u0151 h\u00e9ten keddt\u0151l kezdve 17.30-kor r\u00f3zsaf\u00fcz\u00e9r, 18 \u00f3rakor szentmise a pl\u00e9b\u00e1niatemplomban.<\/li><li>P\u00e9nteken a v\u00e1rosi \u00fcnneps\u00e9g miatt a r\u00f3zsaf\u00fcz\u00e9r 16 \u00f3rakor, a szentmise 16.30-kor lesz.<\/li><li>A Marcali pl\u00e9b\u00e1nia j\u00e1rv\u00e1ny\u00fcgyi rendelkez\u00e9sei az els\u0151\u00e1ldoz\u00e1sra \u00e9s keresztel\u0151kre: <\/li><li>A templomba csak v\u00e9d\u0151maszkban lehet bej\u00f6nni<\/li><li>Bel\u00e9p\u00e9skor \u00e9rint\u00e9smentes digit\u00e1lis infra h\u0151m\u00e9r\u0151vel l\u00e1zm\u00e9r\u00e9s \u00e9s k\u00f6telez\u0151 k\u00e9zfert\u0151tlen\u00edt\u00e9s az automat\u00e1b\u00f3l<\/li><li>A v\u00e9d\u0151maszkot csak k\u00e9zben val\u00f3 \u00e1ldoz\u00e1skor lehet levenni<\/li><li>A szentmis\u00e9ken \u00e9s a szertart\u00e1sokon k\u00e9zfog\u00e1s nincsen \u00e9s teny\u00e9rbe \u00e1ldozunk<\/li><li>A fenti int\u00e9zked\u00e9sek mostant\u00f3l a vas\u00e1rnapi szentmis\u00e9re, a keresztel\u0151kre, \u00e9s a h\u00e9tk\u00f6znapi temet\u00e9si mis\u00e9kre is vonatkoznak<\/li><li>A templomba csak a f\u0151bej\u00e1raton lehet bel\u00e9pni, a m\u00e9r\u00e9sek \u00e9s a fert\u0151tlen\u00edt\u00e9s elv\u00e9gz\u00e9se ut\u00e1n.<\/li><li>A pl\u00e9b\u00e1niatemplom el\u0151tti t\u00e9rre Szent II. J\u00e1nos P\u00e1l p\u00e1p\u00e1t \u00e1br\u00e1zol\u00f3 szobor k\u00e9sz\u00fcl, melyre k\u00f6zadakoz\u00e1st hirdett\u00fcnk. P\u00e1ly\u00e1zatot hirdett\u00fcnk ki a szobor elk\u00e9sz\u00edt\u00e9s\u00e9re, melyre k\u00e9t p\u00e1ly\u00e1zat \u00e9rkezett: Sz\u00f3r\u00e1di Zsigmond \u00e9s Leb\u00f3 Ferenc szobr\u00e1szm\u0171v\u00e9szekt\u0151l. Jelenleg v\u00e1rjuk a szobr\u00e1szm\u0171v\u00e9szek k\u00f6lts\u00e9gvet\u00e9seit \u00e9s ut\u00e1na fogunk d\u00f6nteni, hogy melyik szobor val\u00f3sul meg.<\/li><\/ol>\n","protected":false},"excerpt":{"rendered":"<p>Ma van az \u00e9vk\u00f6zi 29. vas\u00e1rnap. A perselyp\u00e9nz a misszi\u00f3k jav\u00e1t szolg\u00e1lja. A j\u00f6v\u0151 h\u00e9ten keddt\u0151l kezdve 17.30-kor r\u00f3zsaf\u00fcz\u00e9r, 18 \u00f3rakor szentmise a pl\u00e9b\u00e1niatemplomban. P\u00e9nteken a v\u00e1rosi \u00fcnneps\u00e9g miatt a r\u00f3zsaf\u00fcz\u00e9r 16 \u00f3rakor, a szentmise 16.30-kor lesz. A Marcali pl\u00e9b\u00e1nia j\u00e1rv\u00e1ny\u00fcgyi rendelkez\u00e9sei az els\u0151\u00e1ldoz\u00e1sra \u00e9s keresztel\u0151kre: A templomba csak v\u00e9d\u0151maszkban lehet bej\u00f6nni Bel\u00e9p\u00e9skor \u00e9rint\u00e9smentes digit\u00e1lis infra h\u0151m\u00e9r\u0151vel l\u00e1zm\u00e9r\u00e9s \u00e9s k\u00f6telez\u0151 k\u00e9zfert\u0151tlen\u00edt\u00e9s az automat\u00e1b\u00f3l A v\u00e9d\u0151maszkot csak k\u00e9zben val\u00f3 \u00e1ldoz\u00e1skor lehet levenni A szentmis\u00e9ken \u00e9s a szertart\u00e1sokon k\u00e9zfog\u00e1s nincsen \u00e9s teny\u00e9rbe&#8230;<\/p>\n<p class=\"read-more\"><a class=\"btn btn-default\" href=\"https:\/\/marcali.plebania.hu\/?p=2200\"> Read More<span class=\"screen-reader-text\">  Read More<\/span><\/a><\/p>\n","protected":false},"author":2,"featured_media":0,"comment_status":"closed","ping_status":"open","sticky":false,"template":"","format":"standard","meta":{"footnotes":""},"categories":[1],"tags":[],"class_list":["post-2200","post","type-post","status-publish","format-standard","hentry","category-egyeb"],"_links":{"self":[{"href":"https:\/\/marcali.plebania.hu\/index.php?rest_route=\/wp\/v2\/posts\/2200","targetHints":{"allow":["GET"]}}],"collection":[{"href":"https:\/\/marcali.plebania.hu\/index.php?rest_route=\/wp\/v2\/posts"}],"about":[{"href":"https:\/\/marcali.plebania.hu\/index.php?rest_route=\/wp\/v2\/types\/post"}],"author":[{"embeddable":true,"href":"https:\/\/marcali.plebania.hu\/index.php?rest_route=\/wp\/v2\/users\/2"}],"replies":[{"embeddable":true,"href":"https:\/\/marcali.plebania.hu\/index.php?rest_route=%2Fwp%2Fv2%2Fcomments&post=2200"}],"version-history":[{"count":1,"href":"https:\/\/marcali.plebania.hu\/index.php?rest_route=\/wp\/v2\/posts\/2200\/revisions"}],"predecessor-version":[{"id":2201,"href":"https:\/\/marcali.plebania.hu\/index.php?rest_route=\/wp\/v2\/posts\/2200\/revisions\/2201"}],"wp:attachment":[{"href":"https:\/\/marcali.plebania.hu\/index.php?rest_route=%2Fwp%2Fv2%2Fmedia&parent=2200"}],"wp:term":[{"taxonomy":"category","embeddable":true,"href":"https:\/\/marcali.plebania.hu\/index.php?rest_route=%2Fwp%2Fv2%2Fcategories&post=2200"},{"taxonomy":"post_tag","embeddable":true,"href":"https:\/\/marcali.plebania.hu\/index.php?rest_route=%2Fwp%2Fv2%2Ftags&post=2200"}],"curies":[{"name":"wp","href":"https:\/\/api.w.org\/{rel}","templated":true}]}}