{"id":2202,"date":"2020-10-19T12:53:32","date_gmt":"2020-10-19T12:53:32","guid":{"rendered":"https:\/\/marcali.plebania.hu\/?p=2202"},"modified":"2020-10-19T12:53:32","modified_gmt":"2020-10-19T12:53:32","slug":"megtartottak-a-tavasszal-elhalasztott-elsoaldozast","status":"publish","type":"post","link":"https:\/\/marcali.plebania.hu\/?p=2202","title":{"rendered":"Megtartott\u00e1k a tavasszal elhalasztott els\u0151\u00e1ldoz\u00e1st"},"content":{"rendered":"\n<p>2020. okt\u00f3ber 18-\u00e1n, vas\u00e1rnap 10 \u00f3rakor \u00fcnnepre gy\u0171ltek \u00f6ssze azok a hittanos gyermekek \u00e9s csal\u00e1djaik, hogy v\u00e9gre a tavasszal \u2013 a koronav\u00edrus-j\u00e1rv\u00e1ny akkori int\u00e9zked\u00e9sei miatt \u2013 elhalasztott els\u0151\u00e1ldoz\u00e1s kegyelm\u00e9ben r\u00e9szes\u00fcljenek.<\/p>\n\n\n\n<figure class=\"wp-block-gallery columns-3 is-cropped wp-block-gallery-1 is-layout-flex wp-block-gallery-is-layout-flex\"><ul class=\"blocks-gallery-grid\"><li class=\"blocks-gallery-item\"><figure><img loading=\"lazy\" decoding=\"async\" width=\"1024\" height=\"683\" src=\"https:\/\/marcali.plebania.hu\/wp-content\/uploads\/2020\/10\/01-1-1024x683.jpg\" alt=\"\" data-id=\"2203\" data-link=\"https:\/\/marcali.plebania.hu\/?attachment_id=2203\" class=\"wp-image-2203\" srcset=\"https:\/\/marcali.plebania.hu\/wp-content\/uploads\/2020\/10\/01-1-1024x683.jpg 1024w, https:\/\/marcali.plebania.hu\/wp-content\/uploads\/2020\/10\/01-1-300x200.jpg 300w, https:\/\/marcali.plebania.hu\/wp-content\/uploads\/2020\/10\/01-1-768x512.jpg 768w, https:\/\/marcali.plebania.hu\/wp-content\/uploads\/2020\/10\/01-1-1536x1024.jpg 1536w, https:\/\/marcali.plebania.hu\/wp-content\/uploads\/2020\/10\/01-1-2048x1365.jpg 2048w, https:\/\/marcali.plebania.hu\/wp-content\/uploads\/2020\/10\/01-1-405x270.jpg 405w\" sizes=\"auto, (max-width: 1024px) 100vw, 1024px\" \/><\/figure><\/li><li class=\"blocks-gallery-item\"><figure><img loading=\"lazy\" decoding=\"async\" width=\"1024\" height=\"683\" src=\"https:\/\/marcali.plebania.hu\/wp-content\/uploads\/2020\/10\/03-1-1024x683.jpg\" alt=\"\" data-id=\"2204\" data-link=\"https:\/\/marcali.plebania.hu\/?attachment_id=2204\" class=\"wp-image-2204\" srcset=\"https:\/\/marcali.plebania.hu\/wp-content\/uploads\/2020\/10\/03-1-1024x683.jpg 1024w, https:\/\/marcali.plebania.hu\/wp-content\/uploads\/2020\/10\/03-1-300x200.jpg 300w, https:\/\/marcali.plebania.hu\/wp-content\/uploads\/2020\/10\/03-1-768x512.jpg 768w, https:\/\/marcali.plebania.hu\/wp-content\/uploads\/2020\/10\/03-1-1536x1024.jpg 1536w, https:\/\/marcali.plebania.hu\/wp-content\/uploads\/2020\/10\/03-1-2048x1365.jpg 2048w, https:\/\/marcali.plebania.hu\/wp-content\/uploads\/2020\/10\/03-1-405x270.jpg 405w\" sizes=\"auto, (max-width: 1024px) 100vw, 1024px\" \/><\/figure><\/li><li class=\"blocks-gallery-item\"><figure><img loading=\"lazy\" decoding=\"async\" width=\"1024\" height=\"683\" src=\"https:\/\/marcali.plebania.hu\/wp-content\/uploads\/2020\/10\/04-2-1024x683.jpg\" alt=\"\" data-id=\"2207\" data-link=\"https:\/\/marcali.plebania.hu\/?attachment_id=2207\" class=\"wp-image-2207\" srcset=\"https:\/\/marcali.plebania.hu\/wp-content\/uploads\/2020\/10\/04-2-1024x683.jpg 1024w, https:\/\/marcali.plebania.hu\/wp-content\/uploads\/2020\/10\/04-2-300x200.jpg 300w, https:\/\/marcali.plebania.hu\/wp-content\/uploads\/2020\/10\/04-2-768x512.jpg 768w, https:\/\/marcali.plebania.hu\/wp-content\/uploads\/2020\/10\/04-2-1536x1024.jpg 1536w, https:\/\/marcali.plebania.hu\/wp-content\/uploads\/2020\/10\/04-2-2048x1365.jpg 2048w, https:\/\/marcali.plebania.hu\/wp-content\/uploads\/2020\/10\/04-2-405x270.jpg 405w\" sizes=\"auto, (max-width: 1024px) 100vw, 1024px\" \/><\/figure><\/li><li class=\"blocks-gallery-item\"><figure><img loading=\"lazy\" decoding=\"async\" width=\"1024\" height=\"683\" src=\"https:\/\/marcali.plebania.hu\/wp-content\/uploads\/2020\/10\/02-2-1024x683.jpg\" alt=\"\" data-id=\"2208\" data-full-url=\"https:\/\/marcali.plebania.hu\/wp-content\/uploads\/2020\/10\/02-2-scaled.jpg\" data-link=\"https:\/\/marcali.plebania.hu\/?attachment_id=2208\" class=\"wp-image-2208\" srcset=\"https:\/\/marcali.plebania.hu\/wp-content\/uploads\/2020\/10\/02-2-1024x683.jpg 1024w, https:\/\/marcali.plebania.hu\/wp-content\/uploads\/2020\/10\/02-2-300x200.jpg 300w, https:\/\/marcali.plebania.hu\/wp-content\/uploads\/2020\/10\/02-2-768x512.jpg 768w, https:\/\/marcali.plebania.hu\/wp-content\/uploads\/2020\/10\/02-2-1536x1024.jpg 1536w, https:\/\/marcali.plebania.hu\/wp-content\/uploads\/2020\/10\/02-2-2048x1365.jpg 2048w, https:\/\/marcali.plebania.hu\/wp-content\/uploads\/2020\/10\/02-2-405x270.jpg 405w\" sizes=\"auto, (max-width: 1024px) 100vw, 1024px\" \/><\/figure><\/li><\/ul><\/figure>\n\n\n\n<p>A Gy\u00fcm\u00f6lcsolt\u00f3 Boldogasszony pl\u00e9b\u00e1niatemplomba mindenki csak a jelenleg \u00e9rv\u00e9nyben l\u00e9v\u0151 rendk\u00edv\u00fcli int\u00e9zked\u00e9sek betart\u00e1s\u00e1val l\u00e9phetett be. A bej\u00e1ratn\u00e1l \u00e9rint\u00e9smentes infra h\u0151m\u00e9r\u0151vel el\u0151sz\u00f6r mindenkinek megm\u00e9rt\u00e9k a l\u00e1z\u00e1t, majd a k\u00e9zfert\u0151tlen\u00edt\u00e9st k\u00f6vet\u0151en foglalhattak helyet a k\u00f6zvetlen hozz\u00e1tartoz\u00f3k \u2013 a sz\u00fcl\u0151k, testv\u00e9rek, nagysz\u00fcl\u0151k \u2013 mik\u00f6zben a sz\u00e1jmaszk k\u00f6telez\u0151 haszn\u00e1lat\u00e1t is ellen\u0151rizt\u00e9k a szervez\u0151k.<\/p>\n\n\n\n<figure class=\"wp-block-gallery columns-3 is-cropped wp-block-gallery-2 is-layout-flex wp-block-gallery-is-layout-flex\"><ul class=\"blocks-gallery-grid\"><li class=\"blocks-gallery-item\"><figure><img loading=\"lazy\" decoding=\"async\" width=\"1024\" height=\"683\" src=\"https:\/\/marcali.plebania.hu\/wp-content\/uploads\/2020\/10\/05-1-1024x683.jpg\" alt=\"\" data-id=\"2209\" data-full-url=\"https:\/\/marcali.plebania.hu\/wp-content\/uploads\/2020\/10\/05-1-scaled.jpg\" data-link=\"https:\/\/marcali.plebania.hu\/?attachment_id=2209\" class=\"wp-image-2209\" srcset=\"https:\/\/marcali.plebania.hu\/wp-content\/uploads\/2020\/10\/05-1-1024x683.jpg 1024w, https:\/\/marcali.plebania.hu\/wp-content\/uploads\/2020\/10\/05-1-300x200.jpg 300w, https:\/\/marcali.plebania.hu\/wp-content\/uploads\/2020\/10\/05-1-768x512.jpg 768w, https:\/\/marcali.plebania.hu\/wp-content\/uploads\/2020\/10\/05-1-1536x1024.jpg 1536w, https:\/\/marcali.plebania.hu\/wp-content\/uploads\/2020\/10\/05-1-2048x1365.jpg 2048w, https:\/\/marcali.plebania.hu\/wp-content\/uploads\/2020\/10\/05-1-405x270.jpg 405w\" sizes=\"auto, (max-width: 1024px) 100vw, 1024px\" \/><\/figure><\/li><li class=\"blocks-gallery-item\"><figure><img loading=\"lazy\" decoding=\"async\" width=\"1024\" height=\"683\" src=\"https:\/\/marcali.plebania.hu\/wp-content\/uploads\/2020\/10\/06-1024x683.jpg\" alt=\"\" data-id=\"2210\" data-full-url=\"https:\/\/marcali.plebania.hu\/wp-content\/uploads\/2020\/10\/06-scaled.jpg\" data-link=\"https:\/\/marcali.plebania.hu\/?attachment_id=2210\" class=\"wp-image-2210\" srcset=\"https:\/\/marcali.plebania.hu\/wp-content\/uploads\/2020\/10\/06-1024x683.jpg 1024w, https:\/\/marcali.plebania.hu\/wp-content\/uploads\/2020\/10\/06-300x200.jpg 300w, https:\/\/marcali.plebania.hu\/wp-content\/uploads\/2020\/10\/06-768x512.jpg 768w, https:\/\/marcali.plebania.hu\/wp-content\/uploads\/2020\/10\/06-1536x1024.jpg 1536w, https:\/\/marcali.plebania.hu\/wp-content\/uploads\/2020\/10\/06-2048x1365.jpg 2048w, https:\/\/marcali.plebania.hu\/wp-content\/uploads\/2020\/10\/06-405x270.jpg 405w\" sizes=\"auto, (max-width: 1024px) 100vw, 1024px\" \/><\/figure><\/li><li class=\"blocks-gallery-item\"><figure><img loading=\"lazy\" decoding=\"async\" width=\"1024\" height=\"683\" src=\"https:\/\/marcali.plebania.hu\/wp-content\/uploads\/2020\/10\/07-1024x683.jpg\" alt=\"\" data-id=\"2211\" data-full-url=\"https:\/\/marcali.plebania.hu\/wp-content\/uploads\/2020\/10\/07-scaled.jpg\" data-link=\"https:\/\/marcali.plebania.hu\/?attachment_id=2211\" class=\"wp-image-2211\" srcset=\"https:\/\/marcali.plebania.hu\/wp-content\/uploads\/2020\/10\/07-1024x683.jpg 1024w, https:\/\/marcali.plebania.hu\/wp-content\/uploads\/2020\/10\/07-300x200.jpg 300w, https:\/\/marcali.plebania.hu\/wp-content\/uploads\/2020\/10\/07-768x512.jpg 768w, https:\/\/marcali.plebania.hu\/wp-content\/uploads\/2020\/10\/07-1536x1024.jpg 1536w, https:\/\/marcali.plebania.hu\/wp-content\/uploads\/2020\/10\/07-2048x1365.jpg 2048w, https:\/\/marcali.plebania.hu\/wp-content\/uploads\/2020\/10\/07-405x270.jpg 405w\" sizes=\"auto, (max-width: 1024px) 100vw, 1024px\" \/><\/figure><\/li><li class=\"blocks-gallery-item\"><figure><img loading=\"lazy\" decoding=\"async\" width=\"1024\" height=\"683\" src=\"https:\/\/marcali.plebania.hu\/wp-content\/uploads\/2020\/10\/08-1-1024x683.jpg\" alt=\"\" data-id=\"2212\" data-full-url=\"https:\/\/marcali.plebania.hu\/wp-content\/uploads\/2020\/10\/08-1-scaled.jpg\" data-link=\"https:\/\/marcali.plebania.hu\/?attachment_id=2212\" class=\"wp-image-2212\" srcset=\"https:\/\/marcali.plebania.hu\/wp-content\/uploads\/2020\/10\/08-1-1024x683.jpg 1024w, https:\/\/marcali.plebania.hu\/wp-content\/uploads\/2020\/10\/08-1-300x200.jpg 300w, https:\/\/marcali.plebania.hu\/wp-content\/uploads\/2020\/10\/08-1-768x512.jpg 768w, https:\/\/marcali.plebania.hu\/wp-content\/uploads\/2020\/10\/08-1-1536x1024.jpg 1536w, https:\/\/marcali.plebania.hu\/wp-content\/uploads\/2020\/10\/08-1-2048x1365.jpg 2048w, https:\/\/marcali.plebania.hu\/wp-content\/uploads\/2020\/10\/08-1-405x270.jpg 405w\" sizes=\"auto, (max-width: 1024px) 100vw, 1024px\" \/><\/figure><\/li><\/ul><\/figure>\n\n\n\n<p>Az \u00fcnnepi istentiszteletet Kiss Iv\u00e1n c\u00edmzetes pr\u00e9post, esperes-pl\u00e9b\u00e1nos celebr\u00e1lta, melynek keret\u00e9n bel\u00fcl \u00f6sszesen 30 hittanos gyermeket \u00e1ldoztatott meg. A negyedik oszt\u00e1lyos di\u00e1koknak Iv\u00e1n atya besz\u00e9lt az els\u0151\u00e1ldoz\u00e1s jelent\u0151s\u00e9g\u00e9r\u0151l, Isten szeretet\u00e9r\u0151l, a h\u00e1laad\u00e1s fontoss\u00e1g\u00e1r\u00f3l. Majd megk\u00f6sz\u00f6nte el\u0151sz\u00f6r a sz\u00fcl\u0151knek \u00e9s a nagysz\u00fcl\u0151knek, hogy gyermekeiket \u2013 a rendk\u00edv\u00fcli helyzet ellen\u00e9re \u2013 id\u00e1ig elvezett\u00e9k a hit \u00fatj\u00e1n. Ezut\u00e1n a tan\u00edt\u00f3k \u00e9s hitoktat\u00f3k munk\u00e1j\u00e1t is kiemelte, hogy seg\u00edtett\u00e9k di\u00e1kjaikat ak\u00e1r a tanul\u00e1sban, ak\u00e1r a hitb\u00e9li fejl\u0151d\u00e9sben.<\/p>\n\n\n\n<figure class=\"wp-block-gallery columns-3 is-cropped wp-block-gallery-3 is-layout-flex wp-block-gallery-is-layout-flex\"><ul class=\"blocks-gallery-grid\"><li class=\"blocks-gallery-item\"><figure><img loading=\"lazy\" decoding=\"async\" width=\"1024\" height=\"683\" src=\"https:\/\/marcali.plebania.hu\/wp-content\/uploads\/2020\/10\/09-1024x683.jpg\" alt=\"\" data-id=\"2213\" data-link=\"https:\/\/marcali.plebania.hu\/?attachment_id=2213\" class=\"wp-image-2213\" srcset=\"https:\/\/marcali.plebania.hu\/wp-content\/uploads\/2020\/10\/09-1024x683.jpg 1024w, https:\/\/marcali.plebania.hu\/wp-content\/uploads\/2020\/10\/09-300x200.jpg 300w, https:\/\/marcali.plebania.hu\/wp-content\/uploads\/2020\/10\/09-768x512.jpg 768w, https:\/\/marcali.plebania.hu\/wp-content\/uploads\/2020\/10\/09-1536x1024.jpg 1536w, https:\/\/marcali.plebania.hu\/wp-content\/uploads\/2020\/10\/09-2048x1365.jpg 2048w, https:\/\/marcali.plebania.hu\/wp-content\/uploads\/2020\/10\/09-405x270.jpg 405w\" sizes=\"auto, (max-width: 1024px) 100vw, 1024px\" \/><\/figure><\/li><li class=\"blocks-gallery-item\"><figure><img loading=\"lazy\" decoding=\"async\" width=\"1024\" height=\"683\" src=\"https:\/\/marcali.plebania.hu\/wp-content\/uploads\/2020\/10\/11-1-1024x683.jpg\" alt=\"\" data-id=\"2214\" data-link=\"https:\/\/marcali.plebania.hu\/?attachment_id=2214\" class=\"wp-image-2214\" srcset=\"https:\/\/marcali.plebania.hu\/wp-content\/uploads\/2020\/10\/11-1-1024x683.jpg 1024w, https:\/\/marcali.plebania.hu\/wp-content\/uploads\/2020\/10\/11-1-300x200.jpg 300w, https:\/\/marcali.plebania.hu\/wp-content\/uploads\/2020\/10\/11-1-768x512.jpg 768w, https:\/\/marcali.plebania.hu\/wp-content\/uploads\/2020\/10\/11-1-1536x1024.jpg 1536w, https:\/\/marcali.plebania.hu\/wp-content\/uploads\/2020\/10\/11-1-2048x1365.jpg 2048w, https:\/\/marcali.plebania.hu\/wp-content\/uploads\/2020\/10\/11-1-405x270.jpg 405w\" sizes=\"auto, (max-width: 1024px) 100vw, 1024px\" \/><\/figure><\/li><li class=\"blocks-gallery-item\"><figure><img loading=\"lazy\" decoding=\"async\" width=\"1024\" height=\"683\" src=\"https:\/\/marcali.plebania.hu\/wp-content\/uploads\/2020\/10\/12-1024x683.jpg\" alt=\"\" data-id=\"2215\" data-link=\"https:\/\/marcali.plebania.hu\/?attachment_id=2215\" class=\"wp-image-2215\" srcset=\"https:\/\/marcali.plebania.hu\/wp-content\/uploads\/2020\/10\/12-1024x683.jpg 1024w, https:\/\/marcali.plebania.hu\/wp-content\/uploads\/2020\/10\/12-300x200.jpg 300w, https:\/\/marcali.plebania.hu\/wp-content\/uploads\/2020\/10\/12-768x512.jpg 768w, https:\/\/marcali.plebania.hu\/wp-content\/uploads\/2020\/10\/12-1536x1024.jpg 1536w, https:\/\/marcali.plebania.hu\/wp-content\/uploads\/2020\/10\/12-2048x1365.jpg 2048w, https:\/\/marcali.plebania.hu\/wp-content\/uploads\/2020\/10\/12-405x270.jpg 405w\" sizes=\"auto, (max-width: 1024px) 100vw, 1024px\" \/><\/figure><\/li><li class=\"blocks-gallery-item\"><figure><img loading=\"lazy\" decoding=\"async\" width=\"1024\" height=\"683\" src=\"https:\/\/marcali.plebania.hu\/wp-content\/uploads\/2020\/10\/10-1024x683.jpg\" alt=\"\" data-id=\"2216\" data-full-url=\"https:\/\/marcali.plebania.hu\/wp-content\/uploads\/2020\/10\/10-scaled.jpg\" data-link=\"https:\/\/marcali.plebania.hu\/?attachment_id=2216\" class=\"wp-image-2216\" srcset=\"https:\/\/marcali.plebania.hu\/wp-content\/uploads\/2020\/10\/10-1024x683.jpg 1024w, https:\/\/marcali.plebania.hu\/wp-content\/uploads\/2020\/10\/10-300x200.jpg 300w, https:\/\/marcali.plebania.hu\/wp-content\/uploads\/2020\/10\/10-768x512.jpg 768w, https:\/\/marcali.plebania.hu\/wp-content\/uploads\/2020\/10\/10-1536x1024.jpg 1536w, https:\/\/marcali.plebania.hu\/wp-content\/uploads\/2020\/10\/10-2048x1365.jpg 2048w, https:\/\/marcali.plebania.hu\/wp-content\/uploads\/2020\/10\/10-405x270.jpg 405w\" sizes=\"auto, (max-width: 1024px) 100vw, 1024px\" \/><\/figure><\/li><\/ul><\/figure>\n\n\n\n<p>A szentmise v\u00e9g\u00e9n meg\u00e1ldott\u00e1k az els\u0151\u00e1ldoz\u00f3k hitoktat\u00f3it \u00e9s a jelenl\u00e9v\u0151 pedag\u00f3gusokat is, akik elj\u00f6ttek erre a sz\u00e9p \u00fcnnepre. Az istentiszteleten Kozma Kriszti\u00e1n Kazinczy-d\u00edjas versmond\u00f3, Balogh B\u00e1lint k\u00e1ntor \u00e9s a F\u00e9ny Gyermekei Zenekar m\u0171k\u00f6d\u00f6tt k\u00f6zre.<\/p>\n\n\n\n<figure class=\"wp-block-gallery columns-3 is-cropped wp-block-gallery-4 is-layout-flex wp-block-gallery-is-layout-flex\"><ul class=\"blocks-gallery-grid\"><li class=\"blocks-gallery-item\"><figure><img loading=\"lazy\" decoding=\"async\" width=\"1024\" height=\"683\" src=\"https:\/\/marcali.plebania.hu\/wp-content\/uploads\/2020\/10\/14-1024x683.jpg\" alt=\"\" data-id=\"2217\" data-link=\"https:\/\/marcali.plebania.hu\/?attachment_id=2217\" class=\"wp-image-2217\" srcset=\"https:\/\/marcali.plebania.hu\/wp-content\/uploads\/2020\/10\/14-1024x683.jpg 1024w, https:\/\/marcali.plebania.hu\/wp-content\/uploads\/2020\/10\/14-300x200.jpg 300w, https:\/\/marcali.plebania.hu\/wp-content\/uploads\/2020\/10\/14-768x512.jpg 768w, https:\/\/marcali.plebania.hu\/wp-content\/uploads\/2020\/10\/14-1536x1024.jpg 1536w, https:\/\/marcali.plebania.hu\/wp-content\/uploads\/2020\/10\/14-2048x1365.jpg 2048w, https:\/\/marcali.plebania.hu\/wp-content\/uploads\/2020\/10\/14-405x270.jpg 405w\" sizes=\"auto, (max-width: 1024px) 100vw, 1024px\" \/><\/figure><\/li><li class=\"blocks-gallery-item\"><figure><img loading=\"lazy\" decoding=\"async\" width=\"1024\" height=\"683\" src=\"https:\/\/marcali.plebania.hu\/wp-content\/uploads\/2020\/10\/15-1-1024x683.jpg\" alt=\"\" data-id=\"2218\" data-link=\"https:\/\/marcali.plebania.hu\/?attachment_id=2218\" class=\"wp-image-2218\" srcset=\"https:\/\/marcali.plebania.hu\/wp-content\/uploads\/2020\/10\/15-1-1024x683.jpg 1024w, https:\/\/marcali.plebania.hu\/wp-content\/uploads\/2020\/10\/15-1-300x200.jpg 300w, https:\/\/marcali.plebania.hu\/wp-content\/uploads\/2020\/10\/15-1-768x512.jpg 768w, https:\/\/marcali.plebania.hu\/wp-content\/uploads\/2020\/10\/15-1-1536x1024.jpg 1536w, https:\/\/marcali.plebania.hu\/wp-content\/uploads\/2020\/10\/15-1-2048x1365.jpg 2048w, https:\/\/marcali.plebania.hu\/wp-content\/uploads\/2020\/10\/15-1-405x270.jpg 405w\" sizes=\"auto, (max-width: 1024px) 100vw, 1024px\" \/><\/figure><\/li><li class=\"blocks-gallery-item\"><figure><img loading=\"lazy\" decoding=\"async\" width=\"1024\" height=\"683\" src=\"https:\/\/marcali.plebania.hu\/wp-content\/uploads\/2020\/10\/13-1024x683.jpg\" alt=\"\" data-id=\"2219\" data-full-url=\"https:\/\/marcali.plebania.hu\/wp-content\/uploads\/2020\/10\/13-scaled.jpg\" data-link=\"https:\/\/marcali.plebania.hu\/?attachment_id=2219\" class=\"wp-image-2219\" srcset=\"https:\/\/marcali.plebania.hu\/wp-content\/uploads\/2020\/10\/13-1024x683.jpg 1024w, https:\/\/marcali.plebania.hu\/wp-content\/uploads\/2020\/10\/13-300x200.jpg 300w, https:\/\/marcali.plebania.hu\/wp-content\/uploads\/2020\/10\/13-768x512.jpg 768w, https:\/\/marcali.plebania.hu\/wp-content\/uploads\/2020\/10\/13-1536x1024.jpg 1536w, https:\/\/marcali.plebania.hu\/wp-content\/uploads\/2020\/10\/13-2048x1365.jpg 2048w, https:\/\/marcali.plebania.hu\/wp-content\/uploads\/2020\/10\/13-405x270.jpg 405w\" sizes=\"auto, (max-width: 1024px) 100vw, 1024px\" \/><\/figure><\/li><\/ul><\/figure>\n\n\n\n<p>Iv\u00e1n atya a hirdet\u00e9s\u00e9ben\nelmondta, hogy az egyh\u00e1zi tervek szerint m\u00e9g a november folyam\u00e1n szeretn\u00e9k \u2013 a\nszint\u00e9n tavasszal elmaradt \u2013 b\u00e9rm\u00e1l\u00e1st is megtartani. Rem\u00e9li, hogy a jelenlegi\nj\u00e1rv\u00e1nyhelyzet ezt is lehet\u0151v\u00e9 fogja tenni, hiszen a kilencedikes di\u00e1kok\njelenleg is g\u0151zer\u0151vel k\u00e9sz\u00fclnek a szents\u00e9g felv\u00e9tel\u00e9re.<\/p>\n","protected":false},"excerpt":{"rendered":"<p>2020. okt\u00f3ber 18-\u00e1n, vas\u00e1rnap 10 \u00f3rakor \u00fcnnepre gy\u0171ltek \u00f6ssze azok a hittanos gyermekek \u00e9s csal\u00e1djaik, hogy v\u00e9gre a tavasszal \u2013 a koronav\u00edrus-j\u00e1rv\u00e1ny akkori int\u00e9zked\u00e9sei miatt \u2013 elhalasztott els\u0151\u00e1ldoz\u00e1s kegyelm\u00e9ben r\u00e9szes\u00fcljenek. A Gy\u00fcm\u00f6lcsolt\u00f3 Boldogasszony pl\u00e9b\u00e1niatemplomba mindenki csak a jelenleg \u00e9rv\u00e9nyben l\u00e9v\u0151 rendk\u00edv\u00fcli int\u00e9zked\u00e9sek betart\u00e1s\u00e1val l\u00e9phetett be. A bej\u00e1ratn\u00e1l \u00e9rint\u00e9smentes infra h\u0151m\u00e9r\u0151vel el\u0151sz\u00f6r mindenkinek megm\u00e9rt\u00e9k a l\u00e1z\u00e1t, majd a k\u00e9zfert\u0151tlen\u00edt\u00e9st k\u00f6vet\u0151en foglalhattak helyet a k\u00f6zvetlen hozz\u00e1tartoz\u00f3k \u2013 a sz\u00fcl\u0151k, testv\u00e9rek, nagysz\u00fcl\u0151k \u2013 mik\u00f6zben a sz\u00e1jmaszk k\u00f6telez\u0151 haszn\u00e1lat\u00e1t is ellen\u0151rizt\u00e9k a szervez\u0151k. Az&#8230;<\/p>\n<p class=\"read-more\"><a class=\"btn btn-default\" href=\"https:\/\/marcali.plebania.hu\/?p=2202\"> Read More<span class=\"screen-reader-text\">  Read More<\/span><\/a><\/p>\n","protected":false},"author":2,"featured_media":0,"comment_status":"closed","ping_status":"open","sticky":false,"template":"","format":"standard","meta":{"footnotes":""},"categories":[1],"tags":[],"class_list":["post-2202","post","type-post","status-publish","format-standard","hentry","category-egyeb"],"_links":{"self":[{"href":"https:\/\/marcali.plebania.hu\/index.php?rest_route=\/wp\/v2\/posts\/2202","targetHints":{"allow":["GET"]}}],"collection":[{"href":"https:\/\/marcali.plebania.hu\/index.php?rest_route=\/wp\/v2\/posts"}],"about":[{"href":"https:\/\/marcali.plebania.hu\/index.php?rest_route=\/wp\/v2\/types\/post"}],"author":[{"embeddable":true,"href":"https:\/\/marcali.plebania.hu\/index.php?rest_route=\/wp\/v2\/users\/2"}],"replies":[{"embeddable":true,"href":"https:\/\/marcali.plebania.hu\/index.php?rest_route=%2Fwp%2Fv2%2Fcomments&post=2202"}],"version-history":[{"count":1,"href":"https:\/\/marcali.plebania.hu\/index.php?rest_route=\/wp\/v2\/posts\/2202\/revisions"}],"predecessor-version":[{"id":2220,"href":"https:\/\/marcali.plebania.hu\/index.php?rest_route=\/wp\/v2\/posts\/2202\/revisions\/2220"}],"wp:attachment":[{"href":"https:\/\/marcali.plebania.hu\/index.php?rest_route=%2Fwp%2Fv2%2Fmedia&parent=2202"}],"wp:term":[{"taxonomy":"category","embeddable":true,"href":"https:\/\/marcali.plebania.hu\/index.php?rest_route=%2Fwp%2Fv2%2Fcategories&post=2202"},{"taxonomy":"post_tag","embeddable":true,"href":"https:\/\/marcali.plebania.hu\/index.php?rest_route=%2Fwp%2Fv2%2Ftags&post=2202"}],"curies":[{"name":"wp","href":"https:\/\/api.w.org\/{rel}","templated":true}]}}