{"id":2221,"date":"2020-10-21T07:10:44","date_gmt":"2020-10-21T07:10:44","guid":{"rendered":"https:\/\/marcali.plebania.hu\/?p=2221"},"modified":"2020-10-21T07:10:44","modified_gmt":"2020-10-21T07:10:44","slug":"mindenszenteki-miserend-2020","status":"publish","type":"post","link":"https:\/\/marcali.plebania.hu\/?p=2221","title":{"rendered":"Mindenszenteki miserend 2020"},"content":{"rendered":"\n<p><strong>Okt\u00f3ber 31. szombat:<\/strong><\/p>\n\n\n\n<p><strong>17 \u00f3ra<\/strong><strong>:\n<em>szentmise a k\u00f6zponti temet\u0151\nravataloz\u00f3j\u00e1n\u00e1l Mindenszentek el\u0151est\u00e9j\u00e9n, ut\u00e1na a K\u00e1lv\u00e1ri\u00e1n\u00e1l im\u00e1dkozunk a\nmegholtak\u00e9rt<\/em><\/strong><\/p>\n\n\n\n<p><strong>November 1. vas\u00e1rnap,\nMindenszentek \u00fcnnepe:<\/strong><\/p>\n\n\n\n<p><strong>9 \u00f3ra<\/strong><strong>:\n<em>pl\u00e9b\u00e1niatemplom<\/em><\/strong><\/p>\n\n\n\n<p><strong>11 \u00f3ra<\/strong><strong>:\n<em>gombai templom<\/em><\/strong><\/p>\n\n\n\n<p><strong>17 \u00f3ra<\/strong><strong>:\n<em>B. Gizella templom, a szentmise ut\u00e1n az\naltemplomban Halottak el\u0151esti liturgia \u00e9s gyertyagy\u00fajt\u00e1s<\/em><\/strong><strong><\/strong><\/p>\n\n\n\n<p><strong>November 2. h\u00e9tf\u0151,\nHalottak napja:<\/strong><\/p>\n\n\n\n<p><strong>9 \u00f3ra<\/strong><strong>:\n<em>temet\u0151k\u00e1polna (K\u00f6zponti temet\u0151)<\/em><\/strong><\/p>\n","protected":false},"excerpt":{"rendered":"<p>Okt\u00f3ber 31. szombat: 17 \u00f3ra: szentmise a k\u00f6zponti temet\u0151 ravataloz\u00f3j\u00e1n\u00e1l Mindenszentek el\u0151est\u00e9j\u00e9n, ut\u00e1na a K\u00e1lv\u00e1ri\u00e1n\u00e1l im\u00e1dkozunk a megholtak\u00e9rt November 1. vas\u00e1rnap, Mindenszentek \u00fcnnepe: 9 \u00f3ra: pl\u00e9b\u00e1niatemplom 11 \u00f3ra: gombai templom 17 \u00f3ra: B. Gizella templom, a szentmise ut\u00e1n az altemplomban Halottak el\u0151esti liturgia \u00e9s gyertyagy\u00fajt\u00e1s November 2. h\u00e9tf\u0151, Halottak napja: 9 \u00f3ra: temet\u0151k\u00e1polna (K\u00f6zponti temet\u0151)<\/p>\n","protected":false},"author":2,"featured_media":0,"comment_status":"closed","ping_status":"open","sticky":false,"template":"","format":"standard","meta":{"footnotes":""},"categories":[1],"tags":[],"class_list":["post-2221","post","type-post","status-publish","format-standard","hentry","category-egyeb"],"_links":{"self":[{"href":"https:\/\/marcali.plebania.hu\/index.php?rest_route=\/wp\/v2\/posts\/2221","targetHints":{"allow":["GET"]}}],"collection":[{"href":"https:\/\/marcali.plebania.hu\/index.php?rest_route=\/wp\/v2\/posts"}],"about":[{"href":"https:\/\/marcali.plebania.hu\/index.php?rest_route=\/wp\/v2\/types\/post"}],"author":[{"embeddable":true,"href":"https:\/\/marcali.plebania.hu\/index.php?rest_route=\/wp\/v2\/users\/2"}],"replies":[{"embeddable":true,"href":"https:\/\/marcali.plebania.hu\/index.php?rest_route=%2Fwp%2Fv2%2Fcomments&post=2221"}],"version-history":[{"count":1,"href":"https:\/\/marcali.plebania.hu\/index.php?rest_route=\/wp\/v2\/posts\/2221\/revisions"}],"predecessor-version":[{"id":2222,"href":"https:\/\/marcali.plebania.hu\/index.php?rest_route=\/wp\/v2\/posts\/2221\/revisions\/2222"}],"wp:attachment":[{"href":"https:\/\/marcali.plebania.hu\/index.php?rest_route=%2Fwp%2Fv2%2Fmedia&parent=2221"}],"wp:term":[{"taxonomy":"category","embeddable":true,"href":"https:\/\/marcali.plebania.hu\/index.php?rest_route=%2Fwp%2Fv2%2Fcategories&post=2221"},{"taxonomy":"post_tag","embeddable":true,"href":"https:\/\/marcali.plebania.hu\/index.php?rest_route=%2Fwp%2Fv2%2Ftags&post=2221"}],"curies":[{"name":"wp","href":"https:\/\/api.w.org\/{rel}","templated":true}]}}