{"id":2223,"date":"2020-10-22T08:55:52","date_gmt":"2020-10-22T08:55:52","guid":{"rendered":"https:\/\/marcali.plebania.hu\/?p=2223"},"modified":"2020-10-22T08:55:52","modified_gmt":"2020-10-22T08:55:52","slug":"hirdetesek-2020-10-25","status":"publish","type":"post","link":"https:\/\/marcali.plebania.hu\/?p=2223","title":{"rendered":"Hirdet\u00e9sek, 2020. 10. 25."},"content":{"rendered":"\n<ol class=\"wp-block-list\"><li>Ma van az \u00e9vk\u00f6zi 30. vas\u00e1rnap.<\/li><li>A j\u00f6v\u0151 h\u00e9ten megv\u00e1ltozik az esti szentmis\u00e9k id\u0151pontja.\nEste 16.30-kor r\u00f3zsaf\u00fcz\u00e9r, 17 \u00f3rakor szentmise.<\/li><li>A B. Gizella templomban is j\u00f6v\u0151 vas\u00e1rnapt\u00f3l kezdve 17 \u00f3rakor\nlesz a szentmise.<\/li><li>Mindenszenteki miserend:<\/li><\/ol>\n\n\n\n<p><strong>Okt\u00f3ber\n31. szombat<\/strong><strong>: 17 \u00f3ra: <\/strong><em>szentmise a k\u00f6zponti temet\u0151 ravataloz\u00f3j\u00e1n\u00e1l Mindenszentek el\u0151est\u00e9j\u00e9n,\nut\u00e1na a K\u00e1lv\u00e1ri\u00e1n\u00e1l im\u00e1dkozunk a megholtak\u00e9rt<\/em><em><\/em><\/p>\n\n\n\n<p><strong>November 1. vas\u00e1rnap, Mindenszentek \u00fcnnepe<\/strong><strong>:<\/strong><\/p>\n\n\n\n<p><strong>9 \u00f3ra: <\/strong><em>pl\u00e9b\u00e1niatemplom<\/em><\/p>\n\n\n\n<p><strong>11 \u00f3ra: <\/strong><em>gombai\ntemplom<\/em><\/p>\n\n\n\n<p><strong>17 \u00f3ra: <\/strong><em>B.\nGizella templom, a szentmise ut\u00e1n az altemplomban Halottak el\u0151esti liturgia \u00e9s\ngyertyagy\u00fajt\u00e1s<\/em><em><\/em><\/p>\n\n\n\n<p><strong>November 2. h\u00e9tf\u0151, Halottak napja:<\/strong><\/p>\n\n\n\n<p><strong>9 \u00f3ra:<\/strong><em>temet\u0151k\u00e1polna (K\u00f6zponti temet\u0151)<\/em><em><\/em><\/p>\n\n\n\n<ol class=\"wp-block-list\"><li>Mindenszentek \u00e9s halottak napj\u00e1n teljes b\u00facs\u00fa nyerhet\u0151 a megadott felt\u00e9telek mellett.<\/li><li>Mindenszentek napj\u00e1n nyitva lesz a B. Gizella templom altemploma, k\u00e9rj\u00fck, hogy akinek kulcsa van, az ne z\u00e1rja be az ajt\u00f3t, mivel oda azok is be szeretn\u00e9nek menni, akik nincsen kulcsa.<\/li><li>A b\u00e9rm\u00e1l\u00e1s november 8-\u00e1n, vas\u00e1rnap 11.30-kor a pl\u00e9b\u00e1niatemplomban. El\u0151tte nap szombaton 9 \u00f3rakor kezd\u0151dik a b\u00e9rm\u00e1lkoz\u00f3k vizsg\u00e1ja \u00e9s f\u0151pr\u00f3b\u00e1ja.<\/li><\/ol>\n\n\n\n<p> 4. Tov\u00e1bbra is \u00e9rv\u00e9nyben vannak a j\u00e1rv\u00e1ny\u00fcgyi int\u00e9zked\u00e9sek: l\u00e1zm\u00e9r\u00e9s, sz\u00e1jmaszk, k\u00e9zfert\u0151tlen\u00edt\u00e9s. <\/p>\n","protected":false},"excerpt":{"rendered":"<p>Ma van az \u00e9vk\u00f6zi 30. vas\u00e1rnap. A j\u00f6v\u0151 h\u00e9ten megv\u00e1ltozik az esti szentmis\u00e9k id\u0151pontja. Este 16.30-kor r\u00f3zsaf\u00fcz\u00e9r, 17 \u00f3rakor szentmise. A B. Gizella templomban is j\u00f6v\u0151 vas\u00e1rnapt\u00f3l kezdve 17 \u00f3rakor lesz a szentmise. Mindenszenteki miserend: Okt\u00f3ber 31. szombat: 17 \u00f3ra: szentmise a k\u00f6zponti temet\u0151 ravataloz\u00f3j\u00e1n\u00e1l Mindenszentek el\u0151est\u00e9j\u00e9n, ut\u00e1na a K\u00e1lv\u00e1ri\u00e1n\u00e1l im\u00e1dkozunk a megholtak\u00e9rt November 1. vas\u00e1rnap, Mindenszentek \u00fcnnepe: 9 \u00f3ra: pl\u00e9b\u00e1niatemplom 11 \u00f3ra: gombai templom 17 \u00f3ra: B. Gizella templom, a szentmise ut\u00e1n az altemplomban Halottak el\u0151esti liturgia \u00e9s gyertyagy\u00fajt\u00e1s&#8230;<\/p>\n<p class=\"read-more\"><a class=\"btn btn-default\" href=\"https:\/\/marcali.plebania.hu\/?p=2223\"> Read More<span class=\"screen-reader-text\">  Read More<\/span><\/a><\/p>\n","protected":false},"author":2,"featured_media":0,"comment_status":"closed","ping_status":"open","sticky":false,"template":"","format":"standard","meta":{"footnotes":""},"categories":[1],"tags":[],"class_list":["post-2223","post","type-post","status-publish","format-standard","hentry","category-egyeb"],"_links":{"self":[{"href":"https:\/\/marcali.plebania.hu\/index.php?rest_route=\/wp\/v2\/posts\/2223","targetHints":{"allow":["GET"]}}],"collection":[{"href":"https:\/\/marcali.plebania.hu\/index.php?rest_route=\/wp\/v2\/posts"}],"about":[{"href":"https:\/\/marcali.plebania.hu\/index.php?rest_route=\/wp\/v2\/types\/post"}],"author":[{"embeddable":true,"href":"https:\/\/marcali.plebania.hu\/index.php?rest_route=\/wp\/v2\/users\/2"}],"replies":[{"embeddable":true,"href":"https:\/\/marcali.plebania.hu\/index.php?rest_route=%2Fwp%2Fv2%2Fcomments&post=2223"}],"version-history":[{"count":1,"href":"https:\/\/marcali.plebania.hu\/index.php?rest_route=\/wp\/v2\/posts\/2223\/revisions"}],"predecessor-version":[{"id":2224,"href":"https:\/\/marcali.plebania.hu\/index.php?rest_route=\/wp\/v2\/posts\/2223\/revisions\/2224"}],"wp:attachment":[{"href":"https:\/\/marcali.plebania.hu\/index.php?rest_route=%2Fwp%2Fv2%2Fmedia&parent=2223"}],"wp:term":[{"taxonomy":"category","embeddable":true,"href":"https:\/\/marcali.plebania.hu\/index.php?rest_route=%2Fwp%2Fv2%2Fcategories&post=2223"},{"taxonomy":"post_tag","embeddable":true,"href":"https:\/\/marcali.plebania.hu\/index.php?rest_route=%2Fwp%2Fv2%2Ftags&post=2223"}],"curies":[{"name":"wp","href":"https:\/\/api.w.org\/{rel}","templated":true}]}}