{"id":2227,"date":"2020-10-28T10:38:53","date_gmt":"2020-10-28T10:38:53","guid":{"rendered":"https:\/\/marcali.plebania.hu\/?p=2227"},"modified":"2020-10-28T10:39:29","modified_gmt":"2020-10-28T10:39:29","slug":"aldas-az-uj-hangtechnikai-eszkozokre","status":"publish","type":"post","link":"https:\/\/marcali.plebania.hu\/?p=2227","title":{"rendered":"Ald\u00e1s az \u00faj hangtechnikai eszk\u00f6z\u00f6kre"},"content":{"rendered":"\n<p>2020. okt\u00f3ber 25-\u00e9n, vas\u00e1rnap a 9 \u00f3r\u00e1s szentmis\u00e9ben Kiss Iv\u00e1n c. pr\u00e9post, esperes-pl\u00e9b\u00e1nos a Gy\u00fcm\u00f6lcsolt\u00f3 Boldogasszony pl\u00e9b\u00e1niatemplomban  meg\u00e1ldotta azokat az \u00faj hangtechnikai eszk\u00f6z\u00f6ket, melyet a F\u00e9ny Gyermekei Katolikus Zenekar a Magyar Katolikus P\u00fcsp\u00f6ki Konferencia (MKPK) \u00e1ltal ki\u00edrt 2020. \u00e9vi hangszerp\u00e1ly\u00e1zat\u00e1n  (HP-046 azonos\u00edt\u00f3 sz\u00e1m\u00fa) p\u00e1ly\u00e1zati forr\u00e1sb\u00f3l nyert, valamint \u00f6ner\u0151b\u0151l szerzett be.<\/p>\n\n\n\n<figure class=\"wp-block-gallery columns-3 is-cropped wp-block-gallery-1 is-layout-flex wp-block-gallery-is-layout-flex\"><ul class=\"blocks-gallery-grid\"><li class=\"blocks-gallery-item\"><figure><img loading=\"lazy\" decoding=\"async\" width=\"1024\" height=\"768\" src=\"https:\/\/marcali.plebania.hu\/wp-content\/uploads\/2020\/10\/IMG_095540-1024x768.jpg\" alt=\"\" data-id=\"2228\" data-full-url=\"https:\/\/marcali.plebania.hu\/wp-content\/uploads\/2020\/10\/IMG_095540-scaled.jpg\" data-link=\"https:\/\/marcali.plebania.hu\/?attachment_id=2228\" class=\"wp-image-2228\" srcset=\"https:\/\/marcali.plebania.hu\/wp-content\/uploads\/2020\/10\/IMG_095540-1024x768.jpg 1024w, https:\/\/marcali.plebania.hu\/wp-content\/uploads\/2020\/10\/IMG_095540-300x225.jpg 300w, https:\/\/marcali.plebania.hu\/wp-content\/uploads\/2020\/10\/IMG_095540-768x576.jpg 768w, https:\/\/marcali.plebania.hu\/wp-content\/uploads\/2020\/10\/IMG_095540-1536x1152.jpg 1536w, https:\/\/marcali.plebania.hu\/wp-content\/uploads\/2020\/10\/IMG_095540-2048x1536.jpg 2048w, https:\/\/marcali.plebania.hu\/wp-content\/uploads\/2020\/10\/IMG_095540-360x270.jpg 360w\" sizes=\"auto, (max-width: 1024px) 100vw, 1024px\" \/><\/figure><\/li><li class=\"blocks-gallery-item\"><figure><img loading=\"lazy\" decoding=\"async\" width=\"1024\" height=\"768\" src=\"https:\/\/marcali.plebania.hu\/wp-content\/uploads\/2020\/10\/IMG_20201025_095417-1024x768.jpg\" alt=\"\" data-id=\"2229\" data-full-url=\"https:\/\/marcali.plebania.hu\/wp-content\/uploads\/2020\/10\/IMG_20201025_095417-scaled.jpg\" data-link=\"https:\/\/marcali.plebania.hu\/?attachment_id=2229\" class=\"wp-image-2229\" srcset=\"https:\/\/marcali.plebania.hu\/wp-content\/uploads\/2020\/10\/IMG_20201025_095417-1024x768.jpg 1024w, https:\/\/marcali.plebania.hu\/wp-content\/uploads\/2020\/10\/IMG_20201025_095417-300x225.jpg 300w, https:\/\/marcali.plebania.hu\/wp-content\/uploads\/2020\/10\/IMG_20201025_095417-768x576.jpg 768w, https:\/\/marcali.plebania.hu\/wp-content\/uploads\/2020\/10\/IMG_20201025_095417-1536x1152.jpg 1536w, https:\/\/marcali.plebania.hu\/wp-content\/uploads\/2020\/10\/IMG_20201025_095417-2048x1536.jpg 2048w, https:\/\/marcali.plebania.hu\/wp-content\/uploads\/2020\/10\/IMG_20201025_095417-360x270.jpg 360w\" sizes=\"auto, (max-width: 1024px) 100vw, 1024px\" \/><\/figure><\/li><li class=\"blocks-gallery-item\"><figure><img loading=\"lazy\" decoding=\"async\" width=\"1024\" height=\"768\" src=\"https:\/\/marcali.plebania.hu\/wp-content\/uploads\/2020\/10\/IMG_20201025_095431-1024x768.jpg\" alt=\"\" data-id=\"2230\" data-full-url=\"https:\/\/marcali.plebania.hu\/wp-content\/uploads\/2020\/10\/IMG_20201025_095431-scaled.jpg\" data-link=\"https:\/\/marcali.plebania.hu\/?attachment_id=2230\" class=\"wp-image-2230\" srcset=\"https:\/\/marcali.plebania.hu\/wp-content\/uploads\/2020\/10\/IMG_20201025_095431-1024x768.jpg 1024w, https:\/\/marcali.plebania.hu\/wp-content\/uploads\/2020\/10\/IMG_20201025_095431-300x225.jpg 300w, https:\/\/marcali.plebania.hu\/wp-content\/uploads\/2020\/10\/IMG_20201025_095431-768x576.jpg 768w, https:\/\/marcali.plebania.hu\/wp-content\/uploads\/2020\/10\/IMG_20201025_095431-1536x1152.jpg 1536w, https:\/\/marcali.plebania.hu\/wp-content\/uploads\/2020\/10\/IMG_20201025_095431-2048x1536.jpg 2048w, https:\/\/marcali.plebania.hu\/wp-content\/uploads\/2020\/10\/IMG_20201025_095431-360x270.jpg 360w\" sizes=\"auto, (max-width: 1024px) 100vw, 1024px\" \/><\/figure><\/li><li class=\"blocks-gallery-item\"><figure><img loading=\"lazy\" decoding=\"async\" width=\"1024\" height=\"768\" src=\"https:\/\/marcali.plebania.hu\/wp-content\/uploads\/2020\/10\/IMG_20201025_095442-1024x768.jpg\" alt=\"\" data-id=\"2231\" data-full-url=\"https:\/\/marcali.plebania.hu\/wp-content\/uploads\/2020\/10\/IMG_20201025_095442-scaled.jpg\" data-link=\"https:\/\/marcali.plebania.hu\/?attachment_id=2231\" class=\"wp-image-2231\" srcset=\"https:\/\/marcali.plebania.hu\/wp-content\/uploads\/2020\/10\/IMG_20201025_095442-1024x768.jpg 1024w, https:\/\/marcali.plebania.hu\/wp-content\/uploads\/2020\/10\/IMG_20201025_095442-300x225.jpg 300w, https:\/\/marcali.plebania.hu\/wp-content\/uploads\/2020\/10\/IMG_20201025_095442-768x576.jpg 768w, https:\/\/marcali.plebania.hu\/wp-content\/uploads\/2020\/10\/IMG_20201025_095442-1536x1152.jpg 1536w, https:\/\/marcali.plebania.hu\/wp-content\/uploads\/2020\/10\/IMG_20201025_095442-2048x1536.jpg 2048w, https:\/\/marcali.plebania.hu\/wp-content\/uploads\/2020\/10\/IMG_20201025_095442-360x270.jpg 360w\" sizes=\"auto, (max-width: 1024px) 100vw, 1024px\" \/><\/figure><\/li><\/ul><\/figure>\n\n\n\n<p>Erre az\u00e9rt volt sz\u00fcks\u00e9g, mert az egy\u00fcttes tagjai \u00f6nk\u00e9ntes alapon \u00e9s saj\u00e1t hangszereiken j\u00e1tszanak a fell\u00e9p\u00e9seiken. \u00c9ppen ez\u00e9rt az id\u0151 m\u00fal\u00e1s\u00e1val sz\u00fcks\u00e9gess\u00e9 v\u00e1lt \u00faj hangszerek \u00e9s korszer\u0171, saj\u00e1t hangtechnika, valamint az ezekhez sz\u00fcks\u00e9ges tartoz\u00e9kok beszerz\u00e9se is, hogy zenei szolg\u00e1lat\u00e1nak sz\u00ednvonal\u00e1t, hangz\u00e1s\u00e1t m\u00e9g jobban tudj\u00e1k emelni a kor k\u00f6vetelm\u00e9nyeinek megfelel\u0151en.<\/p>\n\n\n\n<figure class=\"wp-block-gallery columns-3 is-cropped wp-block-gallery-2 is-layout-flex wp-block-gallery-is-layout-flex\"><ul class=\"blocks-gallery-grid\"><li class=\"blocks-gallery-item\"><figure><img loading=\"lazy\" decoding=\"async\" width=\"1024\" height=\"768\" src=\"https:\/\/marcali.plebania.hu\/wp-content\/uploads\/2020\/10\/IMG_20201025_095455-1024x768.jpg\" alt=\"\" data-id=\"2232\" data-full-url=\"https:\/\/marcali.plebania.hu\/wp-content\/uploads\/2020\/10\/IMG_20201025_095455-scaled.jpg\" data-link=\"https:\/\/marcali.plebania.hu\/?attachment_id=2232\" class=\"wp-image-2232\" srcset=\"https:\/\/marcali.plebania.hu\/wp-content\/uploads\/2020\/10\/IMG_20201025_095455-1024x768.jpg 1024w, https:\/\/marcali.plebania.hu\/wp-content\/uploads\/2020\/10\/IMG_20201025_095455-300x225.jpg 300w, https:\/\/marcali.plebania.hu\/wp-content\/uploads\/2020\/10\/IMG_20201025_095455-768x576.jpg 768w, https:\/\/marcali.plebania.hu\/wp-content\/uploads\/2020\/10\/IMG_20201025_095455-1536x1152.jpg 1536w, https:\/\/marcali.plebania.hu\/wp-content\/uploads\/2020\/10\/IMG_20201025_095455-2048x1536.jpg 2048w, https:\/\/marcali.plebania.hu\/wp-content\/uploads\/2020\/10\/IMG_20201025_095455-360x270.jpg 360w\" sizes=\"auto, (max-width: 1024px) 100vw, 1024px\" \/><\/figure><\/li><li class=\"blocks-gallery-item\"><figure><img loading=\"lazy\" decoding=\"async\" width=\"1024\" height=\"768\" src=\"https:\/\/marcali.plebania.hu\/wp-content\/uploads\/2020\/10\/IMG_20201025_095520-1024x768.jpg\" alt=\"\" data-id=\"2233\" data-full-url=\"https:\/\/marcali.plebania.hu\/wp-content\/uploads\/2020\/10\/IMG_20201025_095520-scaled.jpg\" data-link=\"https:\/\/marcali.plebania.hu\/?attachment_id=2233\" class=\"wp-image-2233\" srcset=\"https:\/\/marcali.plebania.hu\/wp-content\/uploads\/2020\/10\/IMG_20201025_095520-1024x768.jpg 1024w, https:\/\/marcali.plebania.hu\/wp-content\/uploads\/2020\/10\/IMG_20201025_095520-300x225.jpg 300w, https:\/\/marcali.plebania.hu\/wp-content\/uploads\/2020\/10\/IMG_20201025_095520-768x576.jpg 768w, https:\/\/marcali.plebania.hu\/wp-content\/uploads\/2020\/10\/IMG_20201025_095520-1536x1152.jpg 1536w, https:\/\/marcali.plebania.hu\/wp-content\/uploads\/2020\/10\/IMG_20201025_095520-2048x1536.jpg 2048w, https:\/\/marcali.plebania.hu\/wp-content\/uploads\/2020\/10\/IMG_20201025_095520-360x270.jpg 360w\" sizes=\"auto, (max-width: 1024px) 100vw, 1024px\" \/><\/figure><\/li><li class=\"blocks-gallery-item\"><figure><img loading=\"lazy\" decoding=\"async\" width=\"1024\" height=\"768\" src=\"https:\/\/marcali.plebania.hu\/wp-content\/uploads\/2020\/10\/IMG_20201025_095534-1024x768.jpg\" alt=\"\" data-id=\"2234\" data-full-url=\"https:\/\/marcali.plebania.hu\/wp-content\/uploads\/2020\/10\/IMG_20201025_095534-scaled.jpg\" data-link=\"https:\/\/marcali.plebania.hu\/?attachment_id=2234\" class=\"wp-image-2234\" srcset=\"https:\/\/marcali.plebania.hu\/wp-content\/uploads\/2020\/10\/IMG_20201025_095534-1024x768.jpg 1024w, https:\/\/marcali.plebania.hu\/wp-content\/uploads\/2020\/10\/IMG_20201025_095534-300x225.jpg 300w, https:\/\/marcali.plebania.hu\/wp-content\/uploads\/2020\/10\/IMG_20201025_095534-768x576.jpg 768w, https:\/\/marcali.plebania.hu\/wp-content\/uploads\/2020\/10\/IMG_20201025_095534-1536x1152.jpg 1536w, https:\/\/marcali.plebania.hu\/wp-content\/uploads\/2020\/10\/IMG_20201025_095534-2048x1536.jpg 2048w, https:\/\/marcali.plebania.hu\/wp-content\/uploads\/2020\/10\/IMG_20201025_095534-360x270.jpg 360w\" sizes=\"auto, (max-width: 1024px) 100vw, 1024px\" \/><\/figure><\/li><li class=\"blocks-gallery-item\"><figure><img loading=\"lazy\" decoding=\"async\" width=\"1024\" height=\"768\" src=\"https:\/\/marcali.plebania.hu\/wp-content\/uploads\/2020\/10\/IMG_20201025_095543-1024x768.jpg\" alt=\"\" data-id=\"2235\" data-full-url=\"https:\/\/marcali.plebania.hu\/wp-content\/uploads\/2020\/10\/IMG_20201025_095543-scaled.jpg\" data-link=\"https:\/\/marcali.plebania.hu\/?attachment_id=2235\" class=\"wp-image-2235\" srcset=\"https:\/\/marcali.plebania.hu\/wp-content\/uploads\/2020\/10\/IMG_20201025_095543-1024x768.jpg 1024w, https:\/\/marcali.plebania.hu\/wp-content\/uploads\/2020\/10\/IMG_20201025_095543-300x225.jpg 300w, https:\/\/marcali.plebania.hu\/wp-content\/uploads\/2020\/10\/IMG_20201025_095543-768x576.jpg 768w, https:\/\/marcali.plebania.hu\/wp-content\/uploads\/2020\/10\/IMG_20201025_095543-1536x1152.jpg 1536w, https:\/\/marcali.plebania.hu\/wp-content\/uploads\/2020\/10\/IMG_20201025_095543-2048x1536.jpg 2048w, https:\/\/marcali.plebania.hu\/wp-content\/uploads\/2020\/10\/IMG_20201025_095543-360x270.jpg 360w\" sizes=\"auto, (max-width: 1024px) 100vw, 1024px\" \/><\/figure><\/li><\/ul><\/figure>\n\n\n\n<p>Ezeknek akkor van k\u00fcl\u00f6n\u00f6sen fontos szerepe, amikor egy-egy vid\u00e9ki fell\u00e9p\u00e9s sor\u00e1n nincs biztos\u00edtva a hangos\u00edt\u00e1s, \u00edgy a zenekar ezzel az \u00f6n\u00e1ll\u00f3 rendszerrel is hat\u00e9kony \u00e9s m\u0171k\u00f6d\u0151k\u00e9pes tud lenni, hiszen eszk\u00f6zeit a saj\u00e1t tulajdon\u00fa hanger\u0151s\u00edt\u0151h\u00f6z tudja csatlakoztatni. Ezek m\u0171k\u00f6d\u00e9se pedig mostant\u00f3l megoldott, mert a zenekar vezet\u0151je, S\u00e1gv\u00e1ri R\u00f3bert \u2013 ahogy eddig is \u2013 a hangtechnikai eszk\u00f6z\u00f6k szakszer\u0171 m\u0171k\u00f6dtet\u00e9s\u00e9t biztos\u00edtani tudja. A zenekar elektroakusztikus git\u00e1rral eddig nem rendelkezett, \u00e1m a p\u00e1ly\u00e1zatnak k\u00f6sz\u00f6nhet\u0151en az \u00faj Takamine GD10CE-NS git\u00e1r tov\u00e1bb er\u0151s\u00edti a csapatot, r\u00e1ad\u00e1sul ett\u0151l kezdve ezt is minden gond n\u00e9lk\u00fcl ki lehet hangos\u00edtani, \u00e9ppen ez\u00e9rt sz\u00fcks\u00e9gess\u00e9 \u00e9s id\u0151szer\u0171v\u00e9 v\u00e1lt ennek a hangszernek a beszerz\u00e9se is.<\/p>\n\n\n\n<p>\u00d6sszess\u00e9g\u00e9ben ez a hangszerp\u00e1ly\u00e1zat nagy seg\u00edts\u00e9get jelentett a zenekar tov\u00e1bbi m\u0171k\u00f6d\u00e9s\u00e9nek, technikai eszk\u00f6zeinek hossz\u00fa t\u00e1v\u00fa biztos\u00edt\u00e1s\u00e1nak.<\/p>\n\n\n\n<p><\/p>\n\n\n\n<p>Fot\u00f3k: Szab\u00f3 Andrea<\/p>\n","protected":false},"excerpt":{"rendered":"<p>2020. okt\u00f3ber 25-\u00e9n, vas\u00e1rnap a 9 \u00f3r\u00e1s szentmis\u00e9ben Kiss Iv\u00e1n c. pr\u00e9post, esperes-pl\u00e9b\u00e1nos a Gy\u00fcm\u00f6lcsolt\u00f3 Boldogasszony pl\u00e9b\u00e1niatemplomban meg\u00e1ldotta azokat az \u00faj hangtechnikai eszk\u00f6z\u00f6ket, melyet a F\u00e9ny Gyermekei Katolikus Zenekar a Magyar Katolikus P\u00fcsp\u00f6ki Konferencia (MKPK) \u00e1ltal ki\u00edrt 2020. \u00e9vi hangszerp\u00e1ly\u00e1zat\u00e1n (HP-046 azonos\u00edt\u00f3 sz\u00e1m\u00fa) p\u00e1ly\u00e1zati forr\u00e1sb\u00f3l nyert, valamint \u00f6ner\u0151b\u0151l szerzett be. Erre az\u00e9rt volt sz\u00fcks\u00e9g, mert az egy\u00fcttes tagjai \u00f6nk\u00e9ntes alapon \u00e9s saj\u00e1t hangszereiken j\u00e1tszanak a fell\u00e9p\u00e9seiken. \u00c9ppen ez\u00e9rt az id\u0151 m\u00fal\u00e1s\u00e1val sz\u00fcks\u00e9gess\u00e9 v\u00e1lt \u00faj hangszerek \u00e9s korszer\u0171, saj\u00e1t hangtechnika, valamint&#8230;<\/p>\n<p class=\"read-more\"><a class=\"btn btn-default\" href=\"https:\/\/marcali.plebania.hu\/?p=2227\"> Read More<span class=\"screen-reader-text\">  Read More<\/span><\/a><\/p>\n","protected":false},"author":2,"featured_media":0,"comment_status":"closed","ping_status":"open","sticky":false,"template":"","format":"standard","meta":{"footnotes":""},"categories":[1],"tags":[],"class_list":["post-2227","post","type-post","status-publish","format-standard","hentry","category-egyeb"],"_links":{"self":[{"href":"https:\/\/marcali.plebania.hu\/index.php?rest_route=\/wp\/v2\/posts\/2227","targetHints":{"allow":["GET"]}}],"collection":[{"href":"https:\/\/marcali.plebania.hu\/index.php?rest_route=\/wp\/v2\/posts"}],"about":[{"href":"https:\/\/marcali.plebania.hu\/index.php?rest_route=\/wp\/v2\/types\/post"}],"author":[{"embeddable":true,"href":"https:\/\/marcali.plebania.hu\/index.php?rest_route=\/wp\/v2\/users\/2"}],"replies":[{"embeddable":true,"href":"https:\/\/marcali.plebania.hu\/index.php?rest_route=%2Fwp%2Fv2%2Fcomments&post=2227"}],"version-history":[{"count":2,"href":"https:\/\/marcali.plebania.hu\/index.php?rest_route=\/wp\/v2\/posts\/2227\/revisions"}],"predecessor-version":[{"id":2237,"href":"https:\/\/marcali.plebania.hu\/index.php?rest_route=\/wp\/v2\/posts\/2227\/revisions\/2237"}],"wp:attachment":[{"href":"https:\/\/marcali.plebania.hu\/index.php?rest_route=%2Fwp%2Fv2%2Fmedia&parent=2227"}],"wp:term":[{"taxonomy":"category","embeddable":true,"href":"https:\/\/marcali.plebania.hu\/index.php?rest_route=%2Fwp%2Fv2%2Fcategories&post=2227"},{"taxonomy":"post_tag","embeddable":true,"href":"https:\/\/marcali.plebania.hu\/index.php?rest_route=%2Fwp%2Fv2%2Ftags&post=2227"}],"curies":[{"name":"wp","href":"https:\/\/api.w.org\/{rel}","templated":true}]}}