{"id":223,"date":"2018-05-11T07:01:32","date_gmt":"2018-05-11T07:01:32","guid":{"rendered":"https:\/\/marcali.plebania.hu\/?p=223"},"modified":"2018-05-11T07:01:32","modified_gmt":"2018-05-11T07:01:32","slug":"hirdetesek-2018-05-13","status":"publish","type":"post","link":"https:\/\/marcali.plebania.hu\/?p=223","title":{"rendered":"Hirdet\u00e9sek, 2018. 05. 13."},"content":{"rendered":"<ol>\n<li>Ma J\u00e9zus mennybemenetel\u00e9nek \u00fcnnepe.<\/li>\n<li>A h\u00e9ten, kedden 17.30-kor az X-h\u00e1z nagyterm\u00e9ben a K\u00c9SZ szervez\u00e9s\u00e9ben Gy\u0151rfi K\u00e1roly: Kereszt\u00e9ny\u00fcld\u00f6z\u00e9s a 21. sz\u00e1zad elej\u00e9n c\u00edmmel k\u00f6nyvbemutat\u00f3 lesz.<\/li>\n<li>Szerd\u00e1n 18 \u00f3rakor fatimai ima\u00f3r\u00e1t tartunk, ut\u00e1na szentmise.<\/li>\n<li>P\u00e9nteken 18.30-kor szents\u00e9gim\u00e1d\u00e1s, majd szentmise.<\/li>\n<li>J\u00f6v\u0151 vas\u00e1rnap. P\u00fcnk\u00f6sd vas\u00e1rnapja, amikor a Szentl\u00e9lek elj\u00f6vetel\u00e9t \u00fcnnepelj\u00fck.<\/li>\n<li>P\u00fcnk\u00f6sdh\u00e9tf\u0151n a pl\u00e9b\u00e1niatemplomban 9 \u00f3rakor, Biz\u00e9n 11 \u00f3rakor lesz a szentmise.<\/li>\n<li>K\u00f6sz\u00f6nj\u00fck mindazoknak, akik m\u00e1r adom\u00e1nyoztak templomunk padl\u00f3zat\u00e1nak cser\u00e9j\u00e9re \u00e9s k\u00e9rj\u00fck mindazokat, akik seg\u00edteni tudnak, b\u00e1rmilyen kis \u00f6sszegnek is \u00f6r\u00fcl\u00fcnk.<\/li>\n<li>A Kaposv\u00e1ri Egyh\u00e1zmegye m\u00e1jus 26-\u00e1n, szombaton \u00fcnnepli fenn\u00e1ll\u00e1s\u00e1nak 25. \u00e9vfordul\u00f3j\u00e1t. Eg\u00e9sz napos programmal k\u00e9sz\u00fcl az egyh\u00e1zmegye, mely templomunk hirdet\u0151t\u00e1bl\u00e1j\u00e1n olvashat\u00f3. A h\u00edveket is szeretettel v\u00e1rj\u00e1k.<\/li>\n<\/ol>\n","protected":false},"excerpt":{"rendered":"<p>Ma J\u00e9zus mennybemenetel\u00e9nek \u00fcnnepe. A h\u00e9ten, kedden 17.30-kor az X-h\u00e1z nagyterm\u00e9ben a K\u00c9SZ szervez\u00e9s\u00e9ben Gy\u0151rfi K\u00e1roly: Kereszt\u00e9ny\u00fcld\u00f6z\u00e9s a 21. sz\u00e1zad elej\u00e9n c\u00edmmel k\u00f6nyvbemutat\u00f3 lesz. Szerd\u00e1n 18 \u00f3rakor fatimai ima\u00f3r\u00e1t tartunk, ut\u00e1na szentmise. P\u00e9nteken 18.30-kor szents\u00e9gim\u00e1d\u00e1s, majd szentmise. J\u00f6v\u0151 vas\u00e1rnap. P\u00fcnk\u00f6sd vas\u00e1rnapja, amikor a Szentl\u00e9lek elj\u00f6vetel\u00e9t \u00fcnnepelj\u00fck. P\u00fcnk\u00f6sdh\u00e9tf\u0151n a pl\u00e9b\u00e1niatemplomban 9 \u00f3rakor, Biz\u00e9n 11 \u00f3rakor lesz a szentmise. K\u00f6sz\u00f6nj\u00fck mindazoknak, akik m\u00e1r adom\u00e1nyoztak templomunk padl\u00f3zat\u00e1nak cser\u00e9j\u00e9re \u00e9s k\u00e9rj\u00fck mindazokat, akik seg\u00edteni tudnak, b\u00e1rmilyen kis \u00f6sszegnek is \u00f6r\u00fcl\u00fcnk. A Kaposv\u00e1ri Egyh\u00e1zmegye m\u00e1jus&#8230;<\/p>\n<p class=\"read-more\"><a class=\"btn btn-default\" href=\"https:\/\/marcali.plebania.hu\/?p=223\"> Read More<span class=\"screen-reader-text\">  Read More<\/span><\/a><\/p>\n","protected":false},"author":2,"featured_media":0,"comment_status":"closed","ping_status":"open","sticky":false,"template":"","format":"standard","meta":{"footnotes":""},"categories":[1],"tags":[],"class_list":["post-223","post","type-post","status-publish","format-standard","hentry","category-egyeb"],"_links":{"self":[{"href":"https:\/\/marcali.plebania.hu\/index.php?rest_route=\/wp\/v2\/posts\/223","targetHints":{"allow":["GET"]}}],"collection":[{"href":"https:\/\/marcali.plebania.hu\/index.php?rest_route=\/wp\/v2\/posts"}],"about":[{"href":"https:\/\/marcali.plebania.hu\/index.php?rest_route=\/wp\/v2\/types\/post"}],"author":[{"embeddable":true,"href":"https:\/\/marcali.plebania.hu\/index.php?rest_route=\/wp\/v2\/users\/2"}],"replies":[{"embeddable":true,"href":"https:\/\/marcali.plebania.hu\/index.php?rest_route=%2Fwp%2Fv2%2Fcomments&post=223"}],"version-history":[{"count":1,"href":"https:\/\/marcali.plebania.hu\/index.php?rest_route=\/wp\/v2\/posts\/223\/revisions"}],"predecessor-version":[{"id":224,"href":"https:\/\/marcali.plebania.hu\/index.php?rest_route=\/wp\/v2\/posts\/223\/revisions\/224"}],"wp:attachment":[{"href":"https:\/\/marcali.plebania.hu\/index.php?rest_route=%2Fwp%2Fv2%2Fmedia&parent=223"}],"wp:term":[{"taxonomy":"category","embeddable":true,"href":"https:\/\/marcali.plebania.hu\/index.php?rest_route=%2Fwp%2Fv2%2Fcategories&post=223"},{"taxonomy":"post_tag","embeddable":true,"href":"https:\/\/marcali.plebania.hu\/index.php?rest_route=%2Fwp%2Fv2%2Ftags&post=223"}],"curies":[{"name":"wp","href":"https:\/\/api.w.org\/{rel}","templated":true}]}}