{"id":2238,"date":"2020-10-29T14:06:06","date_gmt":"2020-10-29T14:06:06","guid":{"rendered":"https:\/\/marcali.plebania.hu\/?p=2238"},"modified":"2020-10-29T14:06:06","modified_gmt":"2020-10-29T14:06:06","slug":"hirdetesek-2020-11-01","status":"publish","type":"post","link":"https:\/\/marcali.plebania.hu\/?p=2238","title":{"rendered":"Hirdet\u00e9sek, 2020. 11. 01."},"content":{"rendered":"\n<ol class=\"wp-block-list\"><li>Ma Mindenszentek \u00fcnnepe van. Ma minden templomban a\nszokott id\u0151ben lesz szentmise. A B. Gizella templomban este 17 \u00f3rakor lesz a\nszentmise \u00e9s ut\u00e1na az altemplomban a Mindenszentek esti liturgia.<\/li><li>Ferenc p\u00e1pa a j\u00e1rv\u00e1nyhelyzet miatt kiterjesztette\neg\u00e9sz h\u00e9tre a teljes b\u00facs\u00fa elnyer\u00e9s\u00e9t, aminek \u00e9rtelm\u00e9ben a j\u00f6v\u0151 h\u00e9ten b\u00e1rmelyik\nnap elnyerhet\u0151 a szokott felt\u00e9telek mellett.<\/li><li>H\u00e9tf\u0151n Halottak napja, d\u00e9lel\u0151tt 9 \u00f3rakor a k\u00f6zponti\ntemet\u0151 k\u00e1poln\u00e1j\u00e1n\u00e1l szentmise. (K\u00e9rem, maszkot hozzanak magukkal.)<\/li><li>P\u00e9nteken els\u0151 p\u00e9ntek d\u00e9lut\u00e1n 16.30-t\u00f3l gy\u00f3ntat\u00e1s a\nMindenszentek k\u00e1poln\u00e1ban, szents\u00e9gim\u00e1d\u00e1s, 17 \u00f3rakor szentmise.<\/li><li>Szombaton 9 \u00f3rakor az X-h\u00e1zban a b\u00e9rm\u00e1lkoz\u00f3k vizsg\u00e1ja,\n10 \u00f3r\u00e1t\u00f3l a pl\u00e9b\u00e1niatemplom a b\u00e9rm\u00e1l\u00e1s f\u0151pr\u00f3b\u00e1ja, majd a b\u00e9rm\u00e1lkoz\u00f3k \u00e9s\nb\u00e9rmasz\u00fcl\u0151k gy\u00f3n\u00e1sa.<\/li><li>J\u00f6v\u0151 vas\u00e1rnap 11.30-kor lesz a b\u00e9rm\u00e1l\u00e1s a\npl\u00e9b\u00e1niatemplomban. B\u00e9rm\u00e1l: Tomanek P\u00e9ter p\u00fcsp\u00f6ki irodaigazgat\u00f3.<\/li><li>K\u00e9rem, hogy a b\u00e9rm\u00e1l\u00e1sra csak a b\u00e9rm\u00e1lkoz\u00f3k k\u00f6zvetlen\nhozz\u00e1tartoz\u00f3i j\u00f6jjenek, szem\u00e9lyenk\u00e9nt maximum 10 f\u0151. A h\u00edvek szombat este 17\n\u00f3rakor, vas\u00e1rnap 9 \u00f3rakor \u00e9s a B. Gizella templomban 17 \u00f3rakor tehetnek eleget\na vas\u00e1rnapi szentmisehallgat\u00e1s k\u00f6teless\u00e9g\u00e9nek.<\/li><li>A j\u00e1rv\u00e1ny\u00fcgyi rendelkez\u00e9seket az egyh\u00e1znak is be kell\ntartania. Minden egyh\u00e1zi szertart\u00e1son (t\u00f6rt\u00e9nj\u00e9k kinn, vagy benn) sz\u00e1jmaszkot\nkell viselni, a szentmis\u00e9k el\u0151tt megm\u00e9rik a testh\u0151m\u00e9rs\u00e9kletet \u00e9s \u00e9j\u00fcnk a\nk\u00e9zfert\u0151tlen\u00edt\u00e9s lehet\u0151s\u00e9g\u00e9vel is.<\/li><\/ol>\n","protected":false},"excerpt":{"rendered":"<p>Ma Mindenszentek \u00fcnnepe van. Ma minden templomban a szokott id\u0151ben lesz szentmise. A B. Gizella templomban este 17 \u00f3rakor lesz a szentmise \u00e9s ut\u00e1na az altemplomban a Mindenszentek esti liturgia. Ferenc p\u00e1pa a j\u00e1rv\u00e1nyhelyzet miatt kiterjesztette eg\u00e9sz h\u00e9tre a teljes b\u00facs\u00fa elnyer\u00e9s\u00e9t, aminek \u00e9rtelm\u00e9ben a j\u00f6v\u0151 h\u00e9ten b\u00e1rmelyik nap elnyerhet\u0151 a szokott felt\u00e9telek mellett. H\u00e9tf\u0151n Halottak napja, d\u00e9lel\u0151tt 9 \u00f3rakor a k\u00f6zponti temet\u0151 k\u00e1poln\u00e1j\u00e1n\u00e1l szentmise. (K\u00e9rem, maszkot hozzanak magukkal.) P\u00e9nteken els\u0151 p\u00e9ntek d\u00e9lut\u00e1n 16.30-t\u00f3l gy\u00f3ntat\u00e1s a Mindenszentek k\u00e1poln\u00e1ban, szents\u00e9gim\u00e1d\u00e1s, 17&#8230;<\/p>\n<p class=\"read-more\"><a class=\"btn btn-default\" href=\"https:\/\/marcali.plebania.hu\/?p=2238\"> Read More<span class=\"screen-reader-text\">  Read More<\/span><\/a><\/p>\n","protected":false},"author":2,"featured_media":0,"comment_status":"closed","ping_status":"open","sticky":false,"template":"","format":"standard","meta":{"footnotes":""},"categories":[1],"tags":[],"class_list":["post-2238","post","type-post","status-publish","format-standard","hentry","category-egyeb"],"_links":{"self":[{"href":"https:\/\/marcali.plebania.hu\/index.php?rest_route=\/wp\/v2\/posts\/2238","targetHints":{"allow":["GET"]}}],"collection":[{"href":"https:\/\/marcali.plebania.hu\/index.php?rest_route=\/wp\/v2\/posts"}],"about":[{"href":"https:\/\/marcali.plebania.hu\/index.php?rest_route=\/wp\/v2\/types\/post"}],"author":[{"embeddable":true,"href":"https:\/\/marcali.plebania.hu\/index.php?rest_route=\/wp\/v2\/users\/2"}],"replies":[{"embeddable":true,"href":"https:\/\/marcali.plebania.hu\/index.php?rest_route=%2Fwp%2Fv2%2Fcomments&post=2238"}],"version-history":[{"count":1,"href":"https:\/\/marcali.plebania.hu\/index.php?rest_route=\/wp\/v2\/posts\/2238\/revisions"}],"predecessor-version":[{"id":2239,"href":"https:\/\/marcali.plebania.hu\/index.php?rest_route=\/wp\/v2\/posts\/2238\/revisions\/2239"}],"wp:attachment":[{"href":"https:\/\/marcali.plebania.hu\/index.php?rest_route=%2Fwp%2Fv2%2Fmedia&parent=2238"}],"wp:term":[{"taxonomy":"category","embeddable":true,"href":"https:\/\/marcali.plebania.hu\/index.php?rest_route=%2Fwp%2Fv2%2Fcategories&post=2238"},{"taxonomy":"post_tag","embeddable":true,"href":"https:\/\/marcali.plebania.hu\/index.php?rest_route=%2Fwp%2Fv2%2Ftags&post=2238"}],"curies":[{"name":"wp","href":"https:\/\/api.w.org\/{rel}","templated":true}]}}