{"id":2241,"date":"2020-11-05T08:47:23","date_gmt":"2020-11-05T08:47:23","guid":{"rendered":"https:\/\/marcali.plebania.hu\/?p=2241"},"modified":"2020-11-05T08:47:23","modified_gmt":"2020-11-05T08:47:23","slug":"mindenszentek-es-halottak-napja-marcaliban","status":"publish","type":"post","link":"https:\/\/marcali.plebania.hu\/?p=2241","title":{"rendered":"Mindenszentek \u00e9s Halottak napja Marcaliban"},"content":{"rendered":"\n<p>A koronav\u00edrus-j\u00e1rv\u00e1ny miatt az idei esztend\u0151ben a Mindenszentek \u00e9s a Halottak napja is a hat\u00f3s\u00e1gi biztons\u00e1gi int\u00e9zked\u00e9sek betart\u00e1s\u00e1val zajlottak Marcaliban.<\/p>\n\n\n\n<figure class=\"wp-block-gallery columns-3 is-cropped wp-block-gallery-1 is-layout-flex wp-block-gallery-is-layout-flex\"><ul class=\"blocks-gallery-grid\"><li class=\"blocks-gallery-item\"><figure><img loading=\"lazy\" decoding=\"async\" width=\"1024\" height=\"683\" src=\"https:\/\/marcali.plebania.hu\/wp-content\/uploads\/2020\/11\/01-1024x683.jpg\" alt=\"\" data-id=\"2242\" data-full-url=\"https:\/\/marcali.plebania.hu\/wp-content\/uploads\/2020\/11\/01-scaled.jpg\" data-link=\"https:\/\/marcali.plebania.hu\/?attachment_id=2242\" class=\"wp-image-2242\" srcset=\"https:\/\/marcali.plebania.hu\/wp-content\/uploads\/2020\/11\/01-1024x683.jpg 1024w, https:\/\/marcali.plebania.hu\/wp-content\/uploads\/2020\/11\/01-300x200.jpg 300w, https:\/\/marcali.plebania.hu\/wp-content\/uploads\/2020\/11\/01-768x512.jpg 768w, https:\/\/marcali.plebania.hu\/wp-content\/uploads\/2020\/11\/01-1536x1024.jpg 1536w, https:\/\/marcali.plebania.hu\/wp-content\/uploads\/2020\/11\/01-2048x1365.jpg 2048w, https:\/\/marcali.plebania.hu\/wp-content\/uploads\/2020\/11\/01-405x270.jpg 405w\" sizes=\"auto, (max-width: 1024px) 100vw, 1024px\" \/><\/figure><\/li><li class=\"blocks-gallery-item\"><figure><img loading=\"lazy\" decoding=\"async\" width=\"1024\" height=\"683\" src=\"https:\/\/marcali.plebania.hu\/wp-content\/uploads\/2020\/11\/02-1024x683.jpg\" alt=\"\" data-id=\"2243\" data-full-url=\"https:\/\/marcali.plebania.hu\/wp-content\/uploads\/2020\/11\/02-scaled.jpg\" data-link=\"https:\/\/marcali.plebania.hu\/?attachment_id=2243\" class=\"wp-image-2243\" srcset=\"https:\/\/marcali.plebania.hu\/wp-content\/uploads\/2020\/11\/02-1024x683.jpg 1024w, https:\/\/marcali.plebania.hu\/wp-content\/uploads\/2020\/11\/02-300x200.jpg 300w, https:\/\/marcali.plebania.hu\/wp-content\/uploads\/2020\/11\/02-768x512.jpg 768w, https:\/\/marcali.plebania.hu\/wp-content\/uploads\/2020\/11\/02-1536x1024.jpg 1536w, https:\/\/marcali.plebania.hu\/wp-content\/uploads\/2020\/11\/02-2048x1365.jpg 2048w, https:\/\/marcali.plebania.hu\/wp-content\/uploads\/2020\/11\/02-405x270.jpg 405w\" sizes=\"auto, (max-width: 1024px) 100vw, 1024px\" \/><\/figure><\/li><li class=\"blocks-gallery-item\"><figure><img loading=\"lazy\" decoding=\"async\" width=\"1024\" height=\"683\" src=\"https:\/\/marcali.plebania.hu\/wp-content\/uploads\/2020\/11\/03-1024x683.jpg\" alt=\"\" data-id=\"2244\" data-full-url=\"https:\/\/marcali.plebania.hu\/wp-content\/uploads\/2020\/11\/03-scaled.jpg\" data-link=\"https:\/\/marcali.plebania.hu\/?attachment_id=2244\" class=\"wp-image-2244\" srcset=\"https:\/\/marcali.plebania.hu\/wp-content\/uploads\/2020\/11\/03-1024x683.jpg 1024w, https:\/\/marcali.plebania.hu\/wp-content\/uploads\/2020\/11\/03-300x200.jpg 300w, https:\/\/marcali.plebania.hu\/wp-content\/uploads\/2020\/11\/03-768x512.jpg 768w, https:\/\/marcali.plebania.hu\/wp-content\/uploads\/2020\/11\/03-1536x1024.jpg 1536w, https:\/\/marcali.plebania.hu\/wp-content\/uploads\/2020\/11\/03-2048x1365.jpg 2048w, https:\/\/marcali.plebania.hu\/wp-content\/uploads\/2020\/11\/03-405x270.jpg 405w\" sizes=\"auto, (max-width: 1024px) 100vw, 1024px\" \/><\/figure><\/li><li class=\"blocks-gallery-item\"><figure><img loading=\"lazy\" decoding=\"async\" width=\"1024\" height=\"683\" src=\"https:\/\/marcali.plebania.hu\/wp-content\/uploads\/2020\/11\/04-1024x683.jpg\" alt=\"\" data-id=\"2245\" data-full-url=\"https:\/\/marcali.plebania.hu\/wp-content\/uploads\/2020\/11\/04-scaled.jpg\" data-link=\"https:\/\/marcali.plebania.hu\/?attachment_id=2245\" class=\"wp-image-2245\" srcset=\"https:\/\/marcali.plebania.hu\/wp-content\/uploads\/2020\/11\/04-1024x683.jpg 1024w, https:\/\/marcali.plebania.hu\/wp-content\/uploads\/2020\/11\/04-300x200.jpg 300w, https:\/\/marcali.plebania.hu\/wp-content\/uploads\/2020\/11\/04-768x512.jpg 768w, https:\/\/marcali.plebania.hu\/wp-content\/uploads\/2020\/11\/04-1536x1024.jpg 1536w, https:\/\/marcali.plebania.hu\/wp-content\/uploads\/2020\/11\/04-2048x1365.jpg 2048w, https:\/\/marcali.plebania.hu\/wp-content\/uploads\/2020\/11\/04-405x270.jpg 405w\" sizes=\"auto, (max-width: 1024px) 100vw, 1024px\" \/><\/figure><\/li><\/ul><\/figure>\n\n\n\n<p>2020.\nokt\u00f3ber 31-\u00e9n, szombaton, Mindenszentek el\u0151est\u00e9j\u00e9n a k\u00f6zponti temet\u0151\nravataloz\u00f3j\u00e1n\u00e1l, 17 \u00f3rai kezdettel tartott\u00e1k meg az \u00fcnnepi szentmis\u00e9t. Az\nistentiszteletet Kiss Iv\u00e1n c. pr\u00e9post, esperes-pl\u00e9b\u00e1nos mutatta be, \u00e9nekkel\nBalogh B\u00e1lint k\u00e1ntor, versekkel Kozma Kriszti\u00e1n, Kazinczy-d\u00edjas el\u0151ad\u00f3 \u00e9s T\u00f3th\nEszter \u00c1gnes gimnazista m\u0171k\u00f6d\u00f6tt k\u00f6zre. Majd ezut\u00e1n a jelenl\u00e9v\u0151 h\u00edvek a\nK\u00e1lv\u00e1ri\u00e1hoz vonultak, ahol egy\u00fctt im\u00e1dkoztak az elhunytak lelki \u00fcdv\u00e9\u00e9rt.<\/p>\n\n\n\n<p>November 1-\u00e9n, vas\u00e1rnap, Mindenszentek napj\u00e1n a szokott miserend szerint zajlottak a szentmis\u00e9k: 9 \u00f3rakor a pl\u00e9b\u00e1niatemplomban, 11 \u00f3rakor a gombai, 17 \u00f3rakor pedig a Boldog Gizella templomban, ahol az altemplomban \u2013 amely egyben temetkez\u00e9si hely is \u2013 fejez\u0151d\u00f6tt be a liturgia.<\/p>\n\n\n\n<figure class=\"wp-block-gallery columns-3 is-cropped wp-block-gallery-2 is-layout-flex wp-block-gallery-is-layout-flex\"><ul class=\"blocks-gallery-grid\"><li class=\"blocks-gallery-item\"><figure><img loading=\"lazy\" decoding=\"async\" width=\"1024\" height=\"683\" src=\"https:\/\/marcali.plebania.hu\/wp-content\/uploads\/2020\/11\/05-1024x683.jpg\" alt=\"\" data-id=\"2246\" data-link=\"https:\/\/marcali.plebania.hu\/?attachment_id=2246\" class=\"wp-image-2246\" srcset=\"https:\/\/marcali.plebania.hu\/wp-content\/uploads\/2020\/11\/05-1024x683.jpg 1024w, https:\/\/marcali.plebania.hu\/wp-content\/uploads\/2020\/11\/05-300x200.jpg 300w, https:\/\/marcali.plebania.hu\/wp-content\/uploads\/2020\/11\/05-768x512.jpg 768w, https:\/\/marcali.plebania.hu\/wp-content\/uploads\/2020\/11\/05-1536x1024.jpg 1536w, https:\/\/marcali.plebania.hu\/wp-content\/uploads\/2020\/11\/05-2048x1365.jpg 2048w, https:\/\/marcali.plebania.hu\/wp-content\/uploads\/2020\/11\/05-405x270.jpg 405w\" sizes=\"auto, (max-width: 1024px) 100vw, 1024px\" \/><\/figure><\/li><li class=\"blocks-gallery-item\"><figure><img loading=\"lazy\" decoding=\"async\" width=\"1024\" height=\"683\" src=\"https:\/\/marcali.plebania.hu\/wp-content\/uploads\/2020\/11\/08-1024x683.jpg\" alt=\"\" data-id=\"2247\" data-link=\"https:\/\/marcali.plebania.hu\/?attachment_id=2247\" class=\"wp-image-2247\" srcset=\"https:\/\/marcali.plebania.hu\/wp-content\/uploads\/2020\/11\/08-1024x683.jpg 1024w, https:\/\/marcali.plebania.hu\/wp-content\/uploads\/2020\/11\/08-300x200.jpg 300w, https:\/\/marcali.plebania.hu\/wp-content\/uploads\/2020\/11\/08-768x512.jpg 768w, https:\/\/marcali.plebania.hu\/wp-content\/uploads\/2020\/11\/08-1536x1024.jpg 1536w, https:\/\/marcali.plebania.hu\/wp-content\/uploads\/2020\/11\/08-2048x1365.jpg 2048w, https:\/\/marcali.plebania.hu\/wp-content\/uploads\/2020\/11\/08-405x270.jpg 405w\" sizes=\"auto, (max-width: 1024px) 100vw, 1024px\" \/><\/figure><\/li><li class=\"blocks-gallery-item\"><figure><img loading=\"lazy\" decoding=\"async\" width=\"1024\" height=\"683\" src=\"https:\/\/marcali.plebania.hu\/wp-content\/uploads\/2020\/11\/09-1024x683.jpg\" alt=\"\" data-id=\"2248\" data-link=\"https:\/\/marcali.plebania.hu\/?attachment_id=2248\" class=\"wp-image-2248\" srcset=\"https:\/\/marcali.plebania.hu\/wp-content\/uploads\/2020\/11\/09-1024x683.jpg 1024w, https:\/\/marcali.plebania.hu\/wp-content\/uploads\/2020\/11\/09-300x200.jpg 300w, https:\/\/marcali.plebania.hu\/wp-content\/uploads\/2020\/11\/09-768x512.jpg 768w, https:\/\/marcali.plebania.hu\/wp-content\/uploads\/2020\/11\/09-1536x1024.jpg 1536w, https:\/\/marcali.plebania.hu\/wp-content\/uploads\/2020\/11\/09-2048x1365.jpg 2048w, https:\/\/marcali.plebania.hu\/wp-content\/uploads\/2020\/11\/09-405x270.jpg 405w\" sizes=\"auto, (max-width: 1024px) 100vw, 1024px\" \/><\/figure><\/li><li class=\"blocks-gallery-item\"><figure><img loading=\"lazy\" decoding=\"async\" width=\"1024\" height=\"683\" src=\"https:\/\/marcali.plebania.hu\/wp-content\/uploads\/2020\/11\/15-1024x683.jpg\" alt=\"\" data-id=\"2249\" data-full-url=\"https:\/\/marcali.plebania.hu\/wp-content\/uploads\/2020\/11\/15-scaled.jpg\" data-link=\"https:\/\/marcali.plebania.hu\/?attachment_id=2249\" class=\"wp-image-2249\" srcset=\"https:\/\/marcali.plebania.hu\/wp-content\/uploads\/2020\/11\/15-1024x683.jpg 1024w, https:\/\/marcali.plebania.hu\/wp-content\/uploads\/2020\/11\/15-300x200.jpg 300w, https:\/\/marcali.plebania.hu\/wp-content\/uploads\/2020\/11\/15-768x512.jpg 768w, https:\/\/marcali.plebania.hu\/wp-content\/uploads\/2020\/11\/15-1536x1024.jpg 1536w, https:\/\/marcali.plebania.hu\/wp-content\/uploads\/2020\/11\/15-2048x1365.jpg 2048w, https:\/\/marcali.plebania.hu\/wp-content\/uploads\/2020\/11\/15-405x270.jpg 405w\" sizes=\"auto, (max-width: 1024px) 100vw, 1024px\" \/><\/figure><\/li><\/ul><\/figure>\n\n\n\n<p>H\u00e9tf\u0151n, Halottak napj\u00e1n pedig 9 \u00f3rakor a k\u00f6zponti temet\u0151 k\u00e1poln\u00e1ja helyett ism\u00e9t a ravataloz\u00f3n\u00e1l, szabadt\u00e9rben mondta el Iv\u00e1n atya a szentmis\u00e9t. Szentbesz\u00e9d\u00e9ben eml\u00e9keztetett, ilyenkor az elhunyt csal\u00e1dtagjaink\u00e9rt, szeretteink\u00e9rt, ismer\u0151seink\u00e9rt \u00e9s bar\u00e1taink\u00e9rt is im\u00e1dkozzunk, hogy min\u00e9l el\u0151bb nyerj\u00e9k el az \u00f6r\u00f6k \u00fcdv\u00f6ss\u00e9get.<\/p>\n\n\n\n<figure class=\"wp-block-gallery columns-3 is-cropped wp-block-gallery-3 is-layout-flex wp-block-gallery-is-layout-flex\"><ul class=\"blocks-gallery-grid\"><li class=\"blocks-gallery-item\"><figure><img loading=\"lazy\" decoding=\"async\" width=\"1024\" height=\"683\" src=\"https:\/\/marcali.plebania.hu\/wp-content\/uploads\/2020\/11\/18-1024x683.jpg\" alt=\"\" data-id=\"2250\" data-link=\"https:\/\/marcali.plebania.hu\/?attachment_id=2250\" class=\"wp-image-2250\" srcset=\"https:\/\/marcali.plebania.hu\/wp-content\/uploads\/2020\/11\/18-1024x683.jpg 1024w, https:\/\/marcali.plebania.hu\/wp-content\/uploads\/2020\/11\/18-300x200.jpg 300w, https:\/\/marcali.plebania.hu\/wp-content\/uploads\/2020\/11\/18-768x512.jpg 768w, https:\/\/marcali.plebania.hu\/wp-content\/uploads\/2020\/11\/18-1536x1024.jpg 1536w, https:\/\/marcali.plebania.hu\/wp-content\/uploads\/2020\/11\/18-2048x1365.jpg 2048w, https:\/\/marcali.plebania.hu\/wp-content\/uploads\/2020\/11\/18-405x270.jpg 405w\" sizes=\"auto, (max-width: 1024px) 100vw, 1024px\" \/><\/figure><\/li><li class=\"blocks-gallery-item\"><figure><img loading=\"lazy\" decoding=\"async\" width=\"1024\" height=\"683\" src=\"https:\/\/marcali.plebania.hu\/wp-content\/uploads\/2020\/11\/19-1024x683.jpg\" alt=\"\" data-id=\"2251\" data-link=\"https:\/\/marcali.plebania.hu\/?attachment_id=2251\" class=\"wp-image-2251\" srcset=\"https:\/\/marcali.plebania.hu\/wp-content\/uploads\/2020\/11\/19-1024x683.jpg 1024w, https:\/\/marcali.plebania.hu\/wp-content\/uploads\/2020\/11\/19-300x200.jpg 300w, https:\/\/marcali.plebania.hu\/wp-content\/uploads\/2020\/11\/19-768x512.jpg 768w, https:\/\/marcali.plebania.hu\/wp-content\/uploads\/2020\/11\/19-1536x1024.jpg 1536w, https:\/\/marcali.plebania.hu\/wp-content\/uploads\/2020\/11\/19-2048x1365.jpg 2048w, https:\/\/marcali.plebania.hu\/wp-content\/uploads\/2020\/11\/19-405x270.jpg 405w\" sizes=\"auto, (max-width: 1024px) 100vw, 1024px\" \/><\/figure><\/li><li class=\"blocks-gallery-item\"><figure><img loading=\"lazy\" decoding=\"async\" width=\"1024\" height=\"683\" src=\"https:\/\/marcali.plebania.hu\/wp-content\/uploads\/2020\/11\/24-1024x683.jpg\" alt=\"\" data-id=\"2252\" data-link=\"https:\/\/marcali.plebania.hu\/?attachment_id=2252\" class=\"wp-image-2252\" srcset=\"https:\/\/marcali.plebania.hu\/wp-content\/uploads\/2020\/11\/24-1024x683.jpg 1024w, https:\/\/marcali.plebania.hu\/wp-content\/uploads\/2020\/11\/24-300x200.jpg 300w, https:\/\/marcali.plebania.hu\/wp-content\/uploads\/2020\/11\/24-768x512.jpg 768w, https:\/\/marcali.plebania.hu\/wp-content\/uploads\/2020\/11\/24-1536x1024.jpg 1536w, https:\/\/marcali.plebania.hu\/wp-content\/uploads\/2020\/11\/24-2048x1365.jpg 2048w, https:\/\/marcali.plebania.hu\/wp-content\/uploads\/2020\/11\/24-405x270.jpg 405w\" sizes=\"auto, (max-width: 1024px) 100vw, 1024px\" \/><\/figure><\/li><li class=\"blocks-gallery-item\"><figure><img loading=\"lazy\" decoding=\"async\" width=\"1024\" height=\"683\" src=\"https:\/\/marcali.plebania.hu\/wp-content\/uploads\/2020\/11\/26-1024x683.jpg\" alt=\"\" data-id=\"2253\" data-full-url=\"https:\/\/marcali.plebania.hu\/wp-content\/uploads\/2020\/11\/26-scaled.jpg\" data-link=\"https:\/\/marcali.plebania.hu\/?attachment_id=2253\" class=\"wp-image-2253\" srcset=\"https:\/\/marcali.plebania.hu\/wp-content\/uploads\/2020\/11\/26-1024x683.jpg 1024w, https:\/\/marcali.plebania.hu\/wp-content\/uploads\/2020\/11\/26-300x200.jpg 300w, https:\/\/marcali.plebania.hu\/wp-content\/uploads\/2020\/11\/26-768x512.jpg 768w, https:\/\/marcali.plebania.hu\/wp-content\/uploads\/2020\/11\/26-1536x1024.jpg 1536w, https:\/\/marcali.plebania.hu\/wp-content\/uploads\/2020\/11\/26-2048x1365.jpg 2048w, https:\/\/marcali.plebania.hu\/wp-content\/uploads\/2020\/11\/26-405x270.jpg 405w\" sizes=\"auto, (max-width: 1024px) 100vw, 1024px\" \/><\/figure><\/li><\/ul><\/figure>\n","protected":false},"excerpt":{"rendered":"<p>A koronav\u00edrus-j\u00e1rv\u00e1ny miatt az idei esztend\u0151ben a Mindenszentek \u00e9s a Halottak napja is a hat\u00f3s\u00e1gi biztons\u00e1gi int\u00e9zked\u00e9sek betart\u00e1s\u00e1val zajlottak Marcaliban. 2020. okt\u00f3ber 31-\u00e9n, szombaton, Mindenszentek el\u0151est\u00e9j\u00e9n a k\u00f6zponti temet\u0151 ravataloz\u00f3j\u00e1n\u00e1l, 17 \u00f3rai kezdettel tartott\u00e1k meg az \u00fcnnepi szentmis\u00e9t. Az istentiszteletet Kiss Iv\u00e1n c. pr\u00e9post, esperes-pl\u00e9b\u00e1nos mutatta be, \u00e9nekkel Balogh B\u00e1lint k\u00e1ntor, versekkel Kozma Kriszti\u00e1n, Kazinczy-d\u00edjas el\u0151ad\u00f3 \u00e9s T\u00f3th Eszter \u00c1gnes gimnazista m\u0171k\u00f6d\u00f6tt k\u00f6zre. Majd ezut\u00e1n a jelenl\u00e9v\u0151 h\u00edvek a K\u00e1lv\u00e1ri\u00e1hoz vonultak, ahol egy\u00fctt im\u00e1dkoztak az elhunytak lelki \u00fcdv\u00e9\u00e9rt. November 1-\u00e9n,&#8230;<\/p>\n<p class=\"read-more\"><a class=\"btn btn-default\" href=\"https:\/\/marcali.plebania.hu\/?p=2241\"> Read More<span class=\"screen-reader-text\">  Read More<\/span><\/a><\/p>\n","protected":false},"author":2,"featured_media":0,"comment_status":"closed","ping_status":"open","sticky":false,"template":"","format":"standard","meta":{"footnotes":""},"categories":[1],"tags":[],"class_list":["post-2241","post","type-post","status-publish","format-standard","hentry","category-egyeb"],"_links":{"self":[{"href":"https:\/\/marcali.plebania.hu\/index.php?rest_route=\/wp\/v2\/posts\/2241","targetHints":{"allow":["GET"]}}],"collection":[{"href":"https:\/\/marcali.plebania.hu\/index.php?rest_route=\/wp\/v2\/posts"}],"about":[{"href":"https:\/\/marcali.plebania.hu\/index.php?rest_route=\/wp\/v2\/types\/post"}],"author":[{"embeddable":true,"href":"https:\/\/marcali.plebania.hu\/index.php?rest_route=\/wp\/v2\/users\/2"}],"replies":[{"embeddable":true,"href":"https:\/\/marcali.plebania.hu\/index.php?rest_route=%2Fwp%2Fv2%2Fcomments&post=2241"}],"version-history":[{"count":1,"href":"https:\/\/marcali.plebania.hu\/index.php?rest_route=\/wp\/v2\/posts\/2241\/revisions"}],"predecessor-version":[{"id":2254,"href":"https:\/\/marcali.plebania.hu\/index.php?rest_route=\/wp\/v2\/posts\/2241\/revisions\/2254"}],"wp:attachment":[{"href":"https:\/\/marcali.plebania.hu\/index.php?rest_route=%2Fwp%2Fv2%2Fmedia&parent=2241"}],"wp:term":[{"taxonomy":"category","embeddable":true,"href":"https:\/\/marcali.plebania.hu\/index.php?rest_route=%2Fwp%2Fv2%2Fcategories&post=2241"},{"taxonomy":"post_tag","embeddable":true,"href":"https:\/\/marcali.plebania.hu\/index.php?rest_route=%2Fwp%2Fv2%2Ftags&post=2241"}],"curies":[{"name":"wp","href":"https:\/\/api.w.org\/{rel}","templated":true}]}}