{"id":225,"date":"2018-05-16T07:19:58","date_gmt":"2018-05-16T07:19:58","guid":{"rendered":"https:\/\/marcali.plebania.hu\/?p=225"},"modified":"2018-05-16T07:19:58","modified_gmt":"2018-05-16T07:19:58","slug":"jezusa-kezeben-kesz-a-kegyelem-arany-janos-balladak-marcaliban","status":"publish","type":"post","link":"https:\/\/marcali.plebania.hu\/?p=225","title":{"rendered":"\u201eJ\u00e9zusa kez\u00e9ben k\u00e9sz a kegyelem\u2026\u201d \u2013 Arany J\u00e1nos ballad\u00e1k Marcaliban"},"content":{"rendered":"<p>2018. m\u00e1jus 11-\u00e9n, p\u00e9nteken 18 \u00f3rakor a Marcali Kultur\u00e1lis Korz\u00f3 mozi term\u00e9ben<em> \u201eJ\u00e9zusa kez\u00e9ben k\u00e9sz a kegyelem\u2026\u201d<\/em> c\u00edmmel Arany J\u00e1nos legismertebb ballad\u00e1i hangzottak el L\u00e1z\u00e1r Csaba sz\u00ednm\u0171v\u00e9sz tolm\u00e1csol\u00e1s\u00e1ban.<\/p>\n<p><img loading=\"lazy\" decoding=\"async\" class=\"aligncenter wp-image-227 size-large\" src=\"https:\/\/marcali.plebania.hu\/wp-content\/uploads\/2018\/05\/13-1024x683.jpg\" alt=\"\" width=\"640\" height=\"427\" srcset=\"https:\/\/marcali.plebania.hu\/wp-content\/uploads\/2018\/05\/13-1024x683.jpg 1024w, https:\/\/marcali.plebania.hu\/wp-content\/uploads\/2018\/05\/13-300x200.jpg 300w, https:\/\/marcali.plebania.hu\/wp-content\/uploads\/2018\/05\/13-768x512.jpg 768w, https:\/\/marcali.plebania.hu\/wp-content\/uploads\/2018\/05\/13-405x270.jpg 405w\" sizes=\"auto, (max-width: 640px) 100vw, 640px\" \/><\/p>\n<p>A legnagyobb magyar k\u00f6lt\u0151 200. sz\u00fclet\u00e9snapja alkalm\u00e1b\u00f3l a Szent L\u00e1szl\u00f3, a P\u00e1zm\u00e1n lovag, a Szondi k\u00e9t apr\u00f3dja, A walesi b\u00e1rdok \u00e9s a H\u00edd-avat\u00e1s c\u00edm\u0171 remekm\u0171vek sz\u00f3laltak meg a Magyar Katolikus R\u00e1di\u00f3 vezet\u0151 bemond\u00f3j\u00e1nak tolm\u00e1csol\u00e1s\u00e1ban.<\/p>\n<p>Az elhangzott l\u00edrai m\u0171vek egyed\u00fcl\u00e1ll\u00f3 nyelvi gazdags\u00e1gr\u00f3l, az \u00edr\u00f3 zsenialit\u00e1s\u00e1r\u00f3l tan\u00faskodnak, mik\u00f6zben a hallgat\u00f3s\u00e1got egyenesen a r\u00e9gi id\u0151kbe rep\u00edti. Ezen k\u00edv\u00fcl k\u00e1pr\u00e1ztat\u00f3 emberismerete, szeretete, humora m\u00e9g a ma ember\u00e9t is elvar\u00e1zsolja. A rendezv\u00e9nyen Lacz\u00f3 Zolt\u00e1n Vince zeneszerz\u0151, zen\u00e9sz m\u0171k\u00f6d\u00f6tt k\u00f6zre a korabeli hangulatot id\u00e9z\u0151 git\u00e1rmuzsik\u00e1val.<\/p>\n<p><img loading=\"lazy\" decoding=\"async\" class=\"aligncenter wp-image-228 size-large\" src=\"https:\/\/marcali.plebania.hu\/wp-content\/uploads\/2018\/05\/11-1024x683.jpg\" alt=\"\" width=\"640\" height=\"427\" srcset=\"https:\/\/marcali.plebania.hu\/wp-content\/uploads\/2018\/05\/11-1024x683.jpg 1024w, https:\/\/marcali.plebania.hu\/wp-content\/uploads\/2018\/05\/11-300x200.jpg 300w, https:\/\/marcali.plebania.hu\/wp-content\/uploads\/2018\/05\/11-768x512.jpg 768w, https:\/\/marcali.plebania.hu\/wp-content\/uploads\/2018\/05\/11-405x270.jpg 405w\" sizes=\"auto, (max-width: 640px) 100vw, 640px\" \/><\/p>\n<p>A program az Arany J\u00e1nos Eml\u00e9k\u00e9v t\u00e1mogatott esem\u00e9nye volt, melyet az Emberi Er\u0151forr\u00e1sok Miniszt\u00e9riuma t\u00e1mogatott.<\/p>\n","protected":false},"excerpt":{"rendered":"<p>2018. m\u00e1jus 11-\u00e9n, p\u00e9nteken 18 \u00f3rakor a Marcali Kultur\u00e1lis Korz\u00f3 mozi term\u00e9ben \u201eJ\u00e9zusa kez\u00e9ben k\u00e9sz a kegyelem\u2026\u201d c\u00edmmel Arany J\u00e1nos legismertebb ballad\u00e1i hangzottak el L\u00e1z\u00e1r Csaba sz\u00ednm\u0171v\u00e9sz tolm\u00e1csol\u00e1s\u00e1ban. A legnagyobb magyar k\u00f6lt\u0151 200. sz\u00fclet\u00e9snapja alkalm\u00e1b\u00f3l a Szent L\u00e1szl\u00f3, a P\u00e1zm\u00e1n lovag, a Szondi k\u00e9t apr\u00f3dja, A walesi b\u00e1rdok \u00e9s a H\u00edd-avat\u00e1s c\u00edm\u0171 remekm\u0171vek sz\u00f3laltak meg a Magyar Katolikus R\u00e1di\u00f3 vezet\u0151 bemond\u00f3j\u00e1nak tolm\u00e1csol\u00e1s\u00e1ban. Az elhangzott l\u00edrai m\u0171vek egyed\u00fcl\u00e1ll\u00f3 nyelvi gazdags\u00e1gr\u00f3l, az \u00edr\u00f3 zsenialit\u00e1s\u00e1r\u00f3l tan\u00faskodnak, mik\u00f6zben a hallgat\u00f3s\u00e1got egyenesen a r\u00e9gi id\u0151kbe&#8230;<\/p>\n<p class=\"read-more\"><a class=\"btn btn-default\" href=\"https:\/\/marcali.plebania.hu\/?p=225\"> Read More<span class=\"screen-reader-text\">  Read More<\/span><\/a><\/p>\n","protected":false},"author":2,"featured_media":0,"comment_status":"closed","ping_status":"open","sticky":false,"template":"","format":"standard","meta":{"footnotes":""},"categories":[1],"tags":[],"class_list":["post-225","post","type-post","status-publish","format-standard","hentry","category-egyeb"],"_links":{"self":[{"href":"https:\/\/marcali.plebania.hu\/index.php?rest_route=\/wp\/v2\/posts\/225","targetHints":{"allow":["GET"]}}],"collection":[{"href":"https:\/\/marcali.plebania.hu\/index.php?rest_route=\/wp\/v2\/posts"}],"about":[{"href":"https:\/\/marcali.plebania.hu\/index.php?rest_route=\/wp\/v2\/types\/post"}],"author":[{"embeddable":true,"href":"https:\/\/marcali.plebania.hu\/index.php?rest_route=\/wp\/v2\/users\/2"}],"replies":[{"embeddable":true,"href":"https:\/\/marcali.plebania.hu\/index.php?rest_route=%2Fwp%2Fv2%2Fcomments&post=225"}],"version-history":[{"count":3,"href":"https:\/\/marcali.plebania.hu\/index.php?rest_route=\/wp\/v2\/posts\/225\/revisions"}],"predecessor-version":[{"id":230,"href":"https:\/\/marcali.plebania.hu\/index.php?rest_route=\/wp\/v2\/posts\/225\/revisions\/230"}],"wp:attachment":[{"href":"https:\/\/marcali.plebania.hu\/index.php?rest_route=%2Fwp%2Fv2%2Fmedia&parent=225"}],"wp:term":[{"taxonomy":"category","embeddable":true,"href":"https:\/\/marcali.plebania.hu\/index.php?rest_route=%2Fwp%2Fv2%2Fcategories&post=225"},{"taxonomy":"post_tag","embeddable":true,"href":"https:\/\/marcali.plebania.hu\/index.php?rest_route=%2Fwp%2Fv2%2Ftags&post=225"}],"curies":[{"name":"wp","href":"https:\/\/api.w.org\/{rel}","templated":true}]}}