{"id":2255,"date":"2020-11-06T08:43:15","date_gmt":"2020-11-06T08:43:15","guid":{"rendered":"https:\/\/marcali.plebania.hu\/?p=2255"},"modified":"2020-11-06T08:43:15","modified_gmt":"2020-11-06T08:43:15","slug":"hirdetesek-2020-11-08","status":"publish","type":"post","link":"https:\/\/marcali.plebania.hu\/?p=2255","title":{"rendered":"Hirdet\u00e9sek 2020. 11. 08."},"content":{"rendered":"\n<ol class=\"wp-block-list\"><li>Ma\nvan az \u00e9vk\u00f6zi 32. vas\u00e1rnap.<\/li><li>A\nj\u00f6v\u0151 h\u00e9ten, p\u00e9nteken 16 \u00f3rakor fatimai ima\u00f3r\u00e1t tartunk, 17 \u00f3rakor szentmise.<\/li><li>Egyh\u00e1zk\u00f6zs\u00e9g\u00fcnk\nis csatlakozik a NEK Titk\u00e1rs\u00e1ga \u00e1ltal kezdem\u00e9nyezett Krisztus kir\u00e1ly vas\u00e1rnapja\nel\u0151tti szombaton (november 21-\u00e9n) 16 \u00f3rakor kezd\u0151d\u0151 orsz\u00e1gos szents\u00e9gim\u00e1d\u00e1shoz.\nA j\u00f6v\u0151 vas\u00e1rnap m\u00e9g lehet jelentkezni a szokott form\u00e1ban.<\/li><li>Napt\u00e1rak,\nkalend\u00e1rium \u00e9s a Sz\u00edvem els\u0151 gondolata c\u00edm\u0171 k\u00f6nyv kaphat\u00f3 a sekresty\u00e9ben \u00e9s a pl\u00e9b\u00e1ni\u00e1n.<\/li><li>J\u00e1rv\u00e1ny\u00fcgyi\nrendelkez\u00e9sek: a templomokba csak maszkban lehet bej\u00f6nni, a testh\u0151m\u00e9rs\u00e9kletet\nmegm\u00e9rik \u00e9s a k\u00e9zfert\u0151tlen\u00edt\u00e9s is k\u00f6telez\u0151. Ez vonatkozik a temet\u00e9si\nszentmis\u00e9kre \u00e9s a keresztel\u00e9sekre is. A temet\u00e9sekkor is k\u00f6telez\u0151 a sz\u00e1jmaszk.\nAz imak\u00f6z\u00f6ss\u00e9gek az X-h\u00e1zat tov\u00e1bbra is haszn\u00e1lhatj\u00e1k, de a biztons\u00e1g \u00e9rdek\u00e9ben\na nagyobb termeket vegy\u00e9k ig\u00e9nybe.<\/li><\/ol>\n","protected":false},"excerpt":{"rendered":"<p>Ma van az \u00e9vk\u00f6zi 32. vas\u00e1rnap. A j\u00f6v\u0151 h\u00e9ten, p\u00e9nteken 16 \u00f3rakor fatimai ima\u00f3r\u00e1t tartunk, 17 \u00f3rakor szentmise. Egyh\u00e1zk\u00f6zs\u00e9g\u00fcnk is csatlakozik a NEK Titk\u00e1rs\u00e1ga \u00e1ltal kezdem\u00e9nyezett Krisztus kir\u00e1ly vas\u00e1rnapja el\u0151tti szombaton (november 21-\u00e9n) 16 \u00f3rakor kezd\u0151d\u0151 orsz\u00e1gos szents\u00e9gim\u00e1d\u00e1shoz. A j\u00f6v\u0151 vas\u00e1rnap m\u00e9g lehet jelentkezni a szokott form\u00e1ban. Napt\u00e1rak, kalend\u00e1rium \u00e9s a Sz\u00edvem els\u0151 gondolata c\u00edm\u0171 k\u00f6nyv kaphat\u00f3 a sekresty\u00e9ben \u00e9s a pl\u00e9b\u00e1ni\u00e1n. J\u00e1rv\u00e1ny\u00fcgyi rendelkez\u00e9sek: a templomokba csak maszkban lehet bej\u00f6nni, a testh\u0151m\u00e9rs\u00e9kletet megm\u00e9rik \u00e9s a k\u00e9zfert\u0151tlen\u00edt\u00e9s is k\u00f6telez\u0151. Ez vonatkozik&#8230;<\/p>\n<p class=\"read-more\"><a class=\"btn btn-default\" href=\"https:\/\/marcali.plebania.hu\/?p=2255\"> Read More<span class=\"screen-reader-text\">  Read More<\/span><\/a><\/p>\n","protected":false},"author":2,"featured_media":0,"comment_status":"closed","ping_status":"open","sticky":false,"template":"","format":"standard","meta":{"footnotes":""},"categories":[1],"tags":[],"class_list":["post-2255","post","type-post","status-publish","format-standard","hentry","category-egyeb"],"_links":{"self":[{"href":"https:\/\/marcali.plebania.hu\/index.php?rest_route=\/wp\/v2\/posts\/2255","targetHints":{"allow":["GET"]}}],"collection":[{"href":"https:\/\/marcali.plebania.hu\/index.php?rest_route=\/wp\/v2\/posts"}],"about":[{"href":"https:\/\/marcali.plebania.hu\/index.php?rest_route=\/wp\/v2\/types\/post"}],"author":[{"embeddable":true,"href":"https:\/\/marcali.plebania.hu\/index.php?rest_route=\/wp\/v2\/users\/2"}],"replies":[{"embeddable":true,"href":"https:\/\/marcali.plebania.hu\/index.php?rest_route=%2Fwp%2Fv2%2Fcomments&post=2255"}],"version-history":[{"count":1,"href":"https:\/\/marcali.plebania.hu\/index.php?rest_route=\/wp\/v2\/posts\/2255\/revisions"}],"predecessor-version":[{"id":2256,"href":"https:\/\/marcali.plebania.hu\/index.php?rest_route=\/wp\/v2\/posts\/2255\/revisions\/2256"}],"wp:attachment":[{"href":"https:\/\/marcali.plebania.hu\/index.php?rest_route=%2Fwp%2Fv2%2Fmedia&parent=2255"}],"wp:term":[{"taxonomy":"category","embeddable":true,"href":"https:\/\/marcali.plebania.hu\/index.php?rest_route=%2Fwp%2Fv2%2Fcategories&post=2255"},{"taxonomy":"post_tag","embeddable":true,"href":"https:\/\/marcali.plebania.hu\/index.php?rest_route=%2Fwp%2Fv2%2Ftags&post=2255"}],"curies":[{"name":"wp","href":"https:\/\/api.w.org\/{rel}","templated":true}]}}