{"id":2257,"date":"2020-11-10T16:05:55","date_gmt":"2020-11-10T16:05:55","guid":{"rendered":"https:\/\/marcali.plebania.hu\/?p=2257"},"modified":"2020-11-10T16:05:55","modified_gmt":"2020-11-10T16:05:55","slug":"oszi-bermalas-a-plebaniatemplomban","status":"publish","type":"post","link":"https:\/\/marcali.plebania.hu\/?p=2257","title":{"rendered":"\u0150szi b\u00e9rm\u00e1l\u00e1s a pl\u00e9b\u00e1niatemplomban"},"content":{"rendered":"\n<p>2020. november 8-\u00e1n, vas\u00e1rnap\n11.30 \u00f3rakor megtartott\u00e1k \u2013 az eredetileg tavaszra tervezett, \u00e1m\nkoronav\u00edrus-j\u00e1rv\u00e1ny miatt akkor elhalasztott \u2013 b\u00e9rm\u00e1l\u00e1st Marcaliban, a\nGy\u00fcm\u00f6lcsolt\u00f3 Boldogasszony pl\u00e9b\u00e1niatemplomban.<\/p>\n\n\n\n<p>Az \u00fcnnepi szentmis\u00e9n nemcsak a b\u00e9rm\u00e1lkoz\u00f3k, hanem a sz\u00fcl\u0151k, testv\u00e9rek, nagysz\u00fcl\u0151k, illetve rokonok, azaz mindenki csak a jelenleg \u00e9rv\u00e9nyben l\u00e9v\u0151 rendk\u00edv\u00fcli int\u00e9zked\u00e9sek (l\u00e1zm\u00e9r\u00e9s, k\u00e9zfert\u0151tlen\u00edt\u00e9s, sz\u00e1jmaszk, t\u00e1vols\u00e1gtart\u00e1s) betart\u00e1s\u00e1val vehetett r\u00e9szt.<\/p>\n\n\n\n<figure class=\"wp-block-gallery columns-3 is-cropped wp-block-gallery-1 is-layout-flex wp-block-gallery-is-layout-flex\"><ul class=\"blocks-gallery-grid\"><li class=\"blocks-gallery-item\"><figure><img loading=\"lazy\" decoding=\"async\" width=\"1024\" height=\"683\" src=\"https:\/\/marcali.plebania.hu\/wp-content\/uploads\/2020\/11\/01-1-1024x683.jpg\" alt=\"\" data-id=\"2258\" data-link=\"https:\/\/marcali.plebania.hu\/?attachment_id=2258\" class=\"wp-image-2258\" srcset=\"https:\/\/marcali.plebania.hu\/wp-content\/uploads\/2020\/11\/01-1-1024x683.jpg 1024w, https:\/\/marcali.plebania.hu\/wp-content\/uploads\/2020\/11\/01-1-300x200.jpg 300w, https:\/\/marcali.plebania.hu\/wp-content\/uploads\/2020\/11\/01-1-768x512.jpg 768w, https:\/\/marcali.plebania.hu\/wp-content\/uploads\/2020\/11\/01-1-1536x1024.jpg 1536w, https:\/\/marcali.plebania.hu\/wp-content\/uploads\/2020\/11\/01-1-2048x1365.jpg 2048w, https:\/\/marcali.plebania.hu\/wp-content\/uploads\/2020\/11\/01-1-405x270.jpg 405w\" sizes=\"auto, (max-width: 1024px) 100vw, 1024px\" \/><\/figure><\/li><li class=\"blocks-gallery-item\"><figure><img loading=\"lazy\" decoding=\"async\" width=\"1024\" height=\"683\" src=\"https:\/\/marcali.plebania.hu\/wp-content\/uploads\/2020\/11\/03-1-1024x683.jpg\" alt=\"\" data-id=\"2259\" data-full-url=\"https:\/\/marcali.plebania.hu\/wp-content\/uploads\/2020\/11\/03-1-scaled.jpg\" data-link=\"https:\/\/marcali.plebania.hu\/?attachment_id=2259\" class=\"wp-image-2259\" srcset=\"https:\/\/marcali.plebania.hu\/wp-content\/uploads\/2020\/11\/03-1-1024x683.jpg 1024w, https:\/\/marcali.plebania.hu\/wp-content\/uploads\/2020\/11\/03-1-300x200.jpg 300w, https:\/\/marcali.plebania.hu\/wp-content\/uploads\/2020\/11\/03-1-768x512.jpg 768w, https:\/\/marcali.plebania.hu\/wp-content\/uploads\/2020\/11\/03-1-1536x1024.jpg 1536w, https:\/\/marcali.plebania.hu\/wp-content\/uploads\/2020\/11\/03-1-2048x1365.jpg 2048w, https:\/\/marcali.plebania.hu\/wp-content\/uploads\/2020\/11\/03-1-405x270.jpg 405w\" sizes=\"auto, (max-width: 1024px) 100vw, 1024px\" \/><\/figure><\/li><li class=\"blocks-gallery-item\"><figure><img loading=\"lazy\" decoding=\"async\" width=\"1024\" height=\"683\" src=\"https:\/\/marcali.plebania.hu\/wp-content\/uploads\/2020\/11\/04-1-1024x683.jpg\" alt=\"\" data-id=\"2260\" data-full-url=\"https:\/\/marcali.plebania.hu\/wp-content\/uploads\/2020\/11\/04-1-scaled.jpg\" data-link=\"https:\/\/marcali.plebania.hu\/?attachment_id=2260\" class=\"wp-image-2260\" srcset=\"https:\/\/marcali.plebania.hu\/wp-content\/uploads\/2020\/11\/04-1-1024x683.jpg 1024w, https:\/\/marcali.plebania.hu\/wp-content\/uploads\/2020\/11\/04-1-300x200.jpg 300w, https:\/\/marcali.plebania.hu\/wp-content\/uploads\/2020\/11\/04-1-768x512.jpg 768w, https:\/\/marcali.plebania.hu\/wp-content\/uploads\/2020\/11\/04-1-1536x1024.jpg 1536w, https:\/\/marcali.plebania.hu\/wp-content\/uploads\/2020\/11\/04-1-2048x1365.jpg 2048w, https:\/\/marcali.plebania.hu\/wp-content\/uploads\/2020\/11\/04-1-405x270.jpg 405w\" sizes=\"auto, (max-width: 1024px) 100vw, 1024px\" \/><\/figure><\/li><li class=\"blocks-gallery-item\"><figure><img loading=\"lazy\" decoding=\"async\" width=\"1024\" height=\"683\" src=\"https:\/\/marcali.plebania.hu\/wp-content\/uploads\/2020\/11\/05-1-1024x683.jpg\" alt=\"\" data-id=\"2261\" data-full-url=\"https:\/\/marcali.plebania.hu\/wp-content\/uploads\/2020\/11\/05-1-scaled.jpg\" data-link=\"https:\/\/marcali.plebania.hu\/?attachment_id=2261\" class=\"wp-image-2261\" srcset=\"https:\/\/marcali.plebania.hu\/wp-content\/uploads\/2020\/11\/05-1-1024x683.jpg 1024w, https:\/\/marcali.plebania.hu\/wp-content\/uploads\/2020\/11\/05-1-300x200.jpg 300w, https:\/\/marcali.plebania.hu\/wp-content\/uploads\/2020\/11\/05-1-768x512.jpg 768w, https:\/\/marcali.plebania.hu\/wp-content\/uploads\/2020\/11\/05-1-1536x1024.jpg 1536w, https:\/\/marcali.plebania.hu\/wp-content\/uploads\/2020\/11\/05-1-2048x1365.jpg 2048w, https:\/\/marcali.plebania.hu\/wp-content\/uploads\/2020\/11\/05-1-405x270.jpg 405w\" sizes=\"auto, (max-width: 1024px) 100vw, 1024px\" \/><\/figure><\/li><\/ul><\/figure>\n\n\n\n<p>Az istentiszteletet Tomanek P\u00e9ter p\u00fcsp\u00f6ki irodaigazgat\u00f3 celebr\u00e1lta, akit az egyh\u00e1zk\u00f6zs\u00e9g nev\u00e9ben Kiss Iv\u00e1n c. pr\u00e9post, esperes-pl\u00e9b\u00e1nos \u00e9s Gelencs\u00e9r R\u00f3bert vil\u00e1gi eln\u00f6k, a b\u00e9rm\u00e1lkoz\u00f3k r\u00e9sz\u00e9r\u0151l k\u00e9t fiatal k\u00f6sz\u00f6nt\u00f6tt. Tomanek P\u00e9ter szentbesz\u00e9d\u00e9ben az evang\u00e9liumi p\u00e9ldabesz\u00e9d jelent\u0151s\u00e9g\u00e9r\u0151l besz\u00e9lt, arr\u00f3l hogy mit \u00fczennek nek\u00fcnk az ebben szerepl\u0151 hajadonok. Mint kifejtette, arra figyelmeztetnek, hogy \u00e9beren v\u00e1rakozzunk \u00e9s mindig legy\u00fcnk k\u00e9szen az \u00darral val\u00f3 tal\u00e1lkoz\u00e1sra. Nehogy olaj n\u00e9lk\u00fcl, \u00fcres l\u00e1mp\u00e1val, \u00fcres k\u00e9zzel, j\u00f3cselekedetek n\u00e9lk\u00fcl \u00e1lljunk, amikor az \u00dar meg\u00e9rkezik hozz\u00e1nk. Ha b\u00f6lcsen el\u0151rel\u00e1t\u00f3ak vagyunk, akkor eljuthatunk az \u00f6r\u00f6k \u00e9letre. A mennyorsz\u00e1gba bel\u00e9p\u0151knek a j\u00f3cselekedetei (ezt jelk\u00e9pezi az olaj) sz\u00e1m\u00edtanak, mindaz, amit m\u00e1sok\u00e9rt \u00f6nzetlen\u00fcl v\u00e9gz\u00fcnk.<\/p>\n\n\n\n<figure class=\"wp-block-gallery columns-3 is-cropped wp-block-gallery-2 is-layout-flex wp-block-gallery-is-layout-flex\"><ul class=\"blocks-gallery-grid\"><li class=\"blocks-gallery-item\"><figure><img loading=\"lazy\" decoding=\"async\" width=\"1024\" height=\"683\" src=\"https:\/\/marcali.plebania.hu\/wp-content\/uploads\/2020\/11\/06-1024x683.jpg\" alt=\"\" data-id=\"2262\" data-link=\"https:\/\/marcali.plebania.hu\/?attachment_id=2262\" class=\"wp-image-2262\" srcset=\"https:\/\/marcali.plebania.hu\/wp-content\/uploads\/2020\/11\/06-1024x683.jpg 1024w, https:\/\/marcali.plebania.hu\/wp-content\/uploads\/2020\/11\/06-300x200.jpg 300w, https:\/\/marcali.plebania.hu\/wp-content\/uploads\/2020\/11\/06-768x512.jpg 768w, https:\/\/marcali.plebania.hu\/wp-content\/uploads\/2020\/11\/06-1536x1024.jpg 1536w, https:\/\/marcali.plebania.hu\/wp-content\/uploads\/2020\/11\/06-2048x1365.jpg 2048w, https:\/\/marcali.plebania.hu\/wp-content\/uploads\/2020\/11\/06-405x270.jpg 405w\" sizes=\"auto, (max-width: 1024px) 100vw, 1024px\" \/><\/figure><\/li><li class=\"blocks-gallery-item\"><figure><img loading=\"lazy\" decoding=\"async\" width=\"1024\" height=\"683\" src=\"https:\/\/marcali.plebania.hu\/wp-content\/uploads\/2020\/11\/07-1024x683.jpg\" alt=\"\" data-id=\"2263\" data-link=\"https:\/\/marcali.plebania.hu\/?attachment_id=2263\" class=\"wp-image-2263\" srcset=\"https:\/\/marcali.plebania.hu\/wp-content\/uploads\/2020\/11\/07-1024x683.jpg 1024w, https:\/\/marcali.plebania.hu\/wp-content\/uploads\/2020\/11\/07-300x200.jpg 300w, https:\/\/marcali.plebania.hu\/wp-content\/uploads\/2020\/11\/07-768x512.jpg 768w, https:\/\/marcali.plebania.hu\/wp-content\/uploads\/2020\/11\/07-1536x1024.jpg 1536w, https:\/\/marcali.plebania.hu\/wp-content\/uploads\/2020\/11\/07-2048x1365.jpg 2048w, https:\/\/marcali.plebania.hu\/wp-content\/uploads\/2020\/11\/07-405x270.jpg 405w\" sizes=\"auto, (max-width: 1024px) 100vw, 1024px\" \/><\/figure><\/li><li class=\"blocks-gallery-item\"><figure><img loading=\"lazy\" decoding=\"async\" width=\"1024\" height=\"683\" src=\"https:\/\/marcali.plebania.hu\/wp-content\/uploads\/2020\/11\/11-1024x683.jpg\" alt=\"\" data-id=\"2265\" data-link=\"https:\/\/marcali.plebania.hu\/?attachment_id=2265\" class=\"wp-image-2265\" srcset=\"https:\/\/marcali.plebania.hu\/wp-content\/uploads\/2020\/11\/11-1024x683.jpg 1024w, https:\/\/marcali.plebania.hu\/wp-content\/uploads\/2020\/11\/11-300x200.jpg 300w, https:\/\/marcali.plebania.hu\/wp-content\/uploads\/2020\/11\/11-768x512.jpg 768w, https:\/\/marcali.plebania.hu\/wp-content\/uploads\/2020\/11\/11-1536x1024.jpg 1536w, https:\/\/marcali.plebania.hu\/wp-content\/uploads\/2020\/11\/11-2048x1365.jpg 2048w, https:\/\/marcali.plebania.hu\/wp-content\/uploads\/2020\/11\/11-405x270.jpg 405w\" sizes=\"auto, (max-width: 1024px) 100vw, 1024px\" \/><\/figure><\/li><li class=\"blocks-gallery-item\"><figure><img loading=\"lazy\" decoding=\"async\" width=\"1024\" height=\"683\" src=\"https:\/\/marcali.plebania.hu\/wp-content\/uploads\/2020\/11\/10-1-1024x683.jpg\" alt=\"\" data-id=\"2266\" data-full-url=\"https:\/\/marcali.plebania.hu\/wp-content\/uploads\/2020\/11\/10-1-scaled.jpg\" data-link=\"https:\/\/marcali.plebania.hu\/?attachment_id=2266\" class=\"wp-image-2266\" srcset=\"https:\/\/marcali.plebania.hu\/wp-content\/uploads\/2020\/11\/10-1-1024x683.jpg 1024w, https:\/\/marcali.plebania.hu\/wp-content\/uploads\/2020\/11\/10-1-300x200.jpg 300w, https:\/\/marcali.plebania.hu\/wp-content\/uploads\/2020\/11\/10-1-768x512.jpg 768w, https:\/\/marcali.plebania.hu\/wp-content\/uploads\/2020\/11\/10-1-1536x1024.jpg 1536w, https:\/\/marcali.plebania.hu\/wp-content\/uploads\/2020\/11\/10-1-2048x1365.jpg 2048w, https:\/\/marcali.plebania.hu\/wp-content\/uploads\/2020\/11\/10-1-405x270.jpg 405w\" sizes=\"auto, (max-width: 1024px) 100vw, 1024px\" \/><\/figure><\/li><\/ul><\/figure>\n\n\n\n<p>Az \u00e9let egyszeri, egyedi lehet\u0151s\u00e9g. Isten mindenkib\u0151l egyet teremtett \u00e9s nem m\u00e1solatokat. Itt nem lehet mindent el\u00f6lr\u0151l kezdeni. Szab\u00e1lyokat hozott a f\u00f6ldi \u00e9s az \u00f6r\u00f6k \u00e9let idej\u00e9re, melyek megtart\u00e1sa a boldogs\u00e1got, a boldog \u00e9letet jelenti sz\u00e1munkra. P\u00e9ter atya a b\u00e9rm\u00e1lkoz\u00f3knak p\u00e9ldak\u00e9p\u00fcl \u00e1ll\u00edtotta a nemr\u00e9giben boldogg\u00e1 avatott Carlo Acutist, aki mind\u00f6ssze 15 \u00e9vet \u00e9lt, amikor 2006-ban leuk\u00e9mi\u00e1ban meghalt. \u0150 egy mai fiatal, aki az evang\u00e9liumi \u00e9let p\u00e9ld\u00e1ja volt: az Eukarisztia ir\u00e1nti szeretete megalapozta az Istennel val\u00f3 kapcsolat\u00e1t. Mindennap j\u00e1rt szentmis\u00e9re, seg\u00edtette a szeg\u00e9nyeket, a koldusokat, a hajl\u00e9ktalanokat \u00e9s a fogyat\u00e9koss\u00e1ggal \u00e9l\u0151ket. A kiv\u00e1l\u00f3 sz\u00e1m\u00edt\u00f3g\u00e9pes ismereteinek k\u00f6sz\u00f6nhet\u0151en a k\u00f6z\u00f6ss\u00e9gi m\u00e9dia modern eszk\u00f6zeit haszn\u00e1lta az evangeliz\u00e1ci\u00f3 terjeszt\u00e9s\u00e9hez. Ezen k\u00edv\u00fcl pl\u00e9b\u00e1niai honlapokat is szerkesztett, m\u0171k\u00f6dtetett, valamint az interneten \u00f6sszegy\u0171jt\u00f6tte az elm\u00falt ezer \u00e9v Eukarisztikus csod\u00e1it.<\/p>\n\n\n\n<figure class=\"wp-block-gallery columns-3 is-cropped wp-block-gallery-3 is-layout-flex wp-block-gallery-is-layout-flex\"><ul class=\"blocks-gallery-grid\"><li class=\"blocks-gallery-item\"><figure><img loading=\"lazy\" decoding=\"async\" width=\"1024\" height=\"683\" src=\"https:\/\/marcali.plebania.hu\/wp-content\/uploads\/2020\/11\/13-1024x683.jpg\" alt=\"\" data-id=\"2267\" data-link=\"https:\/\/marcali.plebania.hu\/?attachment_id=2267\" class=\"wp-image-2267\" srcset=\"https:\/\/marcali.plebania.hu\/wp-content\/uploads\/2020\/11\/13-1024x683.jpg 1024w, https:\/\/marcali.plebania.hu\/wp-content\/uploads\/2020\/11\/13-300x200.jpg 300w, https:\/\/marcali.plebania.hu\/wp-content\/uploads\/2020\/11\/13-768x512.jpg 768w, https:\/\/marcali.plebania.hu\/wp-content\/uploads\/2020\/11\/13-1536x1024.jpg 1536w, https:\/\/marcali.plebania.hu\/wp-content\/uploads\/2020\/11\/13-2048x1365.jpg 2048w, https:\/\/marcali.plebania.hu\/wp-content\/uploads\/2020\/11\/13-405x270.jpg 405w\" sizes=\"auto, (max-width: 1024px) 100vw, 1024px\" \/><\/figure><\/li><li class=\"blocks-gallery-item\"><figure><img loading=\"lazy\" decoding=\"async\" width=\"1024\" height=\"683\" src=\"https:\/\/marcali.plebania.hu\/wp-content\/uploads\/2020\/11\/15-1-1024x683.jpg\" alt=\"\" data-id=\"2268\" data-link=\"https:\/\/marcali.plebania.hu\/?attachment_id=2268\" class=\"wp-image-2268\" srcset=\"https:\/\/marcali.plebania.hu\/wp-content\/uploads\/2020\/11\/15-1-1024x683.jpg 1024w, https:\/\/marcali.plebania.hu\/wp-content\/uploads\/2020\/11\/15-1-300x200.jpg 300w, https:\/\/marcali.plebania.hu\/wp-content\/uploads\/2020\/11\/15-1-768x512.jpg 768w, https:\/\/marcali.plebania.hu\/wp-content\/uploads\/2020\/11\/15-1-1536x1024.jpg 1536w, https:\/\/marcali.plebania.hu\/wp-content\/uploads\/2020\/11\/15-1-2048x1365.jpg 2048w, https:\/\/marcali.plebania.hu\/wp-content\/uploads\/2020\/11\/15-1-405x270.jpg 405w\" sizes=\"auto, (max-width: 1024px) 100vw, 1024px\" \/><\/figure><\/li><li class=\"blocks-gallery-item\"><figure><img loading=\"lazy\" decoding=\"async\" width=\"1024\" height=\"683\" src=\"https:\/\/marcali.plebania.hu\/wp-content\/uploads\/2020\/11\/18-1-1024x683.jpg\" alt=\"\" data-id=\"2269\" data-full-url=\"https:\/\/marcali.plebania.hu\/wp-content\/uploads\/2020\/11\/18-1-scaled.jpg\" data-link=\"https:\/\/marcali.plebania.hu\/?attachment_id=2269\" class=\"wp-image-2269\" srcset=\"https:\/\/marcali.plebania.hu\/wp-content\/uploads\/2020\/11\/18-1-1024x683.jpg 1024w, https:\/\/marcali.plebania.hu\/wp-content\/uploads\/2020\/11\/18-1-300x200.jpg 300w, https:\/\/marcali.plebania.hu\/wp-content\/uploads\/2020\/11\/18-1-768x512.jpg 768w, https:\/\/marcali.plebania.hu\/wp-content\/uploads\/2020\/11\/18-1-1536x1024.jpg 1536w, https:\/\/marcali.plebania.hu\/wp-content\/uploads\/2020\/11\/18-1-2048x1365.jpg 2048w, https:\/\/marcali.plebania.hu\/wp-content\/uploads\/2020\/11\/18-1-405x270.jpg 405w\" sizes=\"auto, (max-width: 1024px) 100vw, 1024px\" \/><\/figure><\/li><li class=\"blocks-gallery-item\"><figure><img loading=\"lazy\" decoding=\"async\" width=\"1024\" height=\"683\" src=\"https:\/\/marcali.plebania.hu\/wp-content\/uploads\/2020\/11\/19-1-1024x683.jpg\" alt=\"\" data-id=\"2270\" data-full-url=\"https:\/\/marcali.plebania.hu\/wp-content\/uploads\/2020\/11\/19-1-scaled.jpg\" data-link=\"https:\/\/marcali.plebania.hu\/?attachment_id=2270\" class=\"wp-image-2270\" srcset=\"https:\/\/marcali.plebania.hu\/wp-content\/uploads\/2020\/11\/19-1-1024x683.jpg 1024w, https:\/\/marcali.plebania.hu\/wp-content\/uploads\/2020\/11\/19-1-300x200.jpg 300w, https:\/\/marcali.plebania.hu\/wp-content\/uploads\/2020\/11\/19-1-768x512.jpg 768w, https:\/\/marcali.plebania.hu\/wp-content\/uploads\/2020\/11\/19-1-1536x1024.jpg 1536w, https:\/\/marcali.plebania.hu\/wp-content\/uploads\/2020\/11\/19-1-2048x1365.jpg 2048w, https:\/\/marcali.plebania.hu\/wp-content\/uploads\/2020\/11\/19-1-405x270.jpg 405w\" sizes=\"auto, (max-width: 1024px) 100vw, 1024px\" \/><\/figure><\/li><\/ul><\/figure>\n\n\n\n<p>A szentbesz\u00e9det k\u00f6vet\u0151en a p\u00fcsp\u00f6ki irodaigazgat\u00f3 \u00f6sszesen 17, kilencedik oszt\u00e1lyos fiatalt r\u00e9szes\u00edtett a b\u00e9rm\u00e1l\u00e1s szents\u00e9g\u00e9ben, amit eredetileg m\u00e9g a tavasz v\u00e9g\u00e9re szerveztek volna, \u00e1m a koronav\u00edrus-j\u00e1rv\u00e1ny alaposan \u00e1t\u00edrta az akkori terveket. A jelenlegi rendk\u00edv\u00fcli helyzet miatt azonban mindenk\u00e9pp k\u00f6sz\u00f6net illeti \u0151ket, hogy ennek az \u00fcnnepnek a megtart\u00e1s\u00e1t m\u00e9g \u00edgy is ennyien felv\u00e1llalt\u00e1k \u2013 mondta el Iv\u00e1n atya. A b\u00e9rm\u00e1lkoz\u00f3k k\u00f6z\u00fcl h\u00e1rman k\u00f6nyvjutalomban is r\u00e9szes\u00fcltek. \u0150k a rendszeres, hossz\u00fa \u00e9vek \u00f3ta tart\u00f3 ministr\u00e1l\u00e1s\u00e9rt \u00e9s a zenekari szolg\u00e1latuk\u00e9rt \u00e9rdemelt\u00e9k ki az elismer\u00e9st.<\/p>\n\n\n\n<figure class=\"wp-block-gallery columns-3 is-cropped wp-block-gallery-4 is-layout-flex wp-block-gallery-is-layout-flex\"><ul class=\"blocks-gallery-grid\"><li class=\"blocks-gallery-item\"><figure><img loading=\"lazy\" decoding=\"async\" width=\"1024\" height=\"683\" src=\"https:\/\/marcali.plebania.hu\/wp-content\/uploads\/2020\/11\/20-1024x683.jpg\" alt=\"\" data-id=\"2271\" data-full-url=\"https:\/\/marcali.plebania.hu\/wp-content\/uploads\/2020\/11\/20-scaled.jpg\" data-link=\"https:\/\/marcali.plebania.hu\/?attachment_id=2271\" class=\"wp-image-2271\" srcset=\"https:\/\/marcali.plebania.hu\/wp-content\/uploads\/2020\/11\/20-1024x683.jpg 1024w, https:\/\/marcali.plebania.hu\/wp-content\/uploads\/2020\/11\/20-300x200.jpg 300w, https:\/\/marcali.plebania.hu\/wp-content\/uploads\/2020\/11\/20-768x512.jpg 768w, https:\/\/marcali.plebania.hu\/wp-content\/uploads\/2020\/11\/20-1536x1024.jpg 1536w, https:\/\/marcali.plebania.hu\/wp-content\/uploads\/2020\/11\/20-2048x1365.jpg 2048w, https:\/\/marcali.plebania.hu\/wp-content\/uploads\/2020\/11\/20-405x270.jpg 405w\" sizes=\"auto, (max-width: 1024px) 100vw, 1024px\" \/><\/figure><\/li><li class=\"blocks-gallery-item\"><figure><img loading=\"lazy\" decoding=\"async\" width=\"1024\" height=\"683\" src=\"https:\/\/marcali.plebania.hu\/wp-content\/uploads\/2020\/11\/21-1024x683.jpg\" alt=\"\" data-id=\"2272\" data-full-url=\"https:\/\/marcali.plebania.hu\/wp-content\/uploads\/2020\/11\/21-scaled.jpg\" data-link=\"https:\/\/marcali.plebania.hu\/?attachment_id=2272\" class=\"wp-image-2272\" srcset=\"https:\/\/marcali.plebania.hu\/wp-content\/uploads\/2020\/11\/21-1024x683.jpg 1024w, https:\/\/marcali.plebania.hu\/wp-content\/uploads\/2020\/11\/21-300x200.jpg 300w, https:\/\/marcali.plebania.hu\/wp-content\/uploads\/2020\/11\/21-768x512.jpg 768w, https:\/\/marcali.plebania.hu\/wp-content\/uploads\/2020\/11\/21-1536x1024.jpg 1536w, https:\/\/marcali.plebania.hu\/wp-content\/uploads\/2020\/11\/21-2048x1365.jpg 2048w, https:\/\/marcali.plebania.hu\/wp-content\/uploads\/2020\/11\/21-405x270.jpg 405w\" sizes=\"auto, (max-width: 1024px) 100vw, 1024px\" \/><\/figure><\/li><li class=\"blocks-gallery-item\"><figure><img loading=\"lazy\" decoding=\"async\" width=\"1024\" height=\"683\" src=\"https:\/\/marcali.plebania.hu\/wp-content\/uploads\/2020\/11\/22-1024x683.jpg\" alt=\"\" data-id=\"2273\" data-full-url=\"https:\/\/marcali.plebania.hu\/wp-content\/uploads\/2020\/11\/22-scaled.jpg\" data-link=\"https:\/\/marcali.plebania.hu\/?attachment_id=2273\" class=\"wp-image-2273\" srcset=\"https:\/\/marcali.plebania.hu\/wp-content\/uploads\/2020\/11\/22-1024x683.jpg 1024w, https:\/\/marcali.plebania.hu\/wp-content\/uploads\/2020\/11\/22-300x200.jpg 300w, https:\/\/marcali.plebania.hu\/wp-content\/uploads\/2020\/11\/22-768x512.jpg 768w, https:\/\/marcali.plebania.hu\/wp-content\/uploads\/2020\/11\/22-1536x1024.jpg 1536w, https:\/\/marcali.plebania.hu\/wp-content\/uploads\/2020\/11\/22-2048x1365.jpg 2048w, https:\/\/marcali.plebania.hu\/wp-content\/uploads\/2020\/11\/22-405x270.jpg 405w\" sizes=\"auto, (max-width: 1024px) 100vw, 1024px\" \/><\/figure><\/li><li class=\"blocks-gallery-item\"><figure><img loading=\"lazy\" decoding=\"async\" width=\"1024\" height=\"683\" src=\"https:\/\/marcali.plebania.hu\/wp-content\/uploads\/2020\/11\/23-1024x683.jpg\" alt=\"\" data-id=\"2274\" data-full-url=\"https:\/\/marcali.plebania.hu\/wp-content\/uploads\/2020\/11\/23-scaled.jpg\" data-link=\"https:\/\/marcali.plebania.hu\/?attachment_id=2274\" class=\"wp-image-2274\" srcset=\"https:\/\/marcali.plebania.hu\/wp-content\/uploads\/2020\/11\/23-1024x683.jpg 1024w, https:\/\/marcali.plebania.hu\/wp-content\/uploads\/2020\/11\/23-300x200.jpg 300w, https:\/\/marcali.plebania.hu\/wp-content\/uploads\/2020\/11\/23-768x512.jpg 768w, https:\/\/marcali.plebania.hu\/wp-content\/uploads\/2020\/11\/23-1536x1024.jpg 1536w, https:\/\/marcali.plebania.hu\/wp-content\/uploads\/2020\/11\/23-2048x1365.jpg 2048w, https:\/\/marcali.plebania.hu\/wp-content\/uploads\/2020\/11\/23-405x270.jpg 405w\" sizes=\"auto, (max-width: 1024px) 100vw, 1024px\" \/><\/figure><\/li><\/ul><\/figure>\n\n\n\n<p>A szentmis\u00e9n k\u00f6zrem\u0171k\u00f6d\u00f6tt a F\u00e9ny\nGyermekei Zenekar, valamint Balogh B\u00e1lint k\u00e1ntor orgon\u00e1n \u00e9s J\u00e1ki Zolt\u00e1n\nheged\u0171n.<\/p>\n","protected":false},"excerpt":{"rendered":"<p>2020. november 8-\u00e1n, vas\u00e1rnap 11.30 \u00f3rakor megtartott\u00e1k \u2013 az eredetileg tavaszra tervezett, \u00e1m koronav\u00edrus-j\u00e1rv\u00e1ny miatt akkor elhalasztott \u2013 b\u00e9rm\u00e1l\u00e1st Marcaliban, a Gy\u00fcm\u00f6lcsolt\u00f3 Boldogasszony pl\u00e9b\u00e1niatemplomban. Az \u00fcnnepi szentmis\u00e9n nemcsak a b\u00e9rm\u00e1lkoz\u00f3k, hanem a sz\u00fcl\u0151k, testv\u00e9rek, nagysz\u00fcl\u0151k, illetve rokonok, azaz mindenki csak a jelenleg \u00e9rv\u00e9nyben l\u00e9v\u0151 rendk\u00edv\u00fcli int\u00e9zked\u00e9sek (l\u00e1zm\u00e9r\u00e9s, k\u00e9zfert\u0151tlen\u00edt\u00e9s, sz\u00e1jmaszk, t\u00e1vols\u00e1gtart\u00e1s) betart\u00e1s\u00e1val vehetett r\u00e9szt. Az istentiszteletet Tomanek P\u00e9ter p\u00fcsp\u00f6ki irodaigazgat\u00f3 celebr\u00e1lta, akit az egyh\u00e1zk\u00f6zs\u00e9g nev\u00e9ben Kiss Iv\u00e1n c. pr\u00e9post, esperes-pl\u00e9b\u00e1nos \u00e9s Gelencs\u00e9r R\u00f3bert vil\u00e1gi eln\u00f6k, a b\u00e9rm\u00e1lkoz\u00f3k r\u00e9sz\u00e9r\u0151l k\u00e9t fiatal k\u00f6sz\u00f6nt\u00f6tt&#8230;.<\/p>\n<p class=\"read-more\"><a class=\"btn btn-default\" href=\"https:\/\/marcali.plebania.hu\/?p=2257\"> Read More<span class=\"screen-reader-text\">  Read More<\/span><\/a><\/p>\n","protected":false},"author":2,"featured_media":0,"comment_status":"closed","ping_status":"open","sticky":false,"template":"","format":"standard","meta":{"footnotes":""},"categories":[1],"tags":[],"class_list":["post-2257","post","type-post","status-publish","format-standard","hentry","category-egyeb"],"_links":{"self":[{"href":"https:\/\/marcali.plebania.hu\/index.php?rest_route=\/wp\/v2\/posts\/2257","targetHints":{"allow":["GET"]}}],"collection":[{"href":"https:\/\/marcali.plebania.hu\/index.php?rest_route=\/wp\/v2\/posts"}],"about":[{"href":"https:\/\/marcali.plebania.hu\/index.php?rest_route=\/wp\/v2\/types\/post"}],"author":[{"embeddable":true,"href":"https:\/\/marcali.plebania.hu\/index.php?rest_route=\/wp\/v2\/users\/2"}],"replies":[{"embeddable":true,"href":"https:\/\/marcali.plebania.hu\/index.php?rest_route=%2Fwp%2Fv2%2Fcomments&post=2257"}],"version-history":[{"count":1,"href":"https:\/\/marcali.plebania.hu\/index.php?rest_route=\/wp\/v2\/posts\/2257\/revisions"}],"predecessor-version":[{"id":2275,"href":"https:\/\/marcali.plebania.hu\/index.php?rest_route=\/wp\/v2\/posts\/2257\/revisions\/2275"}],"wp:attachment":[{"href":"https:\/\/marcali.plebania.hu\/index.php?rest_route=%2Fwp%2Fv2%2Fmedia&parent=2257"}],"wp:term":[{"taxonomy":"category","embeddable":true,"href":"https:\/\/marcali.plebania.hu\/index.php?rest_route=%2Fwp%2Fv2%2Fcategories&post=2257"},{"taxonomy":"post_tag","embeddable":true,"href":"https:\/\/marcali.plebania.hu\/index.php?rest_route=%2Fwp%2Fv2%2Ftags&post=2257"}],"curies":[{"name":"wp","href":"https:\/\/api.w.org\/{rel}","templated":true}]}}