{"id":2276,"date":"2020-11-11T08:47:05","date_gmt":"2020-11-11T08:47:05","guid":{"rendered":"https:\/\/marcali.plebania.hu\/?p=2276"},"modified":"2020-11-11T08:47:05","modified_gmt":"2020-11-11T08:47:05","slug":"a-marcali-romai-katolikus-plebania-legujabb-jarvanyugyi-intezkedesei","status":"publish","type":"post","link":"https:\/\/marcali.plebania.hu\/?p=2276","title":{"rendered":"A Marcali R\u00f3mai Katolikus pl\u00e9b\u00e1nia leg\u00fajabb j\u00e1rv\u00e1ny\u00fcgyi int\u00e9zked\u00e9sei"},"content":{"rendered":"\n<p>\u00d6sszhangban\naz MKPK \u00e9s a Kaposv\u00e1ri Egyh\u00e1zmegye rendelkez\u00e9seivel a k\u00f6vetkez\u0151 kieg\u00e9sz\u00edt\u0151\nrendelkez\u00e9sek l\u00e9pnek \u00e9letbe 2020. 11. 11-t\u0151l a Marcali Pl\u00e9b\u00e1nia eg\u00e9sz ter\u00fclet\u00e9n:<\/p>\n\n\n\n<ol class=\"wp-block-list\"><li>A pl\u00e9b\u00e1nia irod\u00e1ba az \u00fcgyint\u00e9z\u00e9s csak online form\u00e1ban\nt\u00f6rt\u00e9nhet (telefon: 85\/510-233, e-mail: <a href=\"mailto:marcaliplebania@gmail.com\">marcaliplebania@gmail.com<\/a>). Csak a\nlegsz\u00fcks\u00e9gesebb esetekben lehet szem\u00e9lyes kontaktus egy f\u0151 r\u00e9szv\u00e9tel\u00e9vel.<\/li><li>Pl\u00e9b\u00e1ni\u00e1nkon a k\u00f6z\u00f6ss\u00e9gi programokat \u00e9s oktat\u00e1sokat\nfelf\u00fcggesztj\u00fck, vagy a k\u00e9s\u0151bbiekben online fogjuk megtartani.<\/li><li>Templomainkban a nyilv\u00e1nos istentisztelet nem\nsz\u00fcnetel. Miserend: p\u00e9nteken \u00e9s szombaton 17 \u00f3rakor, vas\u00e1rnap a\npl\u00e9b\u00e1niatemplomban 9 \u00f3rakor, Gomb\u00e1n 11 \u00f3rakor, a B. Gizella templomban 17\n\u00f3rakor.<\/li><li>A temet\u00e9si szentmis\u00e9k sz\u00fcnetelnek, a j\u00e1rv\u00e1ny elm\u00falta\nut\u00e1n p\u00f3tolni fogjuk.<\/li><li>Templomainkban olyan m\u00f3don alak\u00edtjuk ki az \u00fcl\u00e9srendet,\nhogy 1,5 m-es t\u00e1vols\u00e1g a h\u00edvek k\u00f6z\u00f6tt meglegyen. Bel\u00e9pni csak a testh\u0151m\u00e9rs\u00e9klet\nmegm\u00e9r\u00e9se \u00e9s a k\u00e9zfert\u0151tlen\u00edt\u00e9s ut\u00e1n lehet. A sz\u00e1jmaszk haszn\u00e1lata k\u00f6telez\u0151!<\/li><li>Varga L\u00e1szl\u00f3 megy\u00e9sp\u00fcsp\u00f6k a vas\u00e1rnapi szentmis\u00e9ken\nval\u00f3 r\u00e9szv\u00e9tel k\u00f6telezetts\u00e9ge al\u00f3l felment\u00e9st adott mindazoknak, akiknek a\nr\u00e9szv\u00e9tel komoly neh\u00e9zs\u00e9get \u00e9s kock\u00e1zatot okozna. Tov\u00e1bb\u00e1 a megy\u00e9sp\u00fcsp\u00f6k\nfelhatalmaz\u00e1st adott a gy\u00f3ntat\u00e1si fakult\u00e1ssal rendelkez\u0151 papoknak, hogy a\nmeghirdetett felt\u00e9telekkel \u00e1ltal\u00e1nos feloldoz\u00e1st adjanak. A f\u0151p\u00e1sztor\nfelhatalmazta a pl\u00e9b\u00e1nosokat, hogy a szentmis\u00e9k rendj\u00e9t a saj\u00e1t helyzet\u00fcknek\nmegfelel\u0151en alak\u00edthatj\u00e1k.<\/li><li>Az esk\u00fcv\u0151k\u00f6n \u00e9s temet\u00e9seken az \u00e1llami rendelkez\u00e9sek az\nir\u00e1nyad\u00f3k.<\/li><li>Az eddig f\u00f6lvett keresztel\u00e9seket megtartjuk a legsz\u0171kebb\ncsal\u00e1di r\u00e9szv\u00e9tellel.<\/li><\/ol>\n\n\n\n<p class=\"has-text-align-center\">Kiss Iv\u00e1n<\/p>\n\n\n\n<p class=\"has-text-align-center\">c. pr\u00e9post, esperes-pl\u00e9b\u00e1nos<\/p>\n","protected":false},"excerpt":{"rendered":"<p>\u00d6sszhangban az MKPK \u00e9s a Kaposv\u00e1ri Egyh\u00e1zmegye rendelkez\u00e9seivel a k\u00f6vetkez\u0151 kieg\u00e9sz\u00edt\u0151 rendelkez\u00e9sek l\u00e9pnek \u00e9letbe 2020. 11. 11-t\u0151l a Marcali Pl\u00e9b\u00e1nia eg\u00e9sz ter\u00fclet\u00e9n: A pl\u00e9b\u00e1nia irod\u00e1ba az \u00fcgyint\u00e9z\u00e9s csak online form\u00e1ban t\u00f6rt\u00e9nhet (telefon: 85\/510-233, e-mail: marcaliplebania@gmail.com). Csak a legsz\u00fcks\u00e9gesebb esetekben lehet szem\u00e9lyes kontaktus egy f\u0151 r\u00e9szv\u00e9tel\u00e9vel. Pl\u00e9b\u00e1ni\u00e1nkon a k\u00f6z\u00f6ss\u00e9gi programokat \u00e9s oktat\u00e1sokat felf\u00fcggesztj\u00fck, vagy a k\u00e9s\u0151bbiekben online fogjuk megtartani. Templomainkban a nyilv\u00e1nos istentisztelet nem sz\u00fcnetel. Miserend: p\u00e9nteken \u00e9s szombaton 17 \u00f3rakor, vas\u00e1rnap a pl\u00e9b\u00e1niatemplomban 9 \u00f3rakor, Gomb\u00e1n 11 \u00f3rakor, a B&#8230;.<\/p>\n<p class=\"read-more\"><a class=\"btn btn-default\" href=\"https:\/\/marcali.plebania.hu\/?p=2276\"> Read More<span class=\"screen-reader-text\">  Read More<\/span><\/a><\/p>\n","protected":false},"author":2,"featured_media":0,"comment_status":"closed","ping_status":"open","sticky":false,"template":"","format":"standard","meta":{"footnotes":""},"categories":[1],"tags":[],"class_list":["post-2276","post","type-post","status-publish","format-standard","hentry","category-egyeb"],"_links":{"self":[{"href":"https:\/\/marcali.plebania.hu\/index.php?rest_route=\/wp\/v2\/posts\/2276","targetHints":{"allow":["GET"]}}],"collection":[{"href":"https:\/\/marcali.plebania.hu\/index.php?rest_route=\/wp\/v2\/posts"}],"about":[{"href":"https:\/\/marcali.plebania.hu\/index.php?rest_route=\/wp\/v2\/types\/post"}],"author":[{"embeddable":true,"href":"https:\/\/marcali.plebania.hu\/index.php?rest_route=\/wp\/v2\/users\/2"}],"replies":[{"embeddable":true,"href":"https:\/\/marcali.plebania.hu\/index.php?rest_route=%2Fwp%2Fv2%2Fcomments&post=2276"}],"version-history":[{"count":1,"href":"https:\/\/marcali.plebania.hu\/index.php?rest_route=\/wp\/v2\/posts\/2276\/revisions"}],"predecessor-version":[{"id":2277,"href":"https:\/\/marcali.plebania.hu\/index.php?rest_route=\/wp\/v2\/posts\/2276\/revisions\/2277"}],"wp:attachment":[{"href":"https:\/\/marcali.plebania.hu\/index.php?rest_route=%2Fwp%2Fv2%2Fmedia&parent=2276"}],"wp:term":[{"taxonomy":"category","embeddable":true,"href":"https:\/\/marcali.plebania.hu\/index.php?rest_route=%2Fwp%2Fv2%2Fcategories&post=2276"},{"taxonomy":"post_tag","embeddable":true,"href":"https:\/\/marcali.plebania.hu\/index.php?rest_route=%2Fwp%2Fv2%2Ftags&post=2276"}],"curies":[{"name":"wp","href":"https:\/\/api.w.org\/{rel}","templated":true}]}}